{"id":12187,"date":"2016-09-25T13:42:37","date_gmt":"2016-09-25T16:42:37","guid":{"rendered":"https:\/\/pcb.org.br\/portal2\/?p=12187"},"modified":"2016-09-27T11:55:37","modified_gmt":"2016-09-27T14:55:37","slug":"tulio-lopes-belo-horizonte","status":"publish","type":"post","link":"https:\/\/pcb.org.br\/portal2\/12187","title":{"rendered":"T\u00falio Lopes (Belo Horizonte)"},"content":{"rendered":"<p><iframe loading=\"lazy\" style=\"border: none; overflow: hidden;\" src=\"https:\/\/www.facebook.com\/plugins\/post.php?href=https%3A%2F%2Fwww.facebook.com%2Fphoto.php%3Ffbid%3D1374808485881310%26set%3Da.151099398252231.27078.100000565142657%26type%3D3&amp;width=500\" width=\"500\" height=\"775\" frameborder=\"0\" scrolling=\"no\"><\/iframe><!--more--><\/p>\n<p>Site: <a href=\"http:\/\/www.professortuliolopes.com.br\/\" target=\"_blank\" rel=\"nofollow\" data-saferedirecturl=\"https:\/\/www.google.com\/url?hl=pt-BR&amp;q=http:\/\/www.professortuliolopes.com.br\/&amp;source=gmail&amp;ust=1475073701078000&amp;usg=AFQjCNHEfs7_LObSTKLz7e057VMlJFShiQ\">http:\/\/www.<wbr \/>professortuliolopes.com.br\/<\/a><\/p>\n<p>Blog: <a href=\"http:\/\/www.professortuliolopes.blogspot.com\/\" target=\"_blank\" rel=\"nofollow\" data-saferedirecturl=\"https:\/\/www.google.com\/url?hl=pt-BR&amp;q=http:\/\/www.professortuliolopes.blogspot.com\/&amp;source=gmail&amp;ust=1475073701078000&amp;usg=AFQjCNH0jJwvvGyQViCRwMddmfb1sC08lQ\">http:\/\/www.<wbr \/>professortuliolopes.blogspot.<wbr \/>com\/<\/a><\/p>\n<p>Facebook: <a href=\"https:\/\/www.facebook.com\/tuliolopespcb\/\" target=\"_blank\" rel=\"nofollow\" data-saferedirecturl=\"https:\/\/www.google.com\/url?hl=pt-BR&amp;q=https:\/\/www.facebook.com\/tuliolopespcb\/&amp;source=gmail&amp;ust=1475073701078000&amp;usg=AFQjCNFdSwnst1IEpU5Zu3rDVs752kdmVA\">https:\/\/www.facebook.com\/<wbr \/>tuliolopespcb\/<\/a><\/p>\n<p>T\u00falio Lopes, 34 anos, \u00e9 T\u00e9cnico em Contabilidade, Graduado em Hist\u00f3ria (UFOP), Especialista em Hist\u00f3ria e Cultura Pol\u00edtica (UFMG) e Mestre em Educa\u00e7\u00e3o (UFMG), professor de Hist\u00f3ria e Atualidades. Trabalhou em escolas da rede municipal de Contagem, da Rede P\u00fablica Estadual e na Universidade do Estado de Minas Gerais.<\/p>\n<p>Iniciou sua milit\u00e2ncia pol\u00edtica no movimento estudantil. Foi coordenador do Gr\u00eamio Estudantil do Col\u00e9gio Padre Eust\u00e1quio (2000), diretor da Uni\u00e3o Municipal dos Estudantes Secundaristas de Belo Horizonte \u2013 UMES \u2013 BH (2000-2001), do Centro Acad\u00eamico de Hist\u00f3ria da UFOP (2002-2004), Diret\u00f3rio Central dos Estudantes da Universidade Federal de Ouro Preto &#8211; UFOP (2003-2005) e\u00a0da Uni\u00e3o Estadual dos Estudantes de Minas Gerais (2004-2007).<\/p>\n<p>Foi eleito para o Conselho Geral do Sind-UTE \u2013 Minas Gerais (2012) e para a diretoria da Associa\u00e7\u00e3o dos Moradores do Bairro da Gra\u00e7a \u2013 Belo Horizonte (2009-2013). Participou do\u00a0Comit\u00ea Mineiro do F\u00f3rum Social Mundial e do Comit\u00ea Mineiro de apoio e solidariedade ao Povo Palestino.Participa da Casa da Am\u00e9rica Latina \u2013 CAL BH, da Frente Independente pela Mem\u00f3ria, Verdade e Justi\u00e7a de Minas Gerais e do Instituto Caio Prado Junior \u2013 Minas Gerais.<\/p>\n<p>Foi Secret\u00e1rio Geral da Uni\u00e3o da Juventude Comunista \u2013 UJC \u2013 Brasil representando a UJC em atividades da Federa\u00e7\u00e3o Mundial das Juventudes Democr\u00e1ticas \u2013 FMJD em Cuba, na Col\u00f4mbia, no Chile, na Venezuela e na \u00c1frica do Sul.<\/p>\n<p>\u00c9 o atual Secret\u00e1rio Pol\u00edtico do Partido Comunista Brasileiro &#8211; PCB em Minas Gerais, membro do Comit\u00ea Central do PCB e da Corrente Sindical UNIDADE CLASSISTA.<\/p>\n","protected":false},"excerpt":{"rendered":"<a class=\"moretag\" href=\"https:\/\/pcb.org.br\/portal2\/12187\"> <\/a>","protected":false},"author":1,"featured_media":0,"comment_status":"closed","ping_status":"closed","sticky":false,"template":"","format":"standard","meta":{"jetpack_post_was_ever_published":false,"_jetpack_newsletter_access":"","_jetpack_dont_email_post_to_subs":false,"_jetpack_newsletter_tier_id":0,"_jetpack_memberships_contains_paywalled_content":false,"_jetpack_memberships_contains_paid_content":false,"footnotes":"","jetpack_publicize_message":"","jetpack_publicize_feature_enabled":true,"jetpack_social_post_already_shared":true,"jetpack_social_options":{"image_generator_settings":{"template":"highway","default_image_id":0,"font":"","enabled":false},"version":2}},"categories":[191],"tags":[],"class_list":["post-12187","post","type-post","status-publish","format-standard","hentry","category-eleicoes-2016"],"jetpack_publicize_connections":[],"jetpack_featured_media_url":"","jetpack_shortlink":"https:\/\/wp.me\/p659gw-3az","jetpack-related-posts":[],"jetpack_likes_enabled":true,"jetpack_sharing_enabled":true,"_links":{"self":[{"href":"https:\/\/pcb.org.br\/portal2\/wp-json\/wp\/v2\/posts\/12187","targetHints":{"allow":["GET"]}}],"collection":[{"href":"https:\/\/pcb.org.br\/portal2\/wp-json\/wp\/v2\/posts"}],"about":[{"href":"https:\/\/pcb.org.br\/portal2\/wp-json\/wp\/v2\/types\/post"}],"author":[{"embeddable":true,"href":"https:\/\/pcb.org.br\/portal2\/wp-json\/wp\/v2\/users\/1"}],"replies":[{"embeddable":true,"href":"https:\/\/pcb.org.br\/portal2\/wp-json\/wp\/v2\/comments?post=12187"}],"version-history":[{"count":0,"href":"https:\/\/pcb.org.br\/portal2\/wp-json\/wp\/v2\/posts\/12187\/revisions"}],"wp:attachment":[{"href":"https:\/\/pcb.org.br\/portal2\/wp-json\/wp\/v2\/media?parent=12187"}],"wp:term":[{"taxonomy":"category","embeddable":true,"href":"https:\/\/pcb.org.br\/portal2\/wp-json\/wp\/v2\/categories?post=12187"},{"taxonomy":"post_tag","embeddable":true,"href":"https:\/\/pcb.org.br\/portal2\/wp-json\/wp\/v2\/tags?post=12187"}],"curies":[{"name":"wp","href":"https:\/\/api.w.org\/{rel}","templated":true}]}}