{"id":12233,"date":"2016-10-01T19:48:51","date_gmt":"2016-10-01T22:48:51","guid":{"rendered":"https:\/\/pcb.org.br\/portal2\/?p=12233"},"modified":"2016-10-24T12:48:35","modified_gmt":"2016-10-24T15:48:35","slug":"coordenadores-da-liga-dos-camponeses-pobres-sao-brutalmente-assassinados-em-rondonia","status":"publish","type":"post","link":"https:\/\/pcb.org.br\/portal2\/12233","title":{"rendered":"Coordenadores da Liga dos Camponeses Pobres s\u00e3o brutalmente assassinados em Rond\u00f4nia"},"content":{"rendered":"<p><img data-recalc-dims=\"1\" decoding=\"async\" class=\"imagem\" title=\"imagem\" src=\"https:\/\/i0.wp.com\/gz.diarioliberdade.org\/media\/k2\/items\/cache\/93133d5f09872f05c62292a51a52c104_L.jpg?w=747&#038;ssl=1\" alt=\"imagem\" \/>No \u00faltimo dia 13 de setembro, antes das 8 horas da manh\u00e3, Edilene Mateus Porto e Izaque Dias Ferreira foram assassinados, quando se deslocavam de moto para plantar capim, no lote deles, localizado na \u00c1rea Revolucion\u00e1ria 10 de maio, na linha C-54, no munic\u00edpio de Alto Para\u00edso. Antes de chegarem \u00e0 ro\u00e7a, eles foram v\u00edtimas de uma emboscada, atingidos por disparos de espingarda calibre 12. Segundo informa\u00e7\u00f5es de moradores havia perfura\u00e7\u00f5es de outros dois calibres diferentes. Eles deixaram uma filha de 7 anos. Os dois eram ativos camponeses da <!--more-->\u00e1rea e coordenadores da LCP e por isso foram assassinados. Certamente, os autores de mais este crime b\u00e1rbaro s\u00e3o os latifundi\u00e1rios grileiros de terras e assassinos, que com seus bandos de pistoleiros e policiais, t\u00eam promovido o terror em Rond\u00f4nia, onde quer que os camponeses se levantem para lutar pelo sagrado direito \u00e0 terra.<\/p>\n<p>Como a maioria dos camponeses de Buritis e regi\u00e3o, as fam\u00edlias de Edilene e Izaque conquistaram seus lotes lutando. Desde o in\u00edcio da luta da \u00e1rea 10 de maio, quando ainda era acampamento, o casal participava ativamente na luta das fam\u00edlias. Com comiss\u00f5es dos moradores, eles participavam de reuni\u00f5es, atos e audi\u00eancias p\u00fablicas em Monte Negro, Buritis, Ariquemes, Porto Velho e at\u00e9 Bras\u00edlia, sempre lutando pelos direitos dos camponeses, como transporte escolar para as crian\u00e7as, cria\u00e7\u00e3o de gado, o fim das amea\u00e7as de despejo e a conquista da terra. Com coragem, eles fotografavam e denunciavam atos criminosos de policiais e pistoleiros, a mando de latifundi\u00e1rios da regi\u00e3o. Junto de todas as fam\u00edlias, resistiram a v\u00e1rias tentativas de despejo e organizaram a defesa das fam\u00edlias enquanto produziam em seus lotes, onde antes de 2014 era a fazenda Formosa, terras p\u00fablicas griladas pelo latifundi\u00e1rio Caubi Moreira Quito.<\/p>\n<p>Edilene e Izaque conheciam e apoiavam a LCP desde quando come\u00e7amos a atuar no Vale do Jamari. Aproximaram-se mais em 2014, quando retomaram a luta do Acampamento 10 de maio, junto de mais de 60 fam\u00edlias. Participaram de v\u00e1rios encontros, congressos, manifesta\u00e7\u00f5es, cursos de forma\u00e7\u00e3o, reuni\u00f5es. No 6\u00ba Congresso da LCP, ocorrido em agosto e setembro de 2014, ele foi eleito coordenador, junto de seu companheiro de acampamento, Enilson Ribeiro, assassinado covardemente em Jaru, no \u00faltimo dia 23 de janeiro, em plena luz do dia.<\/p>\n<p><strong>Mortes anunciadas<\/strong><\/p>\n<p>Pela atua\u00e7\u00e3o destacada de Edilene e Izaque, eles e outras lideran\u00e7as camponesas j\u00e1 vinham sofrendo v\u00e1rias amea\u00e7as de morte. Corria o coment\u00e1rio na regi\u00e3o de Buritis que pistoleiros estavam com uma lista de nome de companheiros para assassinar, inclusive dos dois. Em 17 de dezembro de 2014, eles sofreram um atentado, quando retornavam de uma reuni\u00e3o no Incra de Porto Velho, onde denunciaram crimes praticados pelos policiais militares de Buritis Dirceu, Rivelino e Edelvan (Zeca Urubu).<\/p>\n<p>Em outubro de 2015, em Ariquemes, Izaque, Edilene e v\u00e1rios outros camponeses da \u00c1rea 10 de maio e da LCP foram seguidos por um carro sedam Slogan, cor prata, de placa EDJ-4960, de Porto Velho. No in\u00edcio de mar\u00e7o, durante reuni\u00f5es com o Ouvidor Nacional dos latifundi\u00e1rios Gercino da Silva, na capital, camponeses desconfiaram de dois homens estranhos que ficavam nas salas e corredores e que deram respostas vagas sobre o que faziam ali. Expediente corriqueiro do Incra, provavelmente eram policiais do servi\u00e7o reservado (P2) ou chefes de pistolagem, com a tarefa de identificar lideran\u00e7as camponesas.<\/p>\n<p>Todos estes fatos foram amplamente denunciados, mas como sempre, nenhum \u00f3rg\u00e3o do velho Estado, servi\u00e7al dos latifundi\u00e1rios tomou nenhuma medida concreta para preservar a vida destes valorosos lutadores. Contando com os pr\u00f3prios recursos, que sempre \u00e9 pouco para aqueles que vivem do pr\u00f3prio suor, eles passaram um tempo fora da \u00e1rea 10 de maio, mas tiveram que retornar recentemente.<\/p>\n<p><strong>O sangue rega a revolu\u00e7\u00e3o<\/strong><\/p>\n<p>Os latifundi\u00e1rios do Vale do Jamari, criaram uma organiza\u00e7\u00e3o terrorista, respons\u00e1vel por cal\u00fanias e difama\u00e7\u00f5es, despejos violentos,\u00a0persegui\u00e7\u00f5es, atentados, pris\u00f5es, agress\u00f5es e torturas, sequestro, desaparecimentos, assassinato de camponeses, ativistas e lideran\u00e7as e outros crimes contra os camponeses da regi\u00e3o. Desde o in\u00edcio do ano, quando nomeou comandante geral da PM \u00canedy Dias, o antigo inimigo dos camponeses e c\u00e3o de guarda dos latifundi\u00e1rios, o gerente estadual Conf\u00facio Moura\/PMDB tem aplicado terrorismo de Estado contra camponeses pobres em luta pela terra, nos quatro cantos de Rond\u00f4nia.<\/p>\n<p>Conf\u00facio e \u00canedy t\u00eam comandado uma verdadeira ca\u00e7ada \u00e0s lideran\u00e7as mais conscientes, combativas e organizadas da luta pela terra, aos melhores filhos do povo que dedicam suas vidas, trabalho e luta pela Revolu\u00e7\u00e3o Agr\u00e1ria.<\/p>\n<p>Engana-se, senhor Conf\u00facio Moura\/PMDB, engana-se senhor \u00canedy Dias, enganam-se senhores latifundi\u00e1rios se pensam que afogar\u00e3o a luta dos camponeses com o sangue dos nossos. Isso s\u00f3 faz aumentar nossa ira represada. E dizemos: aproveitem enquanto podem o luxo que voc\u00eas usufruem, custeado por uma grande parte dos impostos usurpados da maioria da popula\u00e7\u00e3o brasileira, custeado pelo suor e sangue de milhares de camponeses pobres sem terra ou com pouca terra. Aproveitem o pouco tempo que lhes resta, porque a turba de camponeses pobres faz avan\u00e7ar a Revolu\u00e7\u00e3o Agr\u00e1ria, que tomar\u00e1 todas as terras do latif\u00fandio, estremecer\u00e1 os campos brasileiros e varrer\u00e1 o sistema latifundi\u00e1rio podre e retr\u00f3grado, apoiado pela grande burguesia e pelo imperialismo. Por isso lutaram Edilene, Izaque, Enilson, Renato Nathan, Cleomar, Z\u00e9 Ricardo, Z\u00e9 Bent\u00e3o e tantos outros camponeses e lideran\u00e7as. Por eles, ergueremos ainda mais alto a bandeira da Revolu\u00e7\u00e3o Agr\u00e1ria!<\/p>\n<p><strong>Lutar pela terra n\u00e3o \u00e9 crime!<\/strong><br \/>\n<strong>Viva a Revolu\u00e7\u00e3o Agr\u00e1ria! Morte ao latif\u00fandio!<\/strong><br \/>\n<strong>Honra e gl\u00f3ria eternas \u00e0s hero\u00ednas e her\u00f3is do povo brasileiro!<\/strong><\/p>\n<p><strong>Companheira Edilene, presente na luta!<\/strong><br \/>\n<strong>Companheiro Izaque, presente na luta!<\/strong><\/p>\n<p><strong>LCP \u2013 Liga dos Camponeses Pobres de Rond\u00f4nia e Amaz\u00f4nia Ocidental<\/strong><\/p>\n<p>Fonte: <a href=\"http:\/\/www.resistenciacamponesa.com\/\" target=\"_blank\">Resist\u00eancia Camponesa<\/a><\/p>\n<p>https:\/\/gz.diarioliberdade.org\/artigos-em-destaque\/item\/69462-coordenadores-da-liga-dos-camponeses-pobres-sao-brutalmente-assassinados-em-rondonia.html<\/p>\n","protected":false},"excerpt":{"rendered":"No \u00faltimo dia 13 de setembro, antes das 8 horas da manh\u00e3, Edilene Mateus Porto e Izaque Dias Ferreira foram assassinados, quando se \n<a class=\"moretag\" href=\"https:\/\/pcb.org.br\/portal2\/12233\"> <\/a>","protected":false},"author":1,"featured_media":0,"comment_status":"closed","ping_status":"closed","sticky":false,"template":"","format":"standard","meta":{"jetpack_post_was_ever_published":false,"_jetpack_newsletter_access":"","_jetpack_dont_email_post_to_subs":true,"_jetpack_newsletter_tier_id":0,"_jetpack_memberships_contains_paywalled_content":false,"_jetpack_memberships_contains_paid_content":false,"footnotes":"","jetpack_publicize_message":"","jetpack_publicize_feature_enabled":true,"jetpack_social_post_already_shared":true,"jetpack_social_options":{"image_generator_settings":{"template":"highway","default_image_id":0,"font":"","enabled":false},"version":2}},"categories":[71],"tags":[],"class_list":["post-12233","post","type-post","status-publish","format-standard","hentry","category-c84-solidariedade"],"jetpack_publicize_connections":[],"jetpack_featured_media_url":"","jetpack_shortlink":"https:\/\/wp.me\/p659gw-3bj","jetpack-related-posts":[],"jetpack_likes_enabled":true,"jetpack_sharing_enabled":true,"_links":{"self":[{"href":"https:\/\/pcb.org.br\/portal2\/wp-json\/wp\/v2\/posts\/12233","targetHints":{"allow":["GET"]}}],"collection":[{"href":"https:\/\/pcb.org.br\/portal2\/wp-json\/wp\/v2\/posts"}],"about":[{"href":"https:\/\/pcb.org.br\/portal2\/wp-json\/wp\/v2\/types\/post"}],"author":[{"embeddable":true,"href":"https:\/\/pcb.org.br\/portal2\/wp-json\/wp\/v2\/users\/1"}],"replies":[{"embeddable":true,"href":"https:\/\/pcb.org.br\/portal2\/wp-json\/wp\/v2\/comments?post=12233"}],"version-history":[{"count":0,"href":"https:\/\/pcb.org.br\/portal2\/wp-json\/wp\/v2\/posts\/12233\/revisions"}],"wp:attachment":[{"href":"https:\/\/pcb.org.br\/portal2\/wp-json\/wp\/v2\/media?parent=12233"}],"wp:term":[{"taxonomy":"category","embeddable":true,"href":"https:\/\/pcb.org.br\/portal2\/wp-json\/wp\/v2\/categories?post=12233"},{"taxonomy":"post_tag","embeddable":true,"href":"https:\/\/pcb.org.br\/portal2\/wp-json\/wp\/v2\/tags?post=12233"}],"curies":[{"name":"wp","href":"https:\/\/api.w.org\/{rel}","templated":true}]}}