{"id":12268,"date":"2016-10-05T19:23:09","date_gmt":"2016-10-05T22:23:09","guid":{"rendered":"https:\/\/pcb.org.br\/portal2\/?p=12268"},"modified":"2016-11-04T16:06:46","modified_gmt":"2016-11-04T19:06:46","slug":"o-governo-de-esquerda-syriza-anel-atacou-a-grande-manifestacao-dos-aposentados-com-gas-lacrimogeneo","status":"publish","type":"post","link":"https:\/\/pcb.org.br\/portal2\/12268","title":{"rendered":"O governo \u201cde esquerda\u201d SYRIZA-ANEL atacou a grande manifesta\u00e7\u00e3o dos aposentados com g\u00e1s lacrimog\u00eaneo"},"content":{"rendered":"<p><img data-recalc-dims=\"1\" decoding=\"async\" class=\"imagem\" title=\"imagem\" src=\"https:\/\/i0.wp.com\/es.kke.gr\/export\/sites\/inter\/.content\/images\/news\/syntaxioyxoi-kinhtopoihsh-3-10-39_0.jpg_1897020505.jpg?w=747\" alt=\"imagem\" \/>O governo \u201cdeu as boas-vindas\u201d \u00e0 grande mobiliza\u00e7\u00e3o dos aposentados em Atenas, no dia 03 de outubro de 2016, com cassetetes e g\u00e1s lacrimog\u00eaneo da pol\u00edcia.<\/p>\n<p>Os aposentados que protestavam contra o novo corte em suas pens\u00f5es, desta vez implementada pelo governo SYRIZA-ANEL, exigiram a retirada das caminhonetes da pol\u00edcia que estavam bloqueando a passagem da mobiliza\u00e7\u00e3o e, tamb\u00e9m, um encontro com o primeiro-ministro, A.Tsipras. No entanto, a \u201cresposta\u201d da pol\u00edcia a esta demanda foi o disparo de g\u00e1s lacrimog\u00eaneo e o uso de cassetetes para dispersar a mobiliza\u00e7\u00e3o.<!--more--><\/p>\n<p>Participou da mobiliza\u00e7\u00e3o, entre outros, o deputado do KKE, Christos Katsotis, que protestou intensamente contra as for\u00e7as policiais por seu ataque aos aposentados.<\/p>\n<p>O KKE, o PAME e dezenas de sindicatos oper\u00e1rios de todo o pa\u00eds emitiram comunicados denunciando o ataque. O Escrit\u00f3rio de Imprensa do CC do KKE mencionou em seu comunicado que: <em><i>\u201co governo SYRIZA-ANEL mostrou sua verdadeira face ao ordenar um ataque com for\u00e7as antidist\u00farbios e g\u00e1s lacrimog\u00eaneo contra os aposentados que estavam protestando por conta dos cortes em suas pens\u00f5es, pedindo um encontro com o primeiro-ministro. Demonstrou-se, mais uma vez, que a implementa\u00e7\u00e3o da pol\u00edtica antioper\u00e1ria e antipopular caminha de m\u00e3os dadas com a repress\u00e3o e o autoritarismo contra os trabalhadores e as camadas populares que lutam por seus direitos\u201d<\/i><\/em>.<\/p>\n<p>V\u00eddeo: <a href=\"https:\/\/www.youtube.com\/watch?time_continue=302&amp;v=fm6UB1NwC_A\" target=\"_blank\">https:\/\/www.youtube.com\/watch?time_continue=302&amp;v=fm6UB1NwC_A<\/a><\/p>\n<p>Fonte: <a href=\"http:\/\/es.kke.gr\/es\/articles\/El-gobierno-de-izquierda-de-SYRIZA-ANEL-ataco-la-gran-manifestacion-de-los-jubilados-con-gas-lacrimogeno\/\" target=\"_blank\">http:\/\/es.kke.gr\/es\/articles\/El-gobierno-de-izquierda-de-SYRIZA-ANEL-ataco-la-gran-manifestacion-de-los-jubilados-con-gas-lacrimogeno\/<\/a><\/p>\n<p><strong><em><b><i>Tradu\u00e7\u00e3o: Partido Comunista Brasileiro (PCB)<\/i><\/b><\/em><\/strong><\/p>\n","protected":false},"excerpt":{"rendered":"O governo \u201cdeu as boas-vindas\u201d \u00e0 grande mobiliza\u00e7\u00e3o dos aposentados em Atenas, no dia 03 de outubro de 2016, com cassetetes e g\u00e1s \n<a class=\"moretag\" href=\"https:\/\/pcb.org.br\/portal2\/12268\"> <\/a>","protected":false},"author":1,"featured_media":0,"comment_status":"closed","ping_status":"closed","sticky":false,"template":"","format":"standard","meta":{"jetpack_post_was_ever_published":false,"_jetpack_newsletter_access":"","_jetpack_dont_email_post_to_subs":true,"_jetpack_newsletter_tier_id":0,"_jetpack_memberships_contains_paywalled_content":false,"_jetpack_memberships_contains_paid_content":false,"footnotes":"","jetpack_publicize_message":"","jetpack_publicize_feature_enabled":true,"jetpack_social_post_already_shared":true,"jetpack_social_options":{"image_generator_settings":{"template":"highway","default_image_id":0,"font":"","enabled":false},"version":2}},"categories":[107],"tags":[],"class_list":["post-12268","post","type-post","status-publish","format-standard","hentry","category-c120-grecia"],"jetpack_publicize_connections":[],"jetpack_featured_media_url":"","jetpack_shortlink":"https:\/\/wp.me\/p659gw-3bS","jetpack-related-posts":[],"jetpack_likes_enabled":true,"jetpack_sharing_enabled":true,"_links":{"self":[{"href":"https:\/\/pcb.org.br\/portal2\/wp-json\/wp\/v2\/posts\/12268","targetHints":{"allow":["GET"]}}],"collection":[{"href":"https:\/\/pcb.org.br\/portal2\/wp-json\/wp\/v2\/posts"}],"about":[{"href":"https:\/\/pcb.org.br\/portal2\/wp-json\/wp\/v2\/types\/post"}],"author":[{"embeddable":true,"href":"https:\/\/pcb.org.br\/portal2\/wp-json\/wp\/v2\/users\/1"}],"replies":[{"embeddable":true,"href":"https:\/\/pcb.org.br\/portal2\/wp-json\/wp\/v2\/comments?post=12268"}],"version-history":[{"count":0,"href":"https:\/\/pcb.org.br\/portal2\/wp-json\/wp\/v2\/posts\/12268\/revisions"}],"wp:attachment":[{"href":"https:\/\/pcb.org.br\/portal2\/wp-json\/wp\/v2\/media?parent=12268"}],"wp:term":[{"taxonomy":"category","embeddable":true,"href":"https:\/\/pcb.org.br\/portal2\/wp-json\/wp\/v2\/categories?post=12268"},{"taxonomy":"post_tag","embeddable":true,"href":"https:\/\/pcb.org.br\/portal2\/wp-json\/wp\/v2\/tags?post=12268"}],"curies":[{"name":"wp","href":"https:\/\/api.w.org\/{rel}","templated":true}]}}