{"id":12275,"date":"2016-10-06T15:44:13","date_gmt":"2016-10-06T18:44:13","guid":{"rendered":"https:\/\/pcb.org.br\/portal2\/?p=12275"},"modified":"2017-08-24T22:36:28","modified_gmt":"2017-08-25T01:36:28","slug":"apos-protestos-de-mulheres-governo-da-polonia-recua-e-tira-apoio-a-proibicao-total-do-aborto","status":"publish","type":"post","link":"https:\/\/pcb.org.br\/portal2\/12275","title":{"rendered":"Ap\u00f3s protestos de mulheres, governo da Pol\u00f4nia recua e tira apoio \u00e0 proibi\u00e7\u00e3o total do aborto"},"content":{"rendered":"<p><img data-recalc-dims=\"1\" decoding=\"async\" class=\"imagem\" title=\"imagem\" src=\"https:\/\/i0.wp.com\/operamundi.uol.com.br\/media\/images\/poloniaaborto.jpg?w=747\" alt=\"imagem\" \/>Ag\u00eancia Efe | Vars\u00f3via &#8211; 05\/10\/2016 &#8211; 14h43 Vice-premi\u00ea disse que &#8220;n\u00e3o ser\u00e1 aprovado um projeto de lei que pro\u00edba o aborto nos casos em que a mulher seja v\u00edtima de estupro ou quando sua vida ou sua sa\u00fade correrem perigo&#8221;<!--more--><\/p>\n<p>O vice-primeiro-ministro da Pol\u00f4nia, Jaroslaw Gowin, reconheceu nesta quarta-feira (05\/10) que os protestos maci\u00e7os de mulheres na \u00faltima segunda-feira (03\/10), contra a proibi\u00e7\u00e3o total do aborto, fizeram seu partido \u201cpensar\u201d, e afirmou que o parlamento n\u00e3o aprovar\u00e1 a proibi\u00e7\u00e3o total do aborto.<\/p>\n<p>Gowin disse \u00e0 r\u00e1dio Koszalin que &#8220;n\u00e3o ser\u00e1 aprovado um projeto de lei que pro\u00edba o aborto nos casos em que a mulher seja v\u00edtima de estupro ou quando sua vida ou sua sa\u00fade correrem perigo&#8221;.<\/p>\n<p>A mobiliza\u00e7\u00e3o das mulheres polonesas &#8220;nos fez pensar e foi uma li\u00e7\u00e3o de humildade, (&#8230;) avaliamos a import\u00e2ncia destes protestos e a boa inten\u00e7\u00e3o de grande parte dos que protestaram&#8221;, explicou.<\/p>\n<p>Os coment\u00e1rios indicam que o partido governante Lei e Justi\u00e7a retirou seu apoio \u00e0 iniciativa popular que, com cerca de 500 mil assinaturas, procura a proibi\u00e7\u00e3o total do aborto na Pol\u00f4nia. O texto, que inclu\u00eda penas de pris\u00e3o para as mulheres que interrompessem voluntariamente a gravidez, foi admitida no Parlamento em 23 de setembro.<\/p>\n<p>Ainda nesta quarta, o presidente do Senado, Stanislaw Karczewski, garantiu que &#8220;ser\u00e3o levados em conta os protestos de segunda-feira passada&#8221;, e informou que a comiss\u00e3o de trabalho sobre o projeto de lei n\u00e3o iniciar\u00e1 por enquanto sua atividade, \u00e0 espera do o que o parlamento vai fazer. A comiss\u00e3o correspondente deve come\u00e7ar a estudar hoje o texto.<\/p>\n<p>Na segunda-feira passada, milhares de mulheres sa\u00edram \u00e0 ruas nas principais cidades polonesas para protestar contra a poss\u00edvel proibi\u00e7\u00e3o do aborto.<\/p>\n<p>Coletivos feministas e pr\u00f3 direitos humanos tinham convocado as polonesas a uma greve geral para expressar rejei\u00e7\u00e3o \u00e0 modifica\u00e7\u00e3o da atual lei do aborto.<\/p>\n<p>A legisla\u00e7\u00e3o vigente, que data de 1993 e \u00e9 considerada uma das mais restritivas da Europa, s\u00f3 permite a interrup\u00e7\u00e3o da gravidez em caso de estupro ou incesto, quando representa um risco para a sa\u00fade da m\u00e3e e quando o feto apresenta m\u00e1s-forma\u00e7\u00f5es graves.<\/p>\n<p>http:\/\/operamundi.uol.com.br\/conteudo\/geral\/45421\/apos+protestos+de+mulheres+governo+da+polonia+recua+e+tira+apoio+a+proibicao+total+do+aborto.shtml<\/p>\n<p>&nbsp;<\/p>\n","protected":false},"excerpt":{"rendered":"Ag\u00eancia Efe | Vars\u00f3via &#8211; 05\/10\/2016 &#8211; 14h43 Vice-premi\u00ea disse que &#8220;n\u00e3o ser\u00e1 aprovado um projeto de lei que pro\u00edba o aborto nos \n<a class=\"moretag\" href=\"https:\/\/pcb.org.br\/portal2\/12275\"> <\/a>","protected":false},"author":1,"featured_media":0,"comment_status":"closed","ping_status":"closed","sticky":false,"template":"","format":"standard","meta":{"jetpack_post_was_ever_published":false,"_jetpack_newsletter_access":"","_jetpack_dont_email_post_to_subs":true,"_jetpack_newsletter_tier_id":0,"_jetpack_memberships_contains_paywalled_content":false,"_jetpack_memberships_contains_paid_content":false,"footnotes":"","jetpack_publicize_message":"","jetpack_publicize_feature_enabled":true,"jetpack_social_post_already_shared":true,"jetpack_social_options":{"image_generator_settings":{"template":"highway","default_image_id":0,"font":"","enabled":false},"version":2}},"categories":[9],"tags":[],"class_list":["post-12275","post","type-post","status-publish","format-standard","hentry","category-s10-internacional"],"jetpack_publicize_connections":[],"jetpack_featured_media_url":"","jetpack_shortlink":"https:\/\/wp.me\/p659gw-3bZ","jetpack-related-posts":[],"jetpack_likes_enabled":true,"jetpack_sharing_enabled":true,"_links":{"self":[{"href":"https:\/\/pcb.org.br\/portal2\/wp-json\/wp\/v2\/posts\/12275","targetHints":{"allow":["GET"]}}],"collection":[{"href":"https:\/\/pcb.org.br\/portal2\/wp-json\/wp\/v2\/posts"}],"about":[{"href":"https:\/\/pcb.org.br\/portal2\/wp-json\/wp\/v2\/types\/post"}],"author":[{"embeddable":true,"href":"https:\/\/pcb.org.br\/portal2\/wp-json\/wp\/v2\/users\/1"}],"replies":[{"embeddable":true,"href":"https:\/\/pcb.org.br\/portal2\/wp-json\/wp\/v2\/comments?post=12275"}],"version-history":[{"count":0,"href":"https:\/\/pcb.org.br\/portal2\/wp-json\/wp\/v2\/posts\/12275\/revisions"}],"wp:attachment":[{"href":"https:\/\/pcb.org.br\/portal2\/wp-json\/wp\/v2\/media?parent=12275"}],"wp:term":[{"taxonomy":"category","embeddable":true,"href":"https:\/\/pcb.org.br\/portal2\/wp-json\/wp\/v2\/categories?post=12275"},{"taxonomy":"post_tag","embeddable":true,"href":"https:\/\/pcb.org.br\/portal2\/wp-json\/wp\/v2\/tags?post=12275"}],"curies":[{"name":"wp","href":"https:\/\/api.w.org\/{rel}","templated":true}]}}