{"id":12311,"date":"2016-10-10T18:29:56","date_gmt":"2016-10-10T21:29:56","guid":{"rendered":"https:\/\/pcb.org.br\/portal2\/?p=12311"},"modified":"2016-11-04T16:09:11","modified_gmt":"2016-11-04T19:09:11","slug":"com-freixo-e-luciana-para-barrar-o-retrocesso-com-o-poder-popular-para-avancar-em-novas-conquistas","status":"publish","type":"post","link":"https:\/\/pcb.org.br\/portal2\/12311","title":{"rendered":"Com Freixo e Luciana para barrar o retrocesso! Com o Poder Popular para avan\u00e7ar em novas conquistas!"},"content":{"rendered":"<p><img decoding=\"async\" class=\"imagem\" title=\"imagem\" src=\"https:\/\/lh3.googleusercontent.com\/SMJQZ0SordCG3LvFrhAAy2mGsrjpaeyuYNFFtroWxhwvcfM7VnWXig7qQ1agyhnLVVlLF4z6VCZ-YIqsLmh_CegNPXVcZTd7FVBN6u03D0lEst35062OEdlhvS20rP5lrYOaUh0XVNhwf8qq3Ix1Ane8c8lrAqT5jUBeM1jEOj-uR-W3rl5-8qYupcSDxi7XGU-kGape3YiXeCMevo-8zPsq0tq2Vf2jE1w4I-RiFXMRDvwuQ47mH0C9mVEGfwxlJQrz2LHYtO_8YY9cmFGDkHDRQfgO8mUccWHusjLvlfbK70FHNBJ4PTTL8f6AMi0vlN-wBUNCA9uhsgunoGdIxjRRKk32qZlP3NbAxfxXvuVxjBcz7WxQIGUk8UreblkkyGE7rox5ONb63QzuDpLV_yw8J3jt3IjUyzpAjB7vJ8TcvHhvBHkmeIZnTkN20Silr2dqi5XG3QAcBUk0_IJko-scqSe160YtxuiZulaiAqnCoSsU8POCkeGa9ujZPiXKls6CAemxbxMlMoVJBfbfhWouyh1q13j7NlO_iBn5y_0_OdaKT-518xgs3wxZWuMr4Xgb_qlXte_1Okx6nWeBtBsRolzEX6D0APDPtc3dREPshK13=w935-h615-no\" alt=\"imagem\" \/><em>(Nota Pol\u00edtica do PCB sobre o segundo turno das elei\u00e7\u00f5es municipais no Rio de Janeiro)<\/em><\/p>\n<p>O Partido Comunista Brasileiro (PCB) vem a p\u00fablico saudar a confirma\u00e7\u00e3o de Marcelo Freixo e Luciana Boiteux no segundo turno das elei\u00e7\u00f5es municipais na cidade do Rio de Janeiro. Tal vit\u00f3ria, <!--more-->em especial contra a m\u00e1quina mafiosa do PMDB\/RJ, somente foi viabilizada por uma ampla mobiliza\u00e7\u00e3o social, trabalho de base e alian\u00e7as entre o PCB, PSOL e diversos movimentos e organiza\u00e7\u00f5es populares cariocas. Tamb\u00e9m saudamos a amplia\u00e7\u00e3o da bancada democr\u00e1tica e progressista com a elei\u00e7\u00e3o de seis vereadores do PSOL. Infelizmente, apesar da combativa, empolgante e expressiva campanha, n\u00e3o conseguimos eleger o camarada Heitor do PCB.<\/p>\n<p>A ida de Marcelo Freixo e Luciana Boiteux ao segundo turno passa a ser ainda mais valorizada quando acompanhamos os resultados gerais das elei\u00e7\u00f5es municipais pelo pa\u00eds. Foi vis\u00edvel o crescimento das for\u00e7as conservadoras e reacion\u00e1rias que cada vez mais d\u00e3o sustenta\u00e7\u00e3o ao programa privatista e antipopular de ataque aos direitos democr\u00e1ticos, trabalhistas e sociais dos trabalhadores operado pelo ileg\u00edtimo e usurpador governo Temer (PMDB), em orquestra\u00e7\u00e3o com os meios de comunica\u00e7\u00e3o oligopolizados e obedecendo a interesses da grande burguesia internacionalizada. Absten\u00e7\u00f5es, votos nulos e brancos foram maioria em 10 capitais do pa\u00eds, inclusive no Rio de Janeiro, fen\u00f4meno que precisa ser melhor analisado. A chamada crise de representatividade da democracia burguesa, a despolitiza\u00e7\u00e3o de amplos setores da sociedade e a transforma\u00e7\u00e3o da pol\u00edtica institucional em um mero balc\u00e3o de neg\u00f3cios s\u00e3o alguns elementos que podem ajudar a explicar esse fen\u00f4meno.<\/p>\n<p>O PCB reafirma seu compromisso militante em elegermos uma candidatura popular e de esquerda no Rio de Janeiro. Repudiamos a criminosa ofensiva de grupos de extrema direita, ou fundamentalistas, que promovem ataques de baixo cal\u00e3o e boatos contra a figura do companheiro Marcelo Freixo. Nesse segundo turno \u00e9 imprescind\u00edvel afirmarmos o projeto pol\u00edtico constru\u00eddo por milhares de cariocas e organiza\u00e7\u00f5es combativas como o MST, MTST, Brigadas Populares, PCR e Consulta Popular. Essa foi a alian\u00e7a vitoriosa que viabilizou a derrota do PMDB nas urnas.<\/p>\n<p>A nossa campanha no segundo turno dessas elei\u00e7\u00f5es ser\u00e1 fundamental para a dif\u00edcil rearticula\u00e7\u00e3o da esquerda brasileira ap\u00f3s os governos de concilia\u00e7\u00e3o petistas. Se por um lado amplas for\u00e7as populares e de esquerda tendem a se agrupar em torno da campanha de Freixo e Luciana, a maioria das for\u00e7as conservadoras e reacion\u00e1rias n\u00e3o ter\u00e1 pudor em se articular em torno da candidatura do bispo Marcelo Crivella.<\/p>\n<p>Al\u00e9m de defender pautas extremamente atrasadas como o famigerado projeto &#8220;Escola sem Partido&#8221; e a mistura entre religi\u00e3o e pol\u00edtica, Crivella e seu partido s\u00e3o base de sustenta\u00e7\u00e3o da pol\u00edtica antipopular de ajuste fiscal, cortes de investimentos em sa\u00fade e educa\u00e7\u00e3o, privatiza\u00e7\u00e3o de recursos naturais e servi\u00e7os p\u00fablicos e retirada de direitos conquistados pela classe trabalhadora. Crivella e seus aliados, como a infame fam\u00edlia Garotinho, aplicar\u00e3o esse programa na cidade do Rio de Janeiro.<\/p>\n<p>Eleger Marcelo Freixo e Luciana \u00e9 um ato de resist\u00eancia frente ao obscurantismo e \u00e0 barb\u00e1rie. Construir um Rio de resist\u00eancia e aumentar a inser\u00e7\u00e3o das for\u00e7as populares e revolucion\u00e1rias junto \u00e0 classe trabalhadora, em especial oper\u00e1ria. N\u00e3o temos ilus\u00f5es. Dado o grau de desenvolvimento do Rio de Janeiro como uma cidade-mercado, qualquer perspectiva de garantia de direitos populares se choca com os interesses perversos da acumula\u00e7\u00e3o capitalista na cidade.<\/p>\n<p>Para enfrentar os interesses de poucos em defesa da vida de milh\u00f5es, apenas com muita organiza\u00e7\u00e3o e poder popular! As empresas de \u00f4nibus, os bancos, as corruptas empreiteiras e a especula\u00e7\u00e3o imobili\u00e1ria s\u00e3o alguns setores que muito lucram com uma cidade mais desigual, injusta e violenta. Diante desse quadro, os comunistas do PCB jogar\u00e3o todas as suas for\u00e7as nessa disputa ao lado de Marcelo Freixo e Luciana Boiteux. Toda escolha tem lado, e o lado do PCB, em sua quase centen\u00e1ria caminhada, sempre foi e ser\u00e1 o da classe trabalhadora.<\/p>\n<p>Rio de Janeiro, 8 de outubro de 2016.<\/p>\n<p><strong>Comiss\u00e3o Pol\u00edtica Regional<\/strong><\/p>\n<p><strong>PCB\/RJ<\/strong><\/p>\n","protected":false},"excerpt":{"rendered":"(Nota Pol\u00edtica do PCB sobre o segundo turno das elei\u00e7\u00f5es municipais no Rio de Janeiro) O Partido Comunista Brasileiro (PCB) vem a p\u00fablico \n<a class=\"moretag\" href=\"https:\/\/pcb.org.br\/portal2\/12311\"> <\/a>","protected":false},"author":1,"featured_media":0,"comment_status":"closed","ping_status":"closed","sticky":false,"template":"","format":"standard","meta":{"jetpack_post_was_ever_published":false,"_jetpack_newsletter_access":"","_jetpack_dont_email_post_to_subs":true,"_jetpack_newsletter_tier_id":0,"_jetpack_memberships_contains_paywalled_content":false,"_jetpack_memberships_contains_paid_content":false,"footnotes":"","jetpack_publicize_message":"","jetpack_publicize_feature_enabled":true,"jetpack_social_post_already_shared":true,"jetpack_social_options":{"image_generator_settings":{"template":"highway","default_image_id":0,"font":"","enabled":false},"version":2}},"categories":[26],"tags":[],"class_list":["post-12311","post","type-post","status-publish","format-standard","hentry","category-c25-notas-politicas-do-pcb"],"jetpack_publicize_connections":[],"jetpack_featured_media_url":"","jetpack_shortlink":"https:\/\/wp.me\/p659gw-3cz","jetpack-related-posts":[],"jetpack_likes_enabled":true,"jetpack_sharing_enabled":true,"_links":{"self":[{"href":"https:\/\/pcb.org.br\/portal2\/wp-json\/wp\/v2\/posts\/12311","targetHints":{"allow":["GET"]}}],"collection":[{"href":"https:\/\/pcb.org.br\/portal2\/wp-json\/wp\/v2\/posts"}],"about":[{"href":"https:\/\/pcb.org.br\/portal2\/wp-json\/wp\/v2\/types\/post"}],"author":[{"embeddable":true,"href":"https:\/\/pcb.org.br\/portal2\/wp-json\/wp\/v2\/users\/1"}],"replies":[{"embeddable":true,"href":"https:\/\/pcb.org.br\/portal2\/wp-json\/wp\/v2\/comments?post=12311"}],"version-history":[{"count":0,"href":"https:\/\/pcb.org.br\/portal2\/wp-json\/wp\/v2\/posts\/12311\/revisions"}],"wp:attachment":[{"href":"https:\/\/pcb.org.br\/portal2\/wp-json\/wp\/v2\/media?parent=12311"}],"wp:term":[{"taxonomy":"category","embeddable":true,"href":"https:\/\/pcb.org.br\/portal2\/wp-json\/wp\/v2\/categories?post=12311"},{"taxonomy":"post_tag","embeddable":true,"href":"https:\/\/pcb.org.br\/portal2\/wp-json\/wp\/v2\/tags?post=12311"}],"curies":[{"name":"wp","href":"https:\/\/api.w.org\/{rel}","templated":true}]}}