{"id":12313,"date":"2016-10-12T00:09:45","date_gmt":"2016-10-12T03:09:45","guid":{"rendered":"https:\/\/pcb.org.br\/portal2\/?p=12313"},"modified":"2016-11-04T16:09:22","modified_gmt":"2016-11-04T19:09:22","slug":"escola-com-censura","status":"publish","type":"post","link":"https:\/\/pcb.org.br\/portal2\/12313","title":{"rendered":"Escola com censura"},"content":{"rendered":"<p><img data-recalc-dims=\"1\" decoding=\"async\" class=\"imagem\" title=\"imagem\" src=\"https:\/\/i0.wp.com\/www.dercio.com.br\/media\/images\/dynamic\/images_blog\/mordaca_1.jpg.554x318_q85_crop.jpg?w=747\" alt=\"imagem\" \/>A ofensiva da direita no Brasil contempor\u00e2neo tem se manifestado em diferentes planos; na economia, por meio da defesa de pol\u00edticas neoliberais e questionamento das \u2013 ainda que moderadas \u2013 tentativas de avan\u00e7os sociais que beneficiem os trabalhadores e setores populares; na pol\u00edtica, por a\u00e7\u00f5es, fora e dentro do parlamento, que visam a regress\u00e3o de liberdades pol\u00edticas e direitos sociais previstos pela Carta de 1988; no plano das ideias, pela realiza\u00e7\u00e3o de reformas educacionais que impe\u00e7am a forma\u00e7\u00e3o cr\u00edtica dos educandos (em todos os n\u00edveis da educa\u00e7\u00e3o formal).<!--more--><\/p>\n<p>Este dossi\u00ea \u2013 artigos, entrevistas, depoimentos, manifestos, notas e v\u00eddeos \u2013 examina de forma ampla e cr\u00edtica o Projeto <strong>Escola Sem Partido<\/strong>, uma ostensiva iniciativa da direita brasileira que visa garantir a hegemonia do ide\u00e1rio conservador constru\u00eddo e amplamente difundido pelos aparelhos ideol\u00f3gicos do capitalismo brasileiro.<\/p>\n<p>Somos gratos a Lalo\u00a0Watanabe Minto, Fabiana\u00a0C\u00e1ssia Rodrigues e Anibal Gonzalez, pesquisadores da Unicamp, pela iniciativa de organizar este dossi\u00ea. Dispens\u00e1vel dizer que, nestes tempos de obscurantismo pol\u00edtico e cultural, o dossi\u00ea visa tamb\u00e9m apoiar todos os que, hoje, se empenham na defesa da escola p\u00fablica, democr\u00e1tica e fundamentalmente cr\u00edtica.<\/p>\n<p>Editores \/ outubro de 2016<\/p>\n<p>*****<\/p>\n<p>Notas sobre \u201c<em>Escola Sem partido<\/em>\u201d<\/p>\n<p>Lalo Watanabe Minto, Fabiana\u00a0de C\u00e1ssia Rodrigues e Jeferson Anibal Gonzalez<\/p>\n<p>Surgido em 2004, o Projeto <em>Escola Sem Partido (ESP)<\/em> foi idealizado pelo advogado Miguel Nagib; ao longo dos \u00faltimos anos, contou com a ativa colabora\u00e7\u00e3o de dois militantes de direita, os irm\u00e3os deputados Fl\u00e1vio e Carlos Bolsonaro. Nos \u00faltimos anos, com o acirramento da crise econ\u00f4mica e a crescente instabilidade pol\u00edtica, suas ideias se fortaleceram. A partir de 2014, o ESP passou a influenciar projetos de lei (PL) em \u00e2mbito municipal, estadual e federal, tendo atualmente 11 PLs em tramita\u00e7\u00e3o nos estados. Na C\u00e2mara dos Deputados tramita o PL 867\/2015, apensado ao PL 7180\/2014, de autoria do deputado Erivelton Santana (PSC\/BA), ao passo que, no Senado, est\u00e1 em tramita\u00e7\u00e3o o PLS n. 193\/2016.<\/p>\n<p>Os proponentes do ESP partem da premissa de que ocorre nas escolas p\u00fablicas uma \u201cdoutrina\u00e7\u00e3o ideol\u00f3gica de esquerda\u201d, contra a qual o poder p\u00fablico deveria se opor por meio de impedimento legal e controles ao trabalho dos\/as professores\/as. Noutras palavras, sua estrat\u00e9gia \u00e9 \u201cinventar\u201d uma escola que n\u00e3o existe nem nunca existiu \u2013 espa\u00e7o por excel\u00eancia do proselitismo pol\u00edtico de esquerda, antirreligioso, de promo\u00e7\u00e3o das frentes mais avan\u00e7adas das lutas sociais pela igualdade em quest\u00f5es como g\u00eanero e sexualidade.<\/p>\n<p>N\u00e3o \u00e9 necess\u00e1rio dizer que os proponentes do ESP desconhecem a realidade das escolas p\u00fablicas brasileiras. Estas, com sua heterogeneidade ideol\u00f3gica, pol\u00edtica e religiosa, sua infraestrutura prec\u00e1ria, submetidas a press\u00f5es privatistas\/mercantilistas, enfrentando escassez sistem\u00e1tica de recursos financeiros e convivendo com condi\u00e7\u00f5es inadequadas de trabalho dos\/as professores\/as, s\u00e3o institui\u00e7\u00f5es distantes de qualquer possibilidade de autonomia efetiva. Qui\u00e7\u00e1 de um projeto pol\u00edtico favor\u00e1vel a ideias de esquerda, haja vista os muitos controles a que o trabalho did\u00e1tico-pedag\u00f3gico \u00e9 submetido.<\/p>\n<p>Esse falseamento da realidade da escola, por\u00e9m, \u00e9 um ponto de partida estrat\u00e9gico para difundir os prop\u00f3sitos reacion\u00e1rios do ESP. N\u00e3o expressa sua ignor\u00e2ncia, embora eles, de fato, o sejam em rela\u00e7\u00e3o a problemas educacionais. Por meio desse falseamento, os PLs 7180\/2014 e 867\/2015 v\u00e3o ao encontro de outras tend\u00eancias da pol\u00edtica educacional brasileira dos \u00faltimos anos, em que pesem as propostas de esvaziamento do ensino e de seus conte\u00fados (por proibir o que \u00e9 \u2018pol\u00edtico\u2019 ou por indicar que \u2018n\u00e3o h\u00e1 verdade\u2019), a tend\u00eancia de intensifica\u00e7\u00e3o dos instrumentos de controle sobre o trabalho docente (por exig\u00eancia de \u2018produtividade\u2019), as no\u00e7\u00f5es superficiais que desistoricizam o sujeito-educando (por valorizar sua individualidade \u201cmoral\u201d ou por conceber uma aprendizagem como produto <strong><em>natural<\/em><\/strong> e direto de sua condi\u00e7\u00e3o vital). Trata-se, assim, de um projeto deliberadamente constru\u00eddo na base da desqualifica\u00e7\u00e3o sistem\u00e1tica da escola e dos seus profissionais. <a href=\"http:\/\/marxismo21.org\/wp-content\/uploads\/2016\/10\/Notas-sobre-Escola-Sem-Partido.pdf\">ler mais<\/a><\/p>\n<p>*******<\/p>\n<p>I. Artigos<\/p>\n<p><a href=\"http:\/\/www.uff.br\/trabalhonecessario\/images\/TN_23\/07_MEMRIAS_E_DOCUMENTOS_I.pdf\">Ditadura militar e trabalho docente<\/a>, de Moacyr Salles e In\u00eaz Stampa<\/p>\n<p><a href=\"https:\/\/espacoacademico.wordpress.com\/2016\/06\/29\/escola-sem-partido-imposicao-da-mordaca-aos-educadores\/\">\u201cEscola Sem Partido\u201d. Imposi\u00e7\u00e3o da morda\u00e7a<\/a>, de Gaud\u00eancio Frigotto<\/p>\n<p><a href=\"https:\/\/estudosfilosoficosbogo.blogspot.com.br\/2016\/08\/educacao-e-exigencia-partidaria.html\">Educa\u00e7\u00e3o e exig\u00eancia partid\u00e1ria<\/a>, de Ademar Bogo<\/p>\n<p><a href=\"http:\/\/www.diplomatique.org.br\/acervo.php?id=3239\">Escola Sem Partido e a falsa ideia de neutralidade<\/a>, de Ivanilda Figueiredo<\/p>\n<p><a href=\"http:\/\/www.agbpp.dominiotemporario.com\/doc\/CPG32A-4.pdf\">Ensino de geografia: novos e velhos desafios<\/a>, de Tulio Barbosa<\/p>\n<p><a href=\"http:\/\/www.anped.org.br\/news\/escola-sem-partido-criminalizacao-do-trabalho-pedagogico\">\u00a0\u201cEscola Sem Partido\u201d: a criminaliza\u00e7\u00e3o do trabalho pedag\u00f3gico<\/a>, de Marise Ramos<\/p>\n<p><a href=\"http:\/\/outraspalavras.net\/brasil\/escola-sem-partido-escola-silenciada\/\">\u201cEscola Sem Partido\u201d. Escola silenciada<\/a>, de Cleomar Manhas<\/p>\n<p><a href=\"http:\/\/outraspalavras.net\/brasil\/escolas-sem-partido-ou-pensamento-unico\/\">\u201cEscola Sem Partido\u201d ou pensamento \u00fanico?,<\/a> de Pedro Henrique Oliveira Gomes<\/p>\n<p><a href=\"http:\/\/www.vermelho.org.br\/noticia\/284261-10\">Escola tem que ter partido<\/a>, de Bruno Vieira<\/p>\n<p><a href=\"http:\/\/educacaointegral.org.br\/noticias\/falacia-escola-sem-partido\/\">A fal\u00e1cia da Escola Sem Partido<\/a>, de Daniel Ferraz Chiozzini<\/p>\n<p><a href=\"https:\/\/contraoescolasempartidoblog.files.wordpress.com\/2016\/07\/programa-escola-sem-partido-uma-ameac3a7a-c3a0-educac3a7c3a3o-emancipadora.pdf\">Programa \u201c\u201cEscola Sem Partido\u201d: uma amea\u00e7a \u00e0 educa\u00e7\u00e3o emancipadora<\/a>, de Fernando Penna<\/p>\n<p><a href=\"http:\/\/outraspalavras.net\/brasil\/torre-de-marfim-acossada-e-escola-sem-partidoi\/\">Torre de marfim acossada e \u201cEscola Sem Partido\u201d.<\/a> de Priscila Figueiredo<\/p>\n<p><a href=\"http:\/\/www.brasil247.com\/pt\/colunistas\/durvalangelo\/247057\/Escola-Sem-Partido-a-lei-da-morda%C3%A7a.htm\">Escola sem Partido: a lei da morda\u00e7a<\/a>, \u00c2ngelo Durval<\/p>\n<p><a href=\"http:\/\/www.encontro2016.rj.anpuh.org\/resources\/anais\/42\/1466972542_ARQUIVO_ANPUH2016textocompletoDOC.pdf\">Veneno antidemocracia: conspiracionismo, ideologia e pol\u00edtica<\/a>, Ricardo Figueiredo Castro<\/p>\n<p>\u201c<a href=\"http:\/\/www.conjur.com.br\/2016-set-05\/mp-debate-escola-partido-mordaca-realizacao-plena-educando\">Escola sem partido\u201d \u00e9 morda\u00e7a contra realiza\u00e7\u00e3o plena do educando<\/a>, Pl\u00ednio, Gentil<\/p>\n<p><a href=\"http:\/\/blogjunho.com.br\/a-batalha-pelo-futuro-contra-o-projeto-escola-sem-partido\/\">A batalha pelo futuro: contra o projeto Escola Sem Partido<\/a>, Demian Melo<\/p>\n<p><a href=\"http:\/\/blogjunho.com.br\/proibir-o-debate-e-ter-partido-genero-e-educacao-em-direitos-humanos\/\">Proibir o debate \u00e9 ter partido: g\u00eanero e educa\u00e7\u00e3o em direitos humanos<\/a>, Natalia de Oliveira<\/p>\n<p>II.\u00a0Um texto cl\u00e1ssico<\/p>\n<p><a href=\"http:\/\/www.dominiopublico.gov.br\/download\/texto\/me4699.pdf\">A Forma\u00e7\u00e3o Pol\u00edtica e o trabalho do professor<\/a>, de Florestan Fernandes<\/p>\n<p>III, Entrevistas, debates e v\u00eddeos<\/p>\n<p><a href=\"https:\/\/www.youtube.com\/watch?v=J2v7PA1RNqk\">Escola Sem Partido<\/a> \u2013 Debate com Fernando Penna e Miguel Nagib (criador do Movimento Escola sem Partido)<\/p>\n<p><a href=\"http:\/\/tvbrasil.ebc.com.br\/caminhosdareportagem\/episodio\/a-escola-necessaria\">A Escola necess\u00e1ria<\/a>, Caminhos da Reportagem, TV Brasil<\/p>\n<p><a href=\"https:\/\/www.youtube.com\/watch?v=zge2iJNo3Ig\">Bom Para Todos: Escola Sem Partido<\/a> (TVT) \u2013 Parte 1<\/p>\n<p><a href=\"https:\/\/www.youtube.com\/watch?v=jjq7FXzeqI0\">Bom Para Todos: Escola Sem Partido<\/a> (TVT), Parte 2<\/p>\n<p><a href=\"http:\/\/www.controversia.com.br\/blog\/2016\/05\/02\/aprender-a-aprender-um-slogan-para-a-ignorancia\/\">Aprender a aprender: um slogan para a ignor\u00e2ncia, <\/a>entrevista com Dermeval Savian<\/p>\n<p><a href=\"https:\/\/www.youtube.com\/watch?v=KnihZuNhsuc\">As consequ\u00eancias do projeto Escola Sem Partido para a Educa\u00e7\u00e3o brasileira<\/a>, Debate com Ana Carolina Ara\u00fajo, Joseanne Cerasoli, Jeferson Gonzalez e Ana Fl\u00e1via Magalh\u00e3es Pinto, FE e IFCH\/Unicamp<\/p>\n<p><a href=\"https:\/\/www.youtube.com\/watch?v=oAy7LOaVFKk\">Contraponto: Escola Sem Partido<\/a>, entrevista com Jos\u00e9 Luiz Quadros de Magalh\u00e3es<\/p>\n<p><a href=\"https:\/\/www.youtube.com\/watch?v=iOcnLezYwBI\">Dois lados da moeda. Escola Sem Partido<\/a>, Debate Thiago Cort\u00eaz, militante do movimento Escola sem Partido, e Daniel Cara<\/p>\n<p><a href=\"https:\/\/www.youtube.com\/watch?v=kqTkGIlyofY\">Entre aspas<\/a>, debate entre Lisete Arelaro e Thiago Cort\u00eas (ESP)<\/p>\n<p><a href=\"https:\/\/www.youtube.com\/watch?v=LJwctZu46jY\">Escola democr\u00e1tica versus \u201cEscola Sem Partido \u201c<\/a> \u2013 Mesa com Fernando Penna, Jo\u00e3o Paulo Rillo, Paulo Carrano e Paulo Dias de Mello, PUC-SP.<\/p>\n<p><a href=\"https:\/\/www.youtube.com\/watch?v=RRF1GkVWV_s\">Escola Sem Partido<\/a>, coment\u00e1rios de Lisete Regina Arelaro<\/p>\n<p><a href=\"https:\/\/www.youtube.com\/watch?v=DMz0I5XeJsM\">Escola Sem Partido,<\/a> coment\u00e1rios de Ocimar Munhoz Alavarse<\/p>\n<p><a href=\"https:\/\/www.youtube.com\/watch?v=b3TiIy77844&amp;feature=youtu.be\">Escola Sem Partido como chave de leitura do fen\u00f4meno educacional<\/a>, aula na FE da UFF, por Fernando Penna<\/p>\n<p><a href=\"http:\/\/www.anped.org.br\/news\/entrevista-com-luiz-antonio-cunha-laicidade-na-educacao-serie-conquistas-em-risco\">Laicidade na educa\u00e7\u00e3o<\/a>, entrevista com Luiz Ant\u00f4nio Cunha<\/p>\n<p><a href=\"http:\/\/www.sul21.com.br\/jornal\/projeto-escola-sem-partido-e-obscurantista-e-ameaca-a-liberdade-de-catedra\/\">Amea\u00e7a \u00e0 liberdade de c\u00e1tedra<\/a>, entrevista com \u00c9der Silveira<\/p>\n<p><a href=\"http:\/\/www.mst.org.br\/2016\/07\/22\/o-que-esta-por-tras-do-escola-sem-partido.htm\">O que est\u00e1 por detr\u00e1s do Projeto Escola Sem Partido<\/a>, entrevista com Fernando Penna<\/p>\n<p><a href=\"http:\/\/www.revistamovimento.uff.br\/index.php\/revistamovimento\/article\/view\/275\/236\">Sobre o \u00f3dio ao professor<\/a>, entrevista com Fernando Penna<\/p>\n<p>IV. Mat\u00e9rias da imprensa<\/p>\n<p><a href=\"http:\/\/apublica.org\/2016\/08\/escola-sem-partido-caca-bruxas-nas-salas-de-aula\/\">Escola sem Partido, ca\u00e7a a bruxas nas salas de aula<\/a><\/p>\n<p><a href=\"http:\/\/apublica.org\/2016\/08\/ameacas-ofensas-e-sindicancias\/\">Amea\u00e7as, ofensas e sindic\u00e2ncias<\/a><\/p>\n<p><a href=\"http:\/\/apublica.org\/2016\/08\/existe-ideologia-de-genero\/\">Existe ideologia de g\u00eanero<\/a><\/p>\n<p><a href=\"http:\/\/www.cartacapital.com.br\/sociedade\/a-unica-cidade-a-adotar-o-escola-sem-partido\">A \u00fanica cidade a adotar o Escola sem Partido<\/a><\/p>\n<p><a href=\"http:\/\/www1.folha.uol.com.br\/ilustrissima\/2016\/09\/1810775-quem-defende-pauta-do-escola-sem-partido-pensa-que-tem-filhos-idiotas.shtml\">Quem defende pauta do Escola sem Partido pensa que tem filhos idiotas<\/a>, Ricardo, L\u00edsias<\/p>\n<p><a href=\"http:\/\/portal.aprendiz.uol.com.br\/arquivo\/2014\/02\/26\/educacao-sitiada-escolas-a-servico-da-militarizacao-das-cidades\/\">Educa\u00e7\u00e3o sitiada: escolas a servi\u00e7o da militariza\u00e7\u00e3o<\/a><\/p>\n<p><a href=\"http:\/\/www.epsjv.fiocruz.br\/noticias\/reportagem\/a-escola-faz-doutrinacao\">A escola faz doutrina\u00e7\u00e3o?<\/a> por C\u00e1tia Guimar\u00e3es<\/p>\n<p><a href=\"http:\/\/cartamaior.com.br\/?\/Editoria\/Educacao\/Deputado-tucano-quer-criminalizar-o-que-chama-de-assedio-ideologico-nas-escolas\/13\/33917\">Criminaliza\u00e7\u00e3o do \u201cass\u00e9dio ideol\u00f3gico\u201d nas escolas<\/a><\/p>\n<p><a href=\"http:\/\/www.passapalavra.info\/2015\/07\/105524\">Goi\u00e1s: comunidade se mobiliza contra a militariza\u00e7\u00e3o da escola<\/a><\/p>\n<p><a href=\"http:\/\/www.anped.org.br\/news\/militarizacao-de-escolas-publicas-solucao\">Militariza\u00e7\u00e3o de escola p\u00fablica?<\/a><\/p>\n<p>V. P\u00e1ginas e especiais<\/p>\n<p><a href=\"https:\/\/www.facebook.com\/contraoescolasempartido\/\">Professores contra o Escola Sem Partido<\/a><\/p>\n<p><a href=\"https:\/\/www.facebook.com\/frenteescolasemmordaca\">Frente Nacional Escola Sem Morda\u00e7a<\/a><\/p>\n<p><a href=\"http:\/\/esquerdaonline.com.br\/especialescolasempartido\/\">Escola Sem Partido: entender para combater<\/a><\/p>\n<p><a href=\"http:\/\/www.esquerdadiario.com.br\/Escola-sem-partido\">Site Esquerda Di\u00e1rio<\/a><\/p>\n<p>VI. Manifestos, Notas e Mo\u00e7\u00f5es de entidades e institui\u00e7\u00f5es<\/p>\n<p><a href=\"http:\/\/www.uerj.br\/lendo_noticia.php?id=1051\">UERJ<\/a><\/p>\n<p><a href=\"http:\/\/fflch.usp.br\/sites\/fflch.usp.br\/files\/mocaorepudio.pdf\">FFLCH\/USP<\/a><\/p>\n<p><a href=\"https:\/\/www.fe.unicamp.br\/pf-fe\/pf\/subportais\/institucional\/jul-2016\/manifesto_da_fe_contrario_ao_movimento_escola_sem_partido_0.pdf%3e\">FE UNICAMP<\/a><\/p>\n<p><a href=\"http:\/\/www.jornaldaciencia.org.br\/sbpc-encaminha-as-autoridades-mocoes-aprovadas-na-assembleia-geral-ordinaria-dos-socios\/\">SBPC<\/a><\/p>\n<p><a href=\"http:\/\/www.crp03.org.br\/organizacoes-se-manifestam-contra-projeto-escola-sem-partido\/\">ABEP, ABRAPEE e FENAPSI<\/a><\/p>\n<p><a href=\"http:\/\/abrapecnet.org.br\/wordpress\/wp-content\/uploads\/2015\/12\/Escola-sem-partido.pdf\">ABRAPEC e SBEnBio<\/a><\/p>\n<p><a href=\"http:\/\/www.gppege.org.br\/ArquivosUpload\/1\/file\/MANIFESTO%20DE%20REP%C3%9ADIO%20CONTRA%20O%20MOVIMENTO%20ESCOLA%20SEM%20PARTIDO%20E%20ESCOLA%20LIVRE%281%29.doc\">ANFOPE<\/a><\/p>\n<p><a href=\"http:\/\/www.anped.org.br\/news\/anped-diz-nao-ao-projeto-escola-sem-partido%3e\">ANPED<\/a><\/p>\n<p><a href=\"http:\/\/site.anpuh.org\/index.php\/2015-01-20-00-01-55\/noticias2\/diversas\/item\/3684-mocao-de-repudio-ao-projeto-de-lei-escola-sem-partido-ou-lei-da-mordaca\">ANPUH<\/a><\/p>\n<p><a href=\"http:\/\/portal.conif.org.br\/ultimas-noticias\/1007-mocao-de-repudio-ao-projeto-escola-sem-partido.html\">CONIF<\/a><\/p>\n<p><a href=\"https:\/\/femeisp.wordpress.com\/2016\/08\/22\/carta-aberta-e-manifesto-contra-a-escola-sem-partido\/\">FEMEI<\/a><\/p>\n<p><a href=\"http:\/\/www.viomundo.com.br\/denuncias\/grupo-da-usp-denuncia-abril-globo-e-projeto-tucano-de-censura-a-professores-brasileiros.html\">GMARX-USP<\/a><\/p>\n<p><a href=\"http:\/\/www.cnte.org.br\/index.php\/comunicacao\/noticias\/16081-manifesto-contra-a-militarizacao-e-contra-a-privatizacao-da-escola-publica-por-meio-de-organizacoes-sociais-os.html\">CNTE<\/a><\/p>\n<p><a href=\"http:\/\/cpers.com.br\/manifesto-da-frente-gaucha-escola-sem-mordaca\/\">Frente Ga\u00facha Escola sem morda\u00e7a<\/a><\/p>\n<p><a href=\"http:\/\/sintef.org.br\/wp\/wp-content\/uploads\/2016\/08\/Manifesto-de-Rep%C3%BAdio-%C3%A0-lei-da-morda%C3%A7a.pdf\">Frente goiana Escola sem morda\u00e7a<\/a><\/p>\n<p><a href=\"http:\/\/portal.andes.org.br\/imprensa\/noticias\/imp-ult-1994796758.pdf\">Frente Nacional contra o Projeto ESP<\/a><\/p>\n<p><a href=\"http:\/\/site.anpuh.org\/index.php\/2015-01-20-00-01-55\/noticias2\/diversas\/item\/3685-manifesto-a-convocacao-da-frente-paraibana-escola-sem-mordaca\">Frente Paraibana Escola Sem Morda\u00e7a<\/a><\/p>\n<p><a href=\"http:\/\/redeemancipa.org.br\/2016\/08\/manifesto-em-defesa-dos-cursinhos-populares-contra-o-pl-escola-sem-partido\/\">Rede Emancipa \u2013 Educa\u00e7\u00e3o Popular<\/a><\/p>\n<blockquote data-secret=\"4sLZBN0Imy\" class=\"wp-embedded-content\"><p><a href=\"http:\/\/marxismo21.org\/escola-sem-partido\/\">Escola Sem Partido<\/a><\/p><\/blockquote>\n<p><iframe loading=\"lazy\" class=\"wp-embedded-content\" sandbox=\"allow-scripts\" security=\"restricted\" style=\"position: absolute; clip: rect(1px, 1px, 1px, 1px);\" src=\"http:\/\/marxismo21.org\/escola-sem-partido\/embed\/#?secret=4sLZBN0Imy\" data-secret=\"4sLZBN0Imy\" width=\"600\" height=\"338\" title=\"&#8220;Escola Sem Partido&#8221; &#8212; marxismo21\" frameborder=\"0\" marginwidth=\"0\" marginheight=\"0\" scrolling=\"no\"><\/iframe><\/p>\n","protected":false},"excerpt":{"rendered":"A ofensiva da direita no Brasil contempor\u00e2neo tem se manifestado em diferentes planos; na economia, por meio da defesa de pol\u00edticas neoliberais e \n<a class=\"moretag\" href=\"https:\/\/pcb.org.br\/portal2\/12313\"> <\/a>","protected":false},"author":1,"featured_media":0,"comment_status":"closed","ping_status":"closed","sticky":false,"template":"","format":"standard","meta":{"jetpack_post_was_ever_published":false,"_jetpack_newsletter_access":"","_jetpack_dont_email_post_to_subs":true,"_jetpack_newsletter_tier_id":0,"_jetpack_memberships_contains_paywalled_content":false,"_jetpack_memberships_contains_paid_content":false,"footnotes":"","jetpack_publicize_message":"","jetpack_publicize_feature_enabled":true,"jetpack_social_post_already_shared":true,"jetpack_social_options":{"image_generator_settings":{"template":"highway","default_image_id":0,"font":"","enabled":false},"version":2}},"categories":[60],"tags":[],"class_list":["post-12313","post","type-post","status-publish","format-standard","hentry","category-c71-educacao"],"jetpack_publicize_connections":[],"jetpack_featured_media_url":"","jetpack_shortlink":"https:\/\/wp.me\/p659gw-3cB","jetpack-related-posts":[],"jetpack_likes_enabled":true,"jetpack_sharing_enabled":true,"_links":{"self":[{"href":"https:\/\/pcb.org.br\/portal2\/wp-json\/wp\/v2\/posts\/12313","targetHints":{"allow":["GET"]}}],"collection":[{"href":"https:\/\/pcb.org.br\/portal2\/wp-json\/wp\/v2\/posts"}],"about":[{"href":"https:\/\/pcb.org.br\/portal2\/wp-json\/wp\/v2\/types\/post"}],"author":[{"embeddable":true,"href":"https:\/\/pcb.org.br\/portal2\/wp-json\/wp\/v2\/users\/1"}],"replies":[{"embeddable":true,"href":"https:\/\/pcb.org.br\/portal2\/wp-json\/wp\/v2\/comments?post=12313"}],"version-history":[{"count":0,"href":"https:\/\/pcb.org.br\/portal2\/wp-json\/wp\/v2\/posts\/12313\/revisions"}],"wp:attachment":[{"href":"https:\/\/pcb.org.br\/portal2\/wp-json\/wp\/v2\/media?parent=12313"}],"wp:term":[{"taxonomy":"category","embeddable":true,"href":"https:\/\/pcb.org.br\/portal2\/wp-json\/wp\/v2\/categories?post=12313"},{"taxonomy":"post_tag","embeddable":true,"href":"https:\/\/pcb.org.br\/portal2\/wp-json\/wp\/v2\/tags?post=12313"}],"curies":[{"name":"wp","href":"https:\/\/api.w.org\/{rel}","templated":true}]}}