{"id":12316,"date":"2016-10-11T13:38:14","date_gmt":"2016-10-11T16:38:14","guid":{"rendered":"https:\/\/pcb.org.br\/portal2\/?p=12316"},"modified":"2017-12-03T23:16:54","modified_gmt":"2017-12-04T02:16:54","slug":"aprovada-a-lei-da-fome-um-crime-contra-o-povo","status":"publish","type":"post","link":"https:\/\/pcb.org.br\/portal2\/12316","title":{"rendered":"Aprovada a lei da fome: um crime contra o povo!"},"content":{"rendered":"<p><img data-recalc-dims=\"1\" decoding=\"async\" class=\"imagem\" src=\"https:\/\/dariodasilva.files.wordpress.com\/2016\/10\/temer.png?w=747\" alt=\"\" \/>Dario da Silva*<\/p>\n<p>A recente vota\u00e7\u00e3o da PEC[1] 241 (em 1<sup>o<\/sup> turno) no Congresso retira a prioridade de aplica\u00e7\u00e3o dos recursos do Governo em SA\u00daDE, EDUCA\u00c7\u00c3O, APOSENTADORIA e demais \u00e1reas sociais para garantir as transfer\u00eancia aos 10% mais ricos. POR 20 ANOS! Sabendo que a destina\u00e7\u00e3o para estas \u00e1reas j\u00e1 era min\u00fascula[2].<!--more--><\/p>\n<p><strong>Esc\u00e1rnio&#8230;<\/strong><\/p>\n<p><img data-recalc-dims=\"1\" decoding=\"async\" class=\"imagemp\" src=\"https:\/\/i0.wp.com\/s2.glbimg.com\/BNmmvyl-x18Yjkl64UlmfzCIuPs%3D\/s.glbimg.com\/jo\/g1\/f\/original\/2016\/10\/09\/foto_jantar_temer_no_alvorada.jpg?w=747&#038;ssl=1\" \/>Antes de aprovar a lei da fome para o povo (trabalhadores e classe m\u00e9dia), Temer d\u00e1 um esbanjador jantar. Teria gastado mais de R$ 100.000,00[3] do dinheiro p\u00fablico para agradar seus comparsas! S\u00f3 o vestido da esposa do Temer teria custado R$ 1.600,00.<\/p>\n<p>Completando o acinte, no seu luxuoso jantar, Temer amea\u00e7ou: &#8220;qualquer movimento contr\u00e1rio \u00e0 implementa\u00e7\u00e3o da medida n\u00e3o pode ser admitido&#8221;[4].<\/p>\n<p>Seria uma com\u00e9dia, se n\u00e3o fosse uma revoltante trag\u00e9dia para quem est\u00e1 morrendo e n\u00e3o tem atendimento m\u00e9dico. Se n\u00e3o fosse um pesadelo para as crian\u00e7as que est\u00e3o sem escola, para os (as) idosas (os) que n\u00e3o se aposentar\u00e3o, para os 12 milh\u00f5es de desempregados etc.<\/p>\n<p><img data-recalc-dims=\"1\" decoding=\"async\" class=\"imagemp\" src=\"https:\/\/dariodasilva.files.wordpress.com\/2016\/10\/ditadura-capitalista.jpg?w=747\" \/>Alguns poucos economistas de aluguel, que nos envergonham e felizmente n\u00e3o representam a categoria[5], d\u00e3o entrevistas dizendo que a lei &#8220;\u00e9 boa&#8221;, que seria &#8220;um rem\u00e9dio amargo&#8221;&#8230; \u00c9 mentira! A lei \u00e9 p\u00e9ssima, \u00e9 um veneno para quem n\u00e3o faz parte deste pequeno grupo que assalta os cofres p\u00fablicos.<\/p>\n<p>\u00c9 escandalosamente revelador o comportamento da &#8220;imprensa&#8221;, como de costume, falam de quase tudo para esconder o principal:<\/p>\n<p>&#8211; As classes trabalhadora e m\u00e9dia respondem por mais de 90% da popula\u00e7\u00e3o, produzem a riqueza que sustenta toda a sociedade, incluindo os impostos que comp\u00f5e a arrecada\u00e7\u00e3o do governo;<\/p>\n<p>&#8211; Menos de 10% s\u00e3o grandes banqueiros, industriais, donos de TVs etc. Tal minoria acumula o que \u00e9 produzido pelos demais e nem se quer pagam impostos[6]. Vejam a rela\u00e7\u00e3o do Ministro da Fazenda com os bancos[7], para dar um \u00fanico exemplo.<\/p>\n<p>O efeito dessa pol\u00edtica que corte as \u00e1reas sociais para pagar rentistas \u00e9 desastroso. O Dieese estimou os estragos que causar\u00e1 a medida[8]. Vai quebrar o pa\u00eds, estamos trilhando o rumo da Gr\u00e9cia!<\/p>\n<p>\u00c9 um aula pr\u00e1tica de capitalismo. Capitalismo \u00e9 isso, um jantar suntuoso de pouqu\u00edssimos para celebrar a fome dos demais!<\/p>\n<p>Por isso, FORA TEMER!<br \/>\nGREVE GERAL!<\/p>\n<p>*Dario da Silva \u00e9 economista pela Universidade Federal de Santa Maria &#8211; UFSM, mestre em Patrim\u00f4nio Cultural tamb\u00e9m pela UFSM e membro do Comit\u00ea Central do Partido Comunista Brasileiro &#8211; PCB.<\/p>\n<hr \/>\n<p>Primeira ilustra\u00e7\u00e3o: charge de <a href=\"https:\/\/www.facebook.com\/vitortcartoons\/photos\/a.232922050183626.1073741828.232492200226611\/786746541467838\/\" target=\"_blank\" rel=\"noopener\">Vitor Teixeira<\/a>.<\/p>\n<p>Segunda ilustra\u00e7\u00e3o: imagem do jantar conforme <a href=\"http:\/\/migre.me\/vd98R\" target=\"_blank\" rel=\"noopener\">Di\u00e1rio do Poder<\/a>.<\/p>\n<p>Terceira: &lt;<a href=\"http:\/\/migre.me\/vd9zu\" target=\"_blank\" rel=\"noopener\">http:\/\/migre.me\/vd9zu<\/a>&gt;.<\/p>\n<p><strong>Notas:<\/strong><\/p>\n<ol>\n<li>PEC \u00e9 a abrevia\u00e7\u00e3o de &#8220;Proposta de Emenda \u00e0 Constitui\u00e7\u00e3o&#8221;. No caso, PEC n. 241\/2016.<\/li>\n<li>Fonte: &lt;<a href=\"http:\/\/migre.me\/vd7Pl\" target=\"_blank\" rel=\"noopener\">http:\/\/migre.me\/vd7Pl<\/a>&gt;. Acesso 11\/10\/2016.<\/li>\n<li>Fonte: &lt;<a href=\"http:\/\/migre.me\/vcXGm\" target=\"_blank\" rel=\"noopener\">http:\/\/migre.me\/vcXGm<\/a>&gt;. Acesso 11\/10\/2016.<\/li>\n<li>Fonte: &lt;<a href=\"http:\/\/migre.me\/vd0z2\" target=\"_blank\" rel=\"noopener\">http:\/\/migre.me\/vd0z2<\/a>&gt;. Acesso 11\/10\/2016.<\/li>\n<li>Fontes: &lt;<a href=\"http:\/\/migre.me\/vd0ZF\" target=\"_blank\" rel=\"noopener\">http:\/\/migre.me\/vd0ZF<\/a>&gt;, &lt;<a href=\"http:\/\/migre.me\/vd1cs\" target=\"_blank\" rel=\"noopener\">http:\/\/migre.me\/vd1cs<\/a>&gt;. Acesso 11\/10\/2016.<\/li>\n<li>Fonte: &lt;<a href=\"http:\/\/migre.me\/vcYiS\">http:\/\/migre.me\/vcYiS<\/a>&gt;. Acesso 11\/10\/2016.<\/li>\n<li>Fonte: &lt;<a href=\"http:\/\/migre.me\/vcXln\" target=\"_blank\" rel=\"noopener\">http:\/\/migre.me\/vcXln<\/a>&gt;. Acesso 11\/10\/2016.<\/li>\n<li>Fonte: &lt;<a href=\"http:\/\/migre.me\/vcZYx\" target=\"_blank\" rel=\"noopener\">http:\/\/migre.me\/vcZYx<\/a>&gt;. Acesso 11\/10\/2016.<\/li>\n<\/ol>\n<p><strong>Indicamos tamb\u00e9m:<\/strong><\/p>\n<ul>\n<li>&#8220;QUEREM QUE VOC\u00ca PAGUE A CONTA DA CRISE!&#8221;: &lt;<a href=\"http:\/\/migre.me\/vcYAz\" target=\"_blank\" rel=\"noopener\">http:\/\/migre.me\/vcYAz<\/a>&gt;. Acesso 11\/10\/2016.<\/li>\n<li>&#8220;Entenda a raz\u00e3o de ser da PEC 241&#8221;: &lt;<a href=\"http:\/\/migre.me\/vcYBd\" target=\"_blank\" rel=\"noopener\">http:\/\/migre.me\/vcYBd<\/a>&gt;. Acesso 11\/10\/2016.<\/li>\n<li>&#8220;Entenda em 5 minutos a PEC241&#8221;: &lt;<a href=\"http:\/\/migre.me\/vd0BN\" target=\"_blank\" rel=\"noopener\">http:\/\/migre.me\/vd0BN<\/a>&gt;. Acesso 11\/10\/2016.<\/li>\n<li>&#8220;Drauzio Varella se posiciona contra PEC 241&#8221;: &lt;<a href=\"http:\/\/migre.me\/vd1AG\" target=\"_blank\" rel=\"noopener\">http:\/\/migre.me\/vd1AG<\/a>&gt;. Acesso 11\/10\/2016.<\/li>\n<\/ul>\n<p><a href=\"https:\/\/dariodasilva.wordpress.com\/2016\/09\/28\/o-principal-problema-das-financas-publicas\/\" target=\"_blank\" rel=\"noopener\"><img data-recalc-dims=\"1\" decoding=\"async\" class=\"imagem100a\" src=\"https:\/\/dariodasilva.files.wordpress.com\/2016\/10\/pec.jpg?w=747\" alt=\"\" \/><\/a><\/p>\n<p>Fonte: <a href=\"https:\/\/dariodasilva.wordpress.com\/2016\/10\/11\/aprovada-a-lei-da-fome-um-crime-contra-o-povo\/\" target=\"_blank\" rel=\"noopener\">https:\/\/dariodasilva.wordpress.com\/2016\/10\/11\/aprovada-a-lei-da-fome-um-crime-contra-o-povo\/<\/a><\/p>\n","protected":false},"excerpt":{"rendered":"Dario da Silva* A recente vota\u00e7\u00e3o da PEC[1] 241 (em 1o turno) no Congresso retira a prioridade de aplica\u00e7\u00e3o dos recursos do Governo \n<a class=\"moretag\" href=\"https:\/\/pcb.org.br\/portal2\/12316\"> <\/a>","protected":false},"author":1,"featured_media":0,"comment_status":"closed","ping_status":"closed","sticky":false,"template":"","format":"standard","meta":{"jetpack_post_was_ever_published":false,"_jetpack_newsletter_access":"","_jetpack_dont_email_post_to_subs":true,"_jetpack_newsletter_tier_id":0,"_jetpack_memberships_contains_paywalled_content":false,"_jetpack_memberships_contains_paid_content":false,"footnotes":"","jetpack_publicize_message":"","jetpack_publicize_feature_enabled":true,"jetpack_social_post_already_shared":true,"jetpack_social_options":{"image_generator_settings":{"template":"highway","default_image_id":0,"font":"","enabled":false},"version":2}},"categories":[190],"tags":[],"class_list":["post-12316","post","type-post","status-publish","format-standard","hentry","category-fora-temer"],"jetpack_publicize_connections":[],"jetpack_featured_media_url":"","jetpack_shortlink":"https:\/\/wp.me\/p659gw-3cE","jetpack-related-posts":[],"jetpack_likes_enabled":true,"jetpack_sharing_enabled":true,"_links":{"self":[{"href":"https:\/\/pcb.org.br\/portal2\/wp-json\/wp\/v2\/posts\/12316","targetHints":{"allow":["GET"]}}],"collection":[{"href":"https:\/\/pcb.org.br\/portal2\/wp-json\/wp\/v2\/posts"}],"about":[{"href":"https:\/\/pcb.org.br\/portal2\/wp-json\/wp\/v2\/types\/post"}],"author":[{"embeddable":true,"href":"https:\/\/pcb.org.br\/portal2\/wp-json\/wp\/v2\/users\/1"}],"replies":[{"embeddable":true,"href":"https:\/\/pcb.org.br\/portal2\/wp-json\/wp\/v2\/comments?post=12316"}],"version-history":[{"count":0,"href":"https:\/\/pcb.org.br\/portal2\/wp-json\/wp\/v2\/posts\/12316\/revisions"}],"wp:attachment":[{"href":"https:\/\/pcb.org.br\/portal2\/wp-json\/wp\/v2\/media?parent=12316"}],"wp:term":[{"taxonomy":"category","embeddable":true,"href":"https:\/\/pcb.org.br\/portal2\/wp-json\/wp\/v2\/categories?post=12316"},{"taxonomy":"post_tag","embeddable":true,"href":"https:\/\/pcb.org.br\/portal2\/wp-json\/wp\/v2\/tags?post=12316"}],"curies":[{"name":"wp","href":"https:\/\/api.w.org\/{rel}","templated":true}]}}