{"id":12381,"date":"2016-10-16T21:50:49","date_gmt":"2016-10-17T00:50:49","guid":{"rendered":"https:\/\/pcb.org.br\/portal2\/?p=12381"},"modified":"2016-11-04T16:12:15","modified_gmt":"2016-11-04T19:12:15","slug":"italia-base-e-trampolim-dos-eua-em-direccao-a-africa","status":"publish","type":"post","link":"https:\/\/pcb.org.br\/portal2\/12381","title":{"rendered":"It\u00e1lia, base e trampolim dos EUA em dire\u00e7\u00e3o a \u00c1frica"},"content":{"rendered":"<p><img data-recalc-dims=\"1\" decoding=\"async\" class=\"imagem\" title=\"imagem\" src=\"https:\/\/i0.wp.com\/www.odiario.info\/b2-img\/ManlioDinucci_09.jpeg?w=747\" alt=\"imagem\" \/>Manlio Dinucci<\/p>\n<p>Existe na It\u00e1lia, desde o final da II Guerra, um conjunto de importantes bases militares dos EUA. Da\u00ed v\u00eam sendo lan\u00e7adas opera\u00e7\u00f5es da ofensiva no M\u00e9dio Oriente e em \u00c1frica, tal como antes sucedeu em rela\u00e7\u00e3o aos balc\u00e3s. Acompanhados pela Fran\u00e7a \u2013 cuja posi\u00e7\u00e3o geogr\u00e1fica a dispensa de utilizar solo alheio \u2013 os EUA empreendem a partir da\u00ed as miss\u00f5es de ocupa\u00e7\u00e3o e recoloniza\u00e7\u00e3o actualmente em curso.<!--more--><\/p>\n<p>Enquanto os focos da aten\u00e7\u00e3o pol\u00edtico-medi\u00e1tica apontam para a S\u00edria, centro de uma colossal opera\u00e7\u00e3o psicol\u00f3gica (PsyOp) para apresentar os agredidos como agressores, o que sucede em outras partes do M\u00e9dio Oriente e em \u00c1frica mant\u00e9m-se na sombra.<\/p>\n<p>EUA, Arabia Saudita, Qatar, Kuwait e os Emiratos \u00c1rabes Unidos \u2013 pa\u00edses que desde h\u00e1 5 anos imp\u00f5em \u00e0 S\u00edria uma guerra atrav\u00e9s de for\u00e7as terroristas infiltradas e que agora atribuem ao governo s\u00edrio crimes de guerra, financiando para isso a exposi\u00e7\u00e3o fotogr\u00e1fica nesta altura apresentada em Roma (http:\/\/lahaine.org\/fB4i) \u2013 continuam a massacrar civis no I\u00e9men. E nesse massacre participa o CentCom, com ataques \u00abantiterroristas\u00bb cuja exist\u00eancia est\u00e1 oficialmente documentada, realizados no I\u00e9men com drones e ca\u00e7as-bombardeiros.<\/p>\n<p>Ainda mais na sombra permanecem, nos meios de comunica\u00e7\u00e3o de massa, as opera\u00e7\u00f5es militares dos EUA em \u00c1frica. Essas opera\u00e7\u00f5es realizam-se sob o comando do AfriCom, que disp\u00f5e de dois importantes comandos subalternos em solo italiano.<\/p>\n<p>O US Army Africa (Ex\u00e9rcito dos EUA para \u00c1frica), cujo quartel-general se situa no quartel Ederle, na cidade italiana de Vicenza, \u00abgarante o comando de misi\u00f3n e distribui for\u00e7as para o teatro de opera\u00e7\u00f5es\u00bb, garantindo ao mesmo tempo assist\u00eancia militar aos parceiros africanos para implantar \u00abseguran\u00e7a e estabilidade\u00bb no continente.<\/p>\n<p>O outro comando subalterno s\u00e3o as For\u00e7as Navais dos EUA para Europa e \u00c1frica (US Naval Forces Europe-Africa) que t\u00eam o seu quartel-general em N\u00e1poles, na base de Capodichino. Esse comando comp\u00f5e-se de 6 for\u00e7as das quais fazem parte os navios de guerra da Sexta Frota estado-unidense, com base em Gaeta, It\u00e1lia. A sua \u00ab\u00e1rea de responsabilidade\u00bb abarca R\u00fassia, Europa e \u00c1frica (exceptuando o Egipto que cai na \u00ab\u00e1rea de responsabilidade\u00bb do CentCom), para al\u00e9m de metade do Oceano Atl\u00e2ntico, o Polo Norte e a Ant\u00e1rctida. Essas for\u00e7as est\u00e3o sob as ordens da almirante Michelle Howard, que por sua vez encabe\u00e7a o Comando da For\u00e7a Aliada Conjunta (Joint Force Command o JFC de N\u00e1poles), cujo quartel general se situa em Lago Patria, N\u00e1poles.<br \/>\nCom essas for\u00e7as, incluindo as aeronaves dos porta-avi\u00f5es e os drones armados com base em Sigonella (Sic\u00edlia), os EUA intensificam as suas opera\u00e7\u00f5es militares em \u00c1frica. Os ataques a\u00e9reos iniciados na L\u00edbia em Agosto deste ano, a pretexto de deter o avan\u00e7o do Emirato Isl\u00e2mico (Daesh), amea\u00e7a que foi por certo amplamente subestimada, s\u00e3o na realidade parte do plano de reconquista e recoloniza\u00e7\u00e3o da L\u00edbia, onde desde h\u00e1 algum tempo operam unidades de for\u00e7as especiais estado-unidenses e europeias.<\/p>\n<p>Mas essa \u00e9 somente a parte vis\u00edvel do \u00abgrande jogo\u00bb africano. Entre as numerosas \u00abmiss\u00f5es\u00bb do AfriCom est\u00e1 a j\u00e1 iniciada constru\u00e7\u00e3o de uma base de drones armados no N\u00edger, oficialmente destinada ao \u00abantiterrorismo\u00bb. Essa base est\u00e1 ao servi\u00e7o das opera\u00e7\u00f5es militares que os EUA, juntamente com a Fran\u00e7a, realizam desde h\u00e1 anos no Sahel, principalmente no Mali, N\u00edger e Chade. Tr\u00eas pa\u00edses entre os mais pobres do mundo (o \u00edndice de analfabetismo no N\u00edger abarca 70% dos homens e 90% das mulheres), mas muito ricos em mat\u00e9rias-primas (coltan &#8211; coulumbite-tantalita &#8211; e ouro no caso do Mali, uranio no N\u00edger e petr\u00f3leo no Chade) y explorados por transnacionais estado-unidenses e francesas temerosas da concorr\u00eancia que j\u00e1 representam para elas as empresas chinesas que oferecem aos pa\u00edses de \u00c1frica condi\u00e7\u00f5es de interc\u00e2mbio muito mais favor\u00e1veis.<\/p>\n<p>Outra opera\u00e7\u00e3o militar estado-unidense, com uso de drones e de for\u00e7as especiais, j\u00e1 se desenvolve na Som\u00e1lia, pa\u00eds africano de primeira import\u00e2ncia no plano geoestrat\u00e9gico.<\/p>\n<p>Simultaneamente, o US Army Africa penetra no continente \u00e0 for\u00e7a de programas de \u00abcoopera\u00e7\u00e3o para a seguran\u00e7a\u00bb cujo verdadeiro objectivo \u00e9 garantir a forma\u00e7\u00e3o de elites militares ao servi\u00e7o dos EUA. Com esse mesmo objectivo os navios de guerra da US Naval Forces Africa percorrem as costas africanas prestando \u00abassist\u00eancia \u00e0 seguran\u00e7a mar\u00edtima\u00bb.<\/p>\n<p>Tamb\u00e9m n\u00e3o \u00e9 descuidada a assist\u00eancia \u00abespiritual\u00bb. O capel\u00e3o do navio de assalto anf\u00edbio USS Wasp celebrou, por videoconfer\u00eancia a partir do Mediterr\u00e2neo, uma missa para os marinheiros do USS San Antonio, actualmente em miss\u00e3o em \u00c1frica.<\/p>\n<p>Il Manifesto \/ Red Voltaire<\/p>\n<p>http:\/\/www.odiario.info\/italia-base-e-trampolim-dos-eua\/<\/p>\n","protected":false},"excerpt":{"rendered":"Manlio Dinucci Existe na It\u00e1lia, desde o final da II Guerra, um conjunto de importantes bases militares dos EUA. Da\u00ed v\u00eam sendo lan\u00e7adas \n<a class=\"moretag\" href=\"https:\/\/pcb.org.br\/portal2\/12381\"> <\/a>","protected":false},"author":1,"featured_media":0,"comment_status":"closed","ping_status":"closed","sticky":false,"template":"","format":"standard","meta":{"jetpack_post_was_ever_published":false,"_jetpack_newsletter_access":"","_jetpack_dont_email_post_to_subs":true,"_jetpack_newsletter_tier_id":0,"_jetpack_memberships_contains_paywalled_content":false,"_jetpack_memberships_contains_paid_content":false,"footnotes":"","jetpack_publicize_message":"","jetpack_publicize_feature_enabled":true,"jetpack_social_post_already_shared":true,"jetpack_social_options":{"image_generator_settings":{"template":"highway","default_image_id":0,"font":"","enabled":false},"version":2}},"categories":[177],"tags":[],"class_list":["post-12381","post","type-post","status-publish","format-standard","hentry","category-africa"],"jetpack_publicize_connections":[],"jetpack_featured_media_url":"","jetpack_shortlink":"https:\/\/wp.me\/p659gw-3dH","jetpack-related-posts":[],"jetpack_likes_enabled":true,"jetpack_sharing_enabled":true,"_links":{"self":[{"href":"https:\/\/pcb.org.br\/portal2\/wp-json\/wp\/v2\/posts\/12381","targetHints":{"allow":["GET"]}}],"collection":[{"href":"https:\/\/pcb.org.br\/portal2\/wp-json\/wp\/v2\/posts"}],"about":[{"href":"https:\/\/pcb.org.br\/portal2\/wp-json\/wp\/v2\/types\/post"}],"author":[{"embeddable":true,"href":"https:\/\/pcb.org.br\/portal2\/wp-json\/wp\/v2\/users\/1"}],"replies":[{"embeddable":true,"href":"https:\/\/pcb.org.br\/portal2\/wp-json\/wp\/v2\/comments?post=12381"}],"version-history":[{"count":0,"href":"https:\/\/pcb.org.br\/portal2\/wp-json\/wp\/v2\/posts\/12381\/revisions"}],"wp:attachment":[{"href":"https:\/\/pcb.org.br\/portal2\/wp-json\/wp\/v2\/media?parent=12381"}],"wp:term":[{"taxonomy":"category","embeddable":true,"href":"https:\/\/pcb.org.br\/portal2\/wp-json\/wp\/v2\/categories?post=12381"},{"taxonomy":"post_tag","embeddable":true,"href":"https:\/\/pcb.org.br\/portal2\/wp-json\/wp\/v2\/tags?post=12381"}],"curies":[{"name":"wp","href":"https:\/\/api.w.org\/{rel}","templated":true}]}}