{"id":12434,"date":"2016-10-23T22:10:26","date_gmt":"2016-10-24T01:10:26","guid":{"rendered":"https:\/\/pcb.org.br\/portal2\/?p=12434"},"modified":"2016-11-26T15:04:15","modified_gmt":"2016-11-26T18:04:15","slug":"bolivia-encontro-de-jornalistas-e-midias-alternativas-latino-americanas-na-bolivia-lutar-juntos-e-juntas-contra-a-desinformacao","status":"publish","type":"post","link":"https:\/\/pcb.org.br\/portal2\/12434","title":{"rendered":"Bol\u00edvia. Encontro de jornalistas e M\u00eddias Alternativas latino-americanas na Bol\u00edvia. Lutar juntos e juntas contra a desinforma\u00e7\u00e3o"},"content":{"rendered":"<p><img data-recalc-dims=\"1\" height=\"400\" width=\"620\" decoding=\"async\" class=\"imagem\" title=\"imagem\" src=\"https:\/\/i0.wp.com\/www.resumenlatinoamericano.org\/wp-content\/uploads\/2016\/10\/DSC_0152-1-620x400.jpg?resize=620%2C400\" alt=\"imagem\" \/>Resumen Latinoamericano 21 de outubro de 2016.<\/p>\n<p>Com a participa\u00e7\u00e3o de 60 jornalistas da Am\u00e9rica Latina, Caribe e Estados Unidos, come\u00e7ou em La Paz, Bol\u00edvia, o Encontro Latino-americano de Jornalistas e M\u00eddias em Luta contra a Desinforma\u00e7\u00e3o, precisamente no momento, como se destacou na voz de v\u00e1rios palestrantes, \u201cem que nosso continente sofre um brutal ataque da direita regional pr\u00f3-imperialista\u201d.<!--more--><\/p>\n<p>No Encontro participaram, entre outros, pela Bol\u00edvia, o seman\u00e1rio Prensa Rural, Radio Cepra e o canal televisivo Abya Yala, Kandire.Bo, pela Argentina, a Frente de Comunicadores Populares, a plataforma comunicacional Resumen Latinoamericano e Agencia La Garc\u00eda, pelos Estados Unidos, Democracy Now, IP News,\u00a0 a rede de r\u00e1dio ALER\u00a0 pelo Equador, por Cuba, Prensa Latina, pela Venezuela, a Fundaci\u00f3n de las Redes \u201cA la calle\u201d, pelo Chile, Radios Comunitarias, pelo M\u00e9xico (El Gr\u00e1fico Chiquitano), pelo Peru, Wauki Prensa Popular, Radio Virtual e a Federaci\u00f3n de Periodistas y Radio Cielo e do Sindicato Unico de Periodistas.<\/p>\n<p>A abertura do Encontro, na tarde de quinta-feira, foi presidido por uma mesa na qual se encontravam os colegas Percy Salvador Ortiz, da Federaci\u00f3n de Periodistas del Per\u00fa,\u00a0Jos\u00e9 Aramayo, do seman\u00e1rio Prensa Rural (e um dos motores fundamentais para concretiza\u00e7\u00e3o da reuni\u00e3o), Carlos Azn\u00e1rez, da Frente de Comunicadores Populares e Resumen Latinoamericano, da Argentina, Adri\u00e1n Constaine, do Democracy Now, do EE.UU, Hugo Rarmirez, da ALER, Equador, e Mar\u00eda Rosa Guti\u00e9rrrez, do Canal Boliviano Abya Yala, que em breves, mas muito sentidas palavras, deixou aberto o evento.<\/p>\n<p>A seguir, proveniente do Equador, o Mestre Curandeiro da Comunidade M\u00edstica Pachamama, do Alto Piura, realizou uma cerim\u00f4nia ancestral para benzer o Encontro e consagrar a ideia de que a a\u00e7\u00e3o dos ali reunidos seja voltada para o benef\u00edcio de nossos povos.<\/p>\n<p>Na primeira jornada, a lutadora feminista comunit\u00e1ria Julieta Paredes, deu uma aula magistral sobre a despatriarcaliza\u00e7\u00e3o, explicando em palavras simples, mas de uma contund\u00eancia esmagadora, o que significa o patriarcado e seus derivados para as mulheres e para a sociedade de cada um dos pa\u00edses do mundo. Destacou a necessidade de dar a batalha pela linguagem antipatriarcal, e sublinhou que os meios comunit\u00e1rios e alternativos devem dar muita aten\u00e7\u00e3o a este tema. Depois, insistiu que \u201cos homens devem fazer o poss\u00edvel para tomar consci\u00eancia do que significa a luta das mulheres, colocar-se em suas cabe\u00e7as e seus corpos, imaginar o que padecemos e os que s\u00e3o nossas resist\u00eancias para avan\u00e7ar juntos\u201d.<\/p>\n<p>Posteriormente, Carlos Azn\u00e1rez, se referiu \u00e0 experi\u00eancia da Frente de Comunicadores Populares lan\u00e7ada recentemente na Argentina e composta por in\u00fameros jornalistas que enfrentam as campanhas de desinforma\u00e7\u00e3o e terrorismo midi\u00e1tico sofrido por nossos povos. Falou, tamb\u00e9m, da experi\u00eancia de mais de 23 anos de exist\u00eancia do Resumen Latinoamericano, e pediu a todos e todas que criem alian\u00e7as ou comunidades informativas que enfrentem o discurso \u00fanico. \u201cTerminemos de uma boa vez com as ilhas que frequentemente criamos, e socializemos a informa\u00e7\u00e3o, deixemos de pensar em \u2018exclusivas\u2019 e \u2018novidades\u2019 (pr\u00f3prias da linguagem dos meios hegem\u00f4nicos), abandonemos o \u2018eu\u2019 e falemos do \u2018n\u00f3s\u2019\u201d, expressou. Rememorou Berta C\u00e1ceres e todos e todas as lutadoras assassinadas por enfrentar as multinacionais, por\u00e9m, tamb\u00e9m, os presos e presas que enchem os c\u00e1rceres da Am\u00e9rica Latina e do mundo.<\/p>\n<p>Depois, foi poss\u00edvel escutar a palavra de Andres Constaine (Democracy Now) que falou da necessidade de recordar o exemplo de Berta C\u00e1ceres e enfrentar a ofensiva midi\u00e1tica que sofrem nossos povos por parte das multinacionais. O jornalista Salvador Ortiz descreveu a dif\u00edcil situa\u00e7\u00e3o do Peru sob o governo neoliberal e pr\u00f3-imperialisa do PPK, enquanto Hugo Ramirez, do Equador, saudou a iniciativa de formar, depois deste encontro, uma plataforma comunicacional que nos sirva para combater a avalanche midi\u00e1tica reacion\u00e1ria. O anfitri\u00e3o Jos\u00e9 Aramayo destacou a import\u00e2ncia deste encontro para que \u201cos colegas bolivianos se somem aos esfor\u00e7os que s\u00e3o feitos em todo o continente, para nos unirmos e nos organizarmos contra a desinforma\u00e7\u00e3o\u201d.<\/p>\n<p>O primeiro dia do Encontro culminou com m\u00fasica e dan\u00e7as t\u00edpicas da Bol\u00edvia.<\/p>\n<p>(Na foto: Julieta Paredes, Feminismo Comunitario de Bolivia)<\/p>\n<p>Fonte: http:\/\/www.resumenlatinoamericano.org\/2016\/10\/21\/bolivia-encuentro-de-periodistas-y-medios-alternativos-latinoamericanos-en-bolivia-golpear-juntos-y-juntas-contra-la-desinformacion\/<\/p>\n<p>Tradu\u00e7\u00e3o: Partido Comunista Brasileiro (PCB)<\/p>\n","protected":false},"excerpt":{"rendered":"Resumen Latinoamericano 21 de outubro de 2016. Com a participa\u00e7\u00e3o de 60 jornalistas da Am\u00e9rica Latina, Caribe e Estados Unidos, come\u00e7ou em La \n<a class=\"moretag\" href=\"https:\/\/pcb.org.br\/portal2\/12434\"> <\/a>","protected":false},"author":1,"featured_media":0,"comment_status":"closed","ping_status":"closed","sticky":false,"template":"","format":"standard","meta":{"jetpack_post_was_ever_published":false,"_jetpack_newsletter_access":"","_jetpack_dont_email_post_to_subs":true,"_jetpack_newsletter_tier_id":0,"_jetpack_memberships_contains_paywalled_content":false,"_jetpack_memberships_contains_paid_content":false,"footnotes":"","jetpack_publicize_message":"","jetpack_publicize_feature_enabled":true,"jetpack_social_post_already_shared":true,"jetpack_social_options":{"image_generator_settings":{"template":"highway","default_image_id":0,"font":"","enabled":false},"version":2}},"categories":[44],"tags":[],"class_list":["post-12434","post","type-post","status-publish","format-standard","hentry","category-c55-bolivia"],"jetpack_publicize_connections":[],"jetpack_featured_media_url":"","jetpack_shortlink":"https:\/\/wp.me\/p659gw-3ey","jetpack-related-posts":[],"jetpack_likes_enabled":true,"jetpack_sharing_enabled":true,"_links":{"self":[{"href":"https:\/\/pcb.org.br\/portal2\/wp-json\/wp\/v2\/posts\/12434","targetHints":{"allow":["GET"]}}],"collection":[{"href":"https:\/\/pcb.org.br\/portal2\/wp-json\/wp\/v2\/posts"}],"about":[{"href":"https:\/\/pcb.org.br\/portal2\/wp-json\/wp\/v2\/types\/post"}],"author":[{"embeddable":true,"href":"https:\/\/pcb.org.br\/portal2\/wp-json\/wp\/v2\/users\/1"}],"replies":[{"embeddable":true,"href":"https:\/\/pcb.org.br\/portal2\/wp-json\/wp\/v2\/comments?post=12434"}],"version-history":[{"count":0,"href":"https:\/\/pcb.org.br\/portal2\/wp-json\/wp\/v2\/posts\/12434\/revisions"}],"wp:attachment":[{"href":"https:\/\/pcb.org.br\/portal2\/wp-json\/wp\/v2\/media?parent=12434"}],"wp:term":[{"taxonomy":"category","embeddable":true,"href":"https:\/\/pcb.org.br\/portal2\/wp-json\/wp\/v2\/categories?post=12434"},{"taxonomy":"post_tag","embeddable":true,"href":"https:\/\/pcb.org.br\/portal2\/wp-json\/wp\/v2\/tags?post=12434"}],"curies":[{"name":"wp","href":"https:\/\/api.w.org\/{rel}","templated":true}]}}