{"id":12436,"date":"2016-10-23T22:10:26","date_gmt":"2016-10-24T01:10:26","guid":{"rendered":"https:\/\/pcb.org.br\/portal2\/?p=12436"},"modified":"2016-11-26T15:04:22","modified_gmt":"2016-11-26T18:04:22","slug":"cuba-defende-na-onu-reparo-de-crime-cometido-com-a-escravidao","status":"publish","type":"post","link":"https:\/\/pcb.org.br\/portal2\/12436","title":{"rendered":"Cuba defende na ONU reparo de crime cometido com a escravid\u00e3o"},"content":{"rendered":"<p><img data-recalc-dims=\"1\" decoding=\"async\" class=\"imagem\" title=\"imagem\" src=\"https:\/\/i0.wp.com\/www.prensalatina.com.br\/images\/2016\/octubre\/20\/anasilvia-rodriguez.jpg?w=747\" alt=\"imagem\" \/>Prensa Latina<\/p>\n<p>Na\u00e7\u00f5es Unidas, 20 out (Prensa Latina) Cuba chamou hoje na Assembleia Geral de Na\u00e7\u00f5es Unidas a um maior compromisso com o reparo do crime cometido contra a humanidade com a escravatura e o tr\u00e1fico transatl\u00e2ntico de africanos para este fim.<!--more--><\/p>\n<p>&#8216;A escravatura e o tr\u00e1fico transatl\u00e2ntico de africanos para serem utilizados como escravos s\u00e3o dos mais graves crimes de lesa humanidade que n\u00e3o foram devidamente atendidos, nem suas consequ\u00eancias na sociedade atual devidamente reconhecidas&#8217;, advertiu a representante permanente alternada da ilha, Ana Silvia Rodr\u00edguez.<\/p>\n<p>Em uma sess\u00e3o plen\u00e1ria da Assembleia, convocada para comemorar a aboli\u00e7\u00e3o do flagelo, a diplomata destacou a import\u00e2ncia de fortalecer as atividades de organiza\u00e7\u00f5es internacionais como a UNESCO no tema.<\/p>\n<p>\u00c9 o m\u00ednimo que pode fazer a comunidade mundial para consertar o ocorrido, disse.<\/p>\n<p>De acordo com Rodr\u00edguez, Cuba apoia a justa solicita\u00e7\u00e3o dos pa\u00edses caribenhos de compensa\u00e7\u00f5es pelo impacto da escravatura e o tr\u00e1fico, qualificados como &#8216;um crime t\u00e3o horrendo como imprescrit\u00edvel&#8217;.<\/p>\n<p>Trata-se de um inevit\u00e1vel dever moral, defendeu em alus\u00e3o \u00e0 demanda da Comunidade do Caribe (Caricom) de desculpas e compensa\u00e7\u00f5es econ\u00f4micas a pot\u00eancias europeias pela escravatura e o genoc\u00eddio de povos nativos.<\/p>\n<p>A embaixadora cubana tamb\u00e9m considerou justo uma aten\u00e7\u00e3o especial e diferenciada para com os pa\u00edses em desenvolvimento, em particular com \u00c1frica, em suas rela\u00e7\u00f5es econ\u00f4micas internacionais.<\/p>\n<p>As na\u00e7\u00f5es desenvolvidas e suas sociedades de consumo, respons\u00e1veis pela destrui\u00e7\u00e3o acelerada e quase incontrol\u00e1vel do meio ambiente, foram os grandes benefici\u00e1rios da conquista e a coloniza\u00e7\u00e3o, da escravatura e o tr\u00e1fico transatl\u00e2ntico, da explora\u00e7\u00e3o impiedosa e o exterminio de centenas de milh\u00f5es de filhos dos povos do Sul, afirmou aqui.<\/p>\n<p>Para Rodr\u00edguez, a humanidade n\u00e3o deveria ignorar que o tr\u00e1fico e o legado da escravatura constituem a raiz de situa\u00e7\u00f5es de profunda desigualdade social e econ\u00f4mica, \u00f3dio, fanatismo, racismo e preconceito, que continuam afetando \u00e0s pessoas de ascend\u00eancia africana.<\/p>\n<p>Em sua interven\u00e7\u00e3o diante da Assembleia Geral, assegurou tamb\u00e9m que Cuba se sente sumamente orgulhosa de suas ra\u00edzes africanas, &#8216;que se fazem presentes em nossa idiossincrasia e em nossas manifesta\u00e7\u00f5es culturais&#8217;.<\/p>\n<p>lma\/wmr\/bj<\/p>\n<p>http:\/\/www.prensalatina.com.br\/index.php?o=rn&#038;id=2924<\/p>\n","protected":false},"excerpt":{"rendered":"Prensa Latina Na\u00e7\u00f5es Unidas, 20 out (Prensa Latina) Cuba chamou hoje na Assembleia Geral de Na\u00e7\u00f5es Unidas a um maior compromisso com o \n<a class=\"moretag\" href=\"https:\/\/pcb.org.br\/portal2\/12436\"> <\/a>","protected":false},"author":1,"featured_media":0,"comment_status":"closed","ping_status":"closed","sticky":false,"template":"","format":"standard","meta":{"jetpack_post_was_ever_published":false,"_jetpack_newsletter_access":"","_jetpack_dont_email_post_to_subs":true,"_jetpack_newsletter_tier_id":0,"_jetpack_memberships_contains_paywalled_content":false,"_jetpack_memberships_contains_paid_content":false,"footnotes":"","jetpack_publicize_message":"","jetpack_publicize_feature_enabled":true,"jetpack_social_post_already_shared":true,"jetpack_social_options":{"image_generator_settings":{"template":"highway","default_image_id":0,"font":"","enabled":false},"version":2}},"categories":[48],"tags":[],"class_list":["post-12436","post","type-post","status-publish","format-standard","hentry","category-c58-cuba"],"jetpack_publicize_connections":[],"jetpack_featured_media_url":"","jetpack_shortlink":"https:\/\/wp.me\/p659gw-3eA","jetpack-related-posts":[],"jetpack_likes_enabled":true,"jetpack_sharing_enabled":true,"_links":{"self":[{"href":"https:\/\/pcb.org.br\/portal2\/wp-json\/wp\/v2\/posts\/12436","targetHints":{"allow":["GET"]}}],"collection":[{"href":"https:\/\/pcb.org.br\/portal2\/wp-json\/wp\/v2\/posts"}],"about":[{"href":"https:\/\/pcb.org.br\/portal2\/wp-json\/wp\/v2\/types\/post"}],"author":[{"embeddable":true,"href":"https:\/\/pcb.org.br\/portal2\/wp-json\/wp\/v2\/users\/1"}],"replies":[{"embeddable":true,"href":"https:\/\/pcb.org.br\/portal2\/wp-json\/wp\/v2\/comments?post=12436"}],"version-history":[{"count":0,"href":"https:\/\/pcb.org.br\/portal2\/wp-json\/wp\/v2\/posts\/12436\/revisions"}],"wp:attachment":[{"href":"https:\/\/pcb.org.br\/portal2\/wp-json\/wp\/v2\/media?parent=12436"}],"wp:term":[{"taxonomy":"category","embeddable":true,"href":"https:\/\/pcb.org.br\/portal2\/wp-json\/wp\/v2\/categories?post=12436"},{"taxonomy":"post_tag","embeddable":true,"href":"https:\/\/pcb.org.br\/portal2\/wp-json\/wp\/v2\/tags?post=12436"}],"curies":[{"name":"wp","href":"https:\/\/api.w.org\/{rel}","templated":true}]}}