{"id":1246,"date":"2011-02-25T23:17:34","date_gmt":"2011-02-25T23:17:34","guid":{"rendered":"http:\/\/pcb.org.br\/portal2\/?p=1246"},"modified":"2011-02-25T23:17:34","modified_gmt":"2011-02-25T23:17:34","slug":"partido-comunista-da-venezuela-80-anos-de-lutas","status":"publish","type":"post","link":"https:\/\/pcb.org.br\/portal2\/1246","title":{"rendered":"Partido Comunista da Venezuela \u2013 80 anos de lutas"},"content":{"rendered":"\n<p>Camaradas:<\/p>\n<p align=\"JUSTIFY\">Recebam uma sauda\u00e7\u00e3o fraterna, combativa e internacionalista do Comit\u00ea Central do Partido Comunista Brasileiro (PCB), por ocasi\u00e3o do seu 80\u00ba. anivers\u00e1rio de lutas em defesa da classe oper\u00e1ria, dos trabalhadores e do povo venezuelano.<\/p>\n<p align=\"JUSTIFY\">S\u00e3o oito d\u00e9cadas de combate sem tr\u00e9gua contra o capital e as elites conservadoras, sempre buscando a perspectiva da sociedade socialista, trajet\u00f3ria na qual o PCV pagou muito caro a sua ousadia de lutar pela emancipa\u00e7\u00e3o dos trabalhadores.<\/p>\n<p align=\"JUSTIFY\">Ao longo desse per\u00edodo, todos n\u00f3s latinoamericanos nos orgulhamos da coer\u00eancia, da combatividade e da defesa do marxismo-leninismo que sempre foram a marca do PCV. Por isso mesmo, o PCV produziu nestas oito d\u00e9cadas os maiores her\u00f3is e m\u00e1rtires da hist\u00f3ria contempor\u00e2nea da Venezuela.<\/p>\n<p align=\"JUSTIFY\">Gostar\u00edamos de recordar que os nossos partidos t\u00eam o mesmo tronco hist\u00f3rico, o movimento comunista internacional, e a mesma trajet\u00f3ria de luta clandestina contra a tirania. Da mesma maneira, nossos partidos experimentaram todas as formas de luta e sempre se mantiveram leais \u00e0s id\u00e9ias da revolu\u00e7\u00e3o socialista, \u00fanica forma de emancipar os trabalhadores do jugo da opress\u00e3o. Neste momento da hist\u00f3ria, nossos partidos tamb\u00e9m realizam grandes esfor\u00e7os para reconstruir o movimento comunista internacional, ap\u00f3s os duros golpes que sofremos com a queda da URSS.<\/p>\n<p align=\"JUSTIFY\">Camaradas, a Venezuela se encontra atualmente num processo revolucion\u00e1rio dif\u00edcil, atacada permanente pelas for\u00e7as conservadoras internas e pelo imperialismo norte-americano. Nesta conjuntura, o papel pol\u00edtico desempenhado pelo PCV tem sido de fundamental import\u00e2ncia para construir um p\u00f3lo revolucion\u00e1rio que possa unir os trabalhadores e o povo para fazer avan\u00e7ar a revolu\u00e7\u00e3o rumo ao socialismo.<\/p>\n<p align=\"JUSTIFY\">Desde o Brasil, n\u00f3s comunistas do PCB, irm\u00e3os internacionalistas do PCV, desejamos um futuro de muitas lutas e vit\u00f3ria para os trabalhadores venezuelanos e sua vanguarda, o Partido Comunista da Venezuela.<\/p>\n<p align=\"JUSTIFY\">25 de fevereiro de 2011<\/p>\n<p align=\"JUSTIFY\">Ivan Pinheiro &#8211; Secret\u00e1rio Geral do PCB<\/p>\n<p align=\"JUSTIFY\">Edmilson Costa \u2013 Secret\u00e1rio de Rela\u00e7\u00f5es Internacionais.<\/p>\n","protected":false},"excerpt":{"rendered":"\n\n\nCr\u00e9dito: PCV\n\n\n\n\n\n\n\n\nSauda\u00e7\u00e3o do PCB ao PCV:\n<a class=\"moretag\" href=\"https:\/\/pcb.org.br\/portal2\/1246\"> <\/a>","protected":false},"author":1,"featured_media":0,"comment_status":"open","ping_status":"open","sticky":false,"template":"","format":"standard","meta":{"jetpack_post_was_ever_published":false,"_jetpack_newsletter_access":"","_jetpack_dont_email_post_to_subs":false,"_jetpack_newsletter_tier_id":0,"_jetpack_memberships_contains_paywalled_content":false,"_jetpack_memberships_contains_paid_content":false,"footnotes":"","jetpack_publicize_message":"","jetpack_publicize_feature_enabled":true,"jetpack_social_post_already_shared":false,"jetpack_social_options":{"image_generator_settings":{"template":"highway","default_image_id":0,"font":"","enabled":false},"version":2}},"categories":[36],"tags":[],"class_list":["post-1246","post","type-post","status-publish","format-standard","hentry","category-c41-unidade-comunista"],"jetpack_publicize_connections":[],"jetpack_featured_media_url":"","jetpack_shortlink":"https:\/\/wp.me\/p659gw-k6","jetpack-related-posts":[],"jetpack_likes_enabled":true,"jetpack_sharing_enabled":true,"_links":{"self":[{"href":"https:\/\/pcb.org.br\/portal2\/wp-json\/wp\/v2\/posts\/1246","targetHints":{"allow":["GET"]}}],"collection":[{"href":"https:\/\/pcb.org.br\/portal2\/wp-json\/wp\/v2\/posts"}],"about":[{"href":"https:\/\/pcb.org.br\/portal2\/wp-json\/wp\/v2\/types\/post"}],"author":[{"embeddable":true,"href":"https:\/\/pcb.org.br\/portal2\/wp-json\/wp\/v2\/users\/1"}],"replies":[{"embeddable":true,"href":"https:\/\/pcb.org.br\/portal2\/wp-json\/wp\/v2\/comments?post=1246"}],"version-history":[{"count":0,"href":"https:\/\/pcb.org.br\/portal2\/wp-json\/wp\/v2\/posts\/1246\/revisions"}],"wp:attachment":[{"href":"https:\/\/pcb.org.br\/portal2\/wp-json\/wp\/v2\/media?parent=1246"}],"wp:term":[{"taxonomy":"category","embeddable":true,"href":"https:\/\/pcb.org.br\/portal2\/wp-json\/wp\/v2\/categories?post=1246"},{"taxonomy":"post_tag","embeddable":true,"href":"https:\/\/pcb.org.br\/portal2\/wp-json\/wp\/v2\/tags?post=1246"}],"curies":[{"name":"wp","href":"https:\/\/api.w.org\/{rel}","templated":true}]}}