{"id":125,"date":"2009-09-29T18:05:22","date_gmt":"2009-09-29T18:05:22","guid":{"rendered":"http:\/\/pcb.org.br\/portal2\/?p=125"},"modified":"2009-09-29T18:05:22","modified_gmt":"2009-09-29T18:05:22","slug":"honduras-nota-politica-do-pcb","status":"publish","type":"post","link":"https:\/\/pcb.org.br\/portal2\/125","title":{"rendered":"HONDURAS: Nota Pol\u00edtica do PCB"},"content":{"rendered":"\n<p>Desde o primeiro dia do golpe de Estado em Honduras, o PCB manifestou seu mais en\u00e9rgico rep\u00fadio \u00e0 deposi\u00e7\u00e3o de Manuel Zelaya e conclamou as for\u00e7as pol\u00edticas democr\u00e1ticas, progressistas e antiimperialistas a cerrarem fileiras na irrestrita solidariedade \u00e0 luta do povo hondurenho pela volta do leg\u00edtimo Presidente ao governo.<\/p>\n<p>Conseq\u00fcente com esta determina\u00e7\u00e3o, o PCB ajudou a organizar uma delega\u00e7\u00e3o brasileira que foi a Honduras expressar o apoio \u00e0 her\u00f3ica resist\u00eancia popular naquele pa\u00eds, da qual participou o Secret\u00e1rio Geral do nosso Partido.<\/p>\n<p>A solidariedade brasileira ao povo hondurenho e a seu Presidente constitucional agora tem que ser redobrada. Foi exatamente a Embaixada brasileira que o acolheu em sua leg\u00edtima volta \u00e0 sua terra, para exercer o mandato outorgado por seu povo. Em desrespeito a todas as normas internacionais, nossa Embaixada em Tegucigalpa e as pessoas que l\u00e1 se encontram v\u00eam sendo alvo de todo tipo de brutalidade por parte do governo golpista.<\/p>\n<p>Agora, o governo golpista, ao suspender as garantias constitucionais e proibir manifesta\u00e7\u00f5es pol\u00edticas em Honduras, revelou seu car\u00e1ter fascista, merecendo o rep\u00fadio de todos os povos do mundo.<\/p>\n<p>No auge de sua arrog\u00e2ncia e provoca\u00e7\u00e3o, o governo golpista desta vez chegou ao c\u00famulo de dar um \u201cultimato\u201d ao governo brasileiro, dando-lhe um prazo para declarar Zelaya como exilado pol\u00edtico (e n\u00e3o como Presidente) ou entreg\u00e1-lo para ser preso, a pretexto de responder a processos engendrados apenas para justificar o golpe.<\/p>\n<p>O PCB, em que pese se posicionar em oposi\u00e7\u00e3o ao governo brasileiro, n\u00e3o pode deixar de se solidarizar com nosso Presidente da Rep\u00fablica e com seu Ministro de Rela\u00e7\u00f5es Exteriores que \u2013 por agirem com firmeza em rela\u00e7\u00e3o ao correto acolhimento de Zelaya em nossa representa\u00e7\u00e3o diplom\u00e1tica \u2013 v\u00eam sendo v\u00edtimas de infame campanha orquestrada pela m\u00eddia burguesa e pelos capachos do imperialismo norte-americano, alguns deles, ali\u00e1s, da pr\u00f3pria base de sustenta\u00e7\u00e3o do governo.<\/p>\n<p>Esta campanha de manipula\u00e7\u00e3o contra Zelaya e o governo brasileiro p\u00f5e por terra qualquer d\u00favida sobre a responsabilidade do imperialismo antes, durante e depois do golpe. S\u00e3o seus meios de comunica\u00e7\u00e3o e agentes que a v\u00eam promovendo.<\/p>\n<p>O Comit\u00ea Central do PCB orienta sua milit\u00e2ncia e prop\u00f5e a seus amigos, simpatizantes e aliados que contribuam, em todo o Brasil, para que se organizem as mais amplas e unit\u00e1rias a\u00e7\u00f5es pol\u00edticas e manifesta\u00e7\u00f5es populares pela imediata suspens\u00e3o do estado de s\u00edtio, pela cessa\u00e7\u00e3o das provoca\u00e7\u00f5es contra nossa Embaixada e pela imediata volta de Zelaya ao exerc\u00edcio de seu mandato, que deve ser acrescido de cada um dos dias que os golpistas lhe usurparam.<\/p>\n<p>O governo brasileiro deve exigir da OEA e da ONU (t\u00e3o eficiente e r\u00e1pida quando se trata de ocupar o Haiti para legitimar um golpe de Estado) o envio imediato de uma For\u00e7a de Paz Internacional a Honduras, para garantir a volta do Presidente Zelaya ao governo e a retomada das garantias constitucionais no pa\u00eds.<\/p>\n<p><span>PCB \u2013 Partido Comunista Brasileiro<\/span><\/p>\n<p><span style=\"font-family: Arial,Helvetica,sans-serif;\">Comit\u00ea Central<\/p>\n<p>Rio, 27 de setembro de 2009 <\/p>\n<p><\/span><\/p>\n","protected":false},"excerpt":{"rendered":"\nGolpistas: respeitem a Embaixada brasileira!  \nPela imediata suspens\u00e3o do estado de s\u00edtio em Honduras e a volta de Zelaya \u00e0 Presid\u00eancia!\n\n<a class=\"moretag\" href=\"https:\/\/pcb.org.br\/portal2\/125\"> <\/a>","protected":false},"author":1,"featured_media":0,"comment_status":"open","ping_status":"open","sticky":false,"template":"","format":"standard","meta":{"jetpack_post_was_ever_published":false,"_jetpack_newsletter_access":"","_jetpack_dont_email_post_to_subs":false,"_jetpack_newsletter_tier_id":0,"_jetpack_memberships_contains_paywalled_content":false,"_jetpack_memberships_contains_paid_content":false,"footnotes":"","jetpack_publicize_message":"","jetpack_publicize_feature_enabled":true,"jetpack_social_post_already_shared":false,"jetpack_social_options":{"image_generator_settings":{"template":"highway","default_image_id":0,"font":"","enabled":false},"version":2}},"categories":[26],"tags":[],"class_list":["post-125","post","type-post","status-publish","format-standard","hentry","category-c25-notas-politicas-do-pcb"],"jetpack_publicize_connections":[],"jetpack_featured_media_url":"","jetpack_shortlink":"https:\/\/wp.me\/p659gw-21","jetpack-related-posts":[],"jetpack_likes_enabled":true,"jetpack_sharing_enabled":true,"_links":{"self":[{"href":"https:\/\/pcb.org.br\/portal2\/wp-json\/wp\/v2\/posts\/125","targetHints":{"allow":["GET"]}}],"collection":[{"href":"https:\/\/pcb.org.br\/portal2\/wp-json\/wp\/v2\/posts"}],"about":[{"href":"https:\/\/pcb.org.br\/portal2\/wp-json\/wp\/v2\/types\/post"}],"author":[{"embeddable":true,"href":"https:\/\/pcb.org.br\/portal2\/wp-json\/wp\/v2\/users\/1"}],"replies":[{"embeddable":true,"href":"https:\/\/pcb.org.br\/portal2\/wp-json\/wp\/v2\/comments?post=125"}],"version-history":[{"count":0,"href":"https:\/\/pcb.org.br\/portal2\/wp-json\/wp\/v2\/posts\/125\/revisions"}],"wp:attachment":[{"href":"https:\/\/pcb.org.br\/portal2\/wp-json\/wp\/v2\/media?parent=125"}],"wp:term":[{"taxonomy":"category","embeddable":true,"href":"https:\/\/pcb.org.br\/portal2\/wp-json\/wp\/v2\/categories?post=125"},{"taxonomy":"post_tag","embeddable":true,"href":"https:\/\/pcb.org.br\/portal2\/wp-json\/wp\/v2\/tags?post=125"}],"curies":[{"name":"wp","href":"https:\/\/api.w.org\/{rel}","templated":true}]}}