{"id":1255,"date":"2011-03-02T01:26:15","date_gmt":"2011-03-02T01:26:15","guid":{"rendered":"http:\/\/pcb.org.br\/portal2\/?p=1255"},"modified":"2011-03-02T01:26:15","modified_gmt":"2011-03-02T01:26:15","slug":"todo-o-apoio-a-luta-do-povo-libio-contra-a-tirania-e-o-imperialismo","status":"publish","type":"post","link":"https:\/\/pcb.org.br\/portal2\/1255","title":{"rendered":"Todo o apoio \u00e0 luta do povo L\u00edbio contra a tirania e o imperialismo"},"content":{"rendered":"\n<p align=\"JUSTIFY\">Os processos de revoltas populares em curso em diversos pa\u00edses do Oriente M\u00e9dio t\u00eam pontos comuns e diferen\u00e7as importantes entre si.<\/p>\n<p align=\"JUSTIFY\">No caso da L\u00edbia, \u00e9 marcante o fato de que Moamar Khadafi, a partir da tomada do poder, em 1969, por meio de um golpe militar (que derrubou a monarquia ent\u00e3o reinante, aliada aos governos dos principais pa\u00edses capitalistas), ter se aliado a pa\u00edses e movimentos que combatiam o imperialismo, nacionalizando o setor produtor de petr\u00f3leo (a L\u00edbia \u00e9 hoje o terceiro maior produtor de petr\u00f3leo da \u00c1frica e o detentor das maiores reservas provadas (cerca de 44 bilh\u00f5es de barris). e utilizando boa parte dos respectivos recursos para modernizar e desenvolver a economia do pa\u00eds. As condi\u00e7\u00f5es de vida do povo logo melhorariam, e em muito: a L\u00edbia chegou a apresentar o maior IDH (\u00cdndice de Desenvolvimento Humano) de toda a \u00c1frica. A sociedade se modificou, com o aparecimento de camadas m\u00e9dias e de trabalhadores qualificados, com bom acesso \u00e0 educa\u00e7\u00e3o e outros direitos sociais.<\/p>\n<p align=\"JUSTIFY\">As retalia\u00e7\u00f5es do imperialismo a todos estes avan\u00e7os e \u00e0 postura pol\u00edtica independente e progressista da L\u00edbia foram constantes e numerosas, como em 1986, no ataque a\u00e9reo dos EUA a Tr\u00edpoli e Bengazi, lan\u00e7ado de bases da OTAN na Inglaterra, quando 60 pessoas, incluindo a filha de Khadafi, foram mortas. Fortes sans\u00f5es foram tamb\u00e9m impostas nesse per\u00edodo pelos Estados Unidos e pelos principais pa\u00edses capitalistas ao pa\u00eds, com o claro intuito de destruir sua economia e inviabilizar o regime e suas pol\u00edticas claramente progressistas.<\/p>\n<p align=\"JUSTIFY\">Fatores como a queda da URSS enfraqueceriam, logo a seguir, a economia e a autonomia pol\u00edtica da L\u00edbia e, ap\u00f3s a invas\u00e3o do Iraque pelos EUA e seus aliados, em 2003, tentando, ao que tudo indica, evitar outra agress\u00e3o \u00e0 L\u00edbia, Khadafi come\u00e7ou a fazer concess\u00f5es pol\u00edticas e econ\u00f4micas ao imperialismo, abrindo a economia a bancos e empresas \u2013 com destaque para o setor petrol\u00edfero e as corpora\u00e7\u00f5es italianas e inglesas \u2013 e passou a cumprir as exig\u00eancias do FMI e do Banco Mundial para promover reformas econ\u00f4micas, onde os principais elementos foram a privatiza\u00e7\u00e3o de empresas estatais, o corte de gastos sociais e dos subs\u00eddios para a compra de alimentos e combust\u00edvel, deixando de lado e de vez as propostas de transforma\u00e7\u00f5es da sociedade no rumo da constru\u00e7\u00e3o socialista.<\/p>\n<p align=\"JUSTIFY\">Khadafi se acomodou no poder, fazendo alian\u00e7as com a burguesia l\u00edbia, em ascens\u00e3o, abrindo m\u00e3o da constru\u00e7\u00e3o de uma democracia participativa direta e se estagnando numa esp\u00e9cie de governo familiar \u2013 com seus filhos e parentes \u2013 e desistiu de levar adiante projetos de afirma\u00e7\u00e3o nacional como o da constru\u00e7\u00e3o de artefatos nucleares. Como \u201cpr\u00eamio\u201d, Khadafi passou a ser aceito como uma lideran\u00e7a junto a governos como o de Tony Blair, Sarkozy, Silvio Berlusconi e Bush.<\/p>\n<p align=\"JUSTIFY\">O resultado destas pol\u00edticas foi um quadro de infla\u00e7\u00e3o e desemprego que, aliado \u00e0 crise do capitalismo internacional em curso e ao car\u00e1ter autorit\u00e1rio do regime, gerou a revolta e mobilizou a popula\u00e7\u00e3o, que identifica em Khadafi a origem de seus problemas. O quadro, no entanto, abre margem para tentativas de manipula\u00e7\u00e3o pol\u00edtica de fontes internas e externas ao pa\u00eds: ao descontentamento com a natureza fechada e dura do regime, somam-se os interesses da burguesia l\u00edbia em manter-se no poder, com outra forma de governo, e dos pa\u00edses imperialistas que, com a difus\u00e3o de forte propaganda, induzem setores populares a empunhar a bandeira da monarquia deposta e a reabilitar o antigo rei Idris, fiel seguidor dos ditames dos EUA e da Inglaterra. A CIA, por sua vez, se faz presente no treinamento e financiamento do grupo Frente Nacional para a Salva\u00e7\u00e3o da L\u00edbia e mant\u00e9m agentes infiltrados nas movimenta\u00e7\u00f5es populares. .<\/p>\n<p align=\"JUSTIFY\">Setores da direita norteamericana tentam promover uma campanha para uma interven\u00e7\u00e3o militar direta dos EUA na L\u00edbia. \u00c9 no m\u00ednimo suspeita a cobertura da m\u00eddia sobre as manifesta\u00e7\u00f5es e tamb\u00e9m \u00e9 mais suspeito ainda a movimento dos governos dos EUA e da Uni\u00e3o Europ\u00e9ia em aprovar novas san\u00e7\u00f5es contra a L\u00edbia. J\u00e1 se fala abertamente, tamb\u00e9m, em constituir-se uma zona de exclus\u00e3o a\u00e9rea na parte da L\u00edbia onde a revolta \u00e9 maior.<\/p>\n<p align=\"JUSTIFY\">Ao mesmo tempo em que criticamos a viol\u00eancia que vem sendo exercida contra os manifestantes na L\u00edbia e em todos os pa\u00edses \u00e1rabes e africanos, registramos a hipocrisia dos pa\u00edses imperialistas, que t\u00eam uma pol\u00edtica de dupla moral: apesar de falarem em defesa dos direitos humanos, s\u00e3o eles os principais respons\u00e1veis pelas viola\u00e7\u00f5es desses direitos no mundo e tamb\u00e9m os principais apoiadores e financiadores de ditaduras sanguin\u00e1rias, n\u00e3o s\u00f3 entre \u00e1rabes e africanos, mas em todas as regi\u00f5es do planeta.<\/p>\n<p align=\"JUSTIFY\">O Partido Comunista Brasileiro, coerente com sua linha pol\u00edtica e com sua a\u00e7\u00e3o internacionalista, espera que as manifesta\u00e7\u00f5es populares na L\u00edbia e nos demais pa\u00edses da regi\u00e3o resultem em governos democr\u00e1ticos, progressistas e revolucion\u00e1rios, capazes de proporcionar novas condi\u00e7\u00f5es de vida para a popula\u00e7\u00e3o e um novo rumo de desenvolvimento, justi\u00e7a e igualdade social para seus pa\u00edses, fora do jugo mesquinho dos interesses imperialistas.<\/p>\n<p align=\"JUSTIFY\">PCB \u2013 Partido Comunista Brasileiro<\/p>\n<p align=\"JUSTIFY\">Comiss\u00e3o Pol\u00edtica Nacional<\/p>\n<p align=\"JUSTIFY\">2 de mar\u00e7o de 2011<\/p>\n","protected":false},"excerpt":{"rendered":"\n\n\nCr\u00e9dito: PCB\n\n\n\n\n\n\n\n\n(Nota Pol\u00edtica do PCB)\n<a class=\"moretag\" href=\"https:\/\/pcb.org.br\/portal2\/1255\"> <\/a>","protected":false},"author":1,"featured_media":0,"comment_status":"open","ping_status":"open","sticky":false,"template":"","format":"standard","meta":{"jetpack_post_was_ever_published":false,"_jetpack_newsletter_access":"","_jetpack_dont_email_post_to_subs":false,"_jetpack_newsletter_tier_id":0,"_jetpack_memberships_contains_paywalled_content":false,"_jetpack_memberships_contains_paid_content":false,"footnotes":"","jetpack_publicize_message":"","jetpack_publicize_feature_enabled":true,"jetpack_social_post_already_shared":false,"jetpack_social_options":{"image_generator_settings":{"template":"highway","default_image_id":0,"font":"","enabled":false},"version":2}},"categories":[26],"tags":[],"class_list":["post-1255","post","type-post","status-publish","format-standard","hentry","category-c25-notas-politicas-do-pcb"],"jetpack_publicize_connections":[],"jetpack_featured_media_url":"","jetpack_shortlink":"https:\/\/wp.me\/p659gw-kf","jetpack-related-posts":[],"jetpack_likes_enabled":true,"jetpack_sharing_enabled":true,"_links":{"self":[{"href":"https:\/\/pcb.org.br\/portal2\/wp-json\/wp\/v2\/posts\/1255","targetHints":{"allow":["GET"]}}],"collection":[{"href":"https:\/\/pcb.org.br\/portal2\/wp-json\/wp\/v2\/posts"}],"about":[{"href":"https:\/\/pcb.org.br\/portal2\/wp-json\/wp\/v2\/types\/post"}],"author":[{"embeddable":true,"href":"https:\/\/pcb.org.br\/portal2\/wp-json\/wp\/v2\/users\/1"}],"replies":[{"embeddable":true,"href":"https:\/\/pcb.org.br\/portal2\/wp-json\/wp\/v2\/comments?post=1255"}],"version-history":[{"count":0,"href":"https:\/\/pcb.org.br\/portal2\/wp-json\/wp\/v2\/posts\/1255\/revisions"}],"wp:attachment":[{"href":"https:\/\/pcb.org.br\/portal2\/wp-json\/wp\/v2\/media?parent=1255"}],"wp:term":[{"taxonomy":"category","embeddable":true,"href":"https:\/\/pcb.org.br\/portal2\/wp-json\/wp\/v2\/categories?post=1255"},{"taxonomy":"post_tag","embeddable":true,"href":"https:\/\/pcb.org.br\/portal2\/wp-json\/wp\/v2\/tags?post=1255"}],"curies":[{"name":"wp","href":"https:\/\/api.w.org\/{rel}","templated":true}]}}