{"id":12649,"date":"2016-11-18T13:13:27","date_gmt":"2016-11-18T16:13:27","guid":{"rendered":"https:\/\/pcb.org.br\/portal2\/?p=12649"},"modified":"2016-12-02T21:39:35","modified_gmt":"2016-12-03T00:39:35","slug":"temer-pib-e-estelionato-golpeachmental","status":"publish","type":"post","link":"https:\/\/pcb.org.br\/portal2\/12649","title":{"rendered":"Temer, PIB e estelionato golpeachmental"},"content":{"rendered":"<p><img data-recalc-dims=\"1\" decoding=\"async\" class=\"imagem\" title=\"imagem\" src=\"https:\/\/i0.wp.com\/cartamaior.com.br\/arquivosCartaMaior\/FOTO\/186\/7CC70FD2EB519374988D721523ECA0A468AB340C767CE2994E3C6204942E95FC.jpg?w=747\" alt=\"imagem\" \/>Paulo Kliass*<\/p>\n<p>Ao longo do presente ano, toda a agenda da pol\u00edtica nacional esteve dominada pela sanha golpista. Os tempos e as an\u00e1lises dos principais \u00f3rg\u00e3os da grande imprensa alternavam-se entre as den\u00fancias seletivas da Opera\u00e7\u00e3o Lava Jato e as interpreta\u00e7\u00f5es for\u00e7adas a respeito das chamadas pedaladas fiscais. O objetivo expl\u00edcito e n\u00e3o disfar\u00e7ado era promover o afastamento da Presidenta Dilma, abrindo espa\u00e7o para que o programa que havia sido derrotado nas elei\u00e7\u00f5es de outubro de 2014 pudesse, finalmente, se transformar em pol\u00edtica de governo.<img data-recalc-dims=\"1\" decoding=\"async\" class=\"imagemp\" src=\"https:\/\/i0.wp.com\/pcb.org.br\/portal\/images\/stories\/outras-opinioes.png?w=747&#038;ssl=1\" \/><!--more--><\/p>\n<p>Isso significava trazer para dentro do Pal\u00e1cio do Planalto as propostas de impor severos ajustes na pol\u00edtica fiscal, ao mesmo tempo em que se recusava a por em marcha a t\u00e3o necess\u00e1ria flexibiliza\u00e7\u00e3o da pol\u00edtica monet\u00e1ria. A economia brasileira j\u00e1 come\u00e7ava a reduzir de forma significativa seu ritmo de crescimento. E para piorar tudo, Dilma rompe com a \u00faltima esperan\u00e7a proporcionada pelo amplo leque de for\u00e7as pol\u00edticas se formou em torno de sua reelei\u00e7\u00e3o, quando a candidata de \u201ccora\u00e7\u00e3o valente\u201d prometia mudan\u00e7as na dire\u00e7\u00e3o da recupera\u00e7\u00e3o da via do desenvolvimento com redu\u00e7\u00e3o de desigualdades e com a inclus\u00e3o social.<\/p>\n<p>A cereja do bolo foi o convencimento generalizado de que todos os males que o Pa\u00eds padecia deveriam atribu\u00eddos \u00e0 suposta incompet\u00eancia da equipe econ\u00f4mica de Dilma. N\u00e3o haveria raz\u00f5es para muita preocupa\u00e7\u00e3o, pois a solu\u00e7\u00e3o seria simples. Isso \u00e9 o que asseguravam os analistas e colunistas que mais tramavam abertamente pelo golpe. Bastaria substituir Dilma por Temer que tudo se resolveria \u00e0s mil maravilhas. A chegada de Henrique Meirelles ao Minist\u00e9rio da Fazenda com as devidas honras de salvador da P\u00e1tria mal escondia a realidade dos fatos<\/p>\n<p>\u201cPrimeiro a gente tira a Dilma, depois tudo se acerta\u201d era o mantra que percorria os encontros de nossa elite. E assim foi seguido \u00e0 risca o roteiro do golpe midi\u00e1tico-jur\u00eddico. Temer recupera as orienta\u00e7\u00f5es gerais do programa \u201cPonte para o futuro\u201d do PMDB e incorpora a nata do financismo para dentro de sua equipe. Meirelles no Minist\u00e9rio da Fazenda e Ilan Goldfajn no Banco Central representavam tudo o que desejavam os representantes da banca privada. Era a ante sala da reden\u00e7\u00e3o brasileira.<\/p>\n<p>A verdade \u00e9 que os apoiadores da mudan\u00e7a sentem-se agora como v\u00edtimas de um verdadeiro estelionato golpeachmental. Num paradoxal contexto do avesso do avesso da ruptura program\u00e1tica praticada Dilma depois de sua reelei\u00e7\u00e3o, agora parcela dos setores que se aventuraram no impedimento flagrantemente inconstitucional se dizem enganados. Afinal, a eles havia sido prometido que bastaria substituir o ocupante do Pal\u00e1cio da Alvorada e os dirigentes da pol\u00edtica econ\u00f4mica. E que isso promoveria uma profunda revers\u00e3o das expectativas dos agentes econ\u00f4micos e bl\u00e1 bl\u00e1 bl\u00e1. Em s\u00edntese, o discurso que se consolidava de forma hegem\u00f4nica por todos os cantos era de que os investimentos paralisados seriam rapidamente retomados e que o PIB voltaria rapidamente a crescer. Simp les no \u00faltimo!<\/p>\n<p><strong>Retomada do crescimento exige o oposto do austeric\u00eddio.<\/strong><\/p>\n<p>E no nosso caso atual h\u00e1 dois fatores essenciais que interferem negativamente para a retomada dos investimentos na economia produtiva real. De um lado, atua o elevad\u00edssimo patamar da capacidade ociosa da economia brasileira \u2013 para aumentar a produ\u00e7\u00e3o n\u00e3o \u00e9 necess\u00e1rio nem investir mais. De outro lado, vemos os estratosf\u00e9ricos ganhos financeiros assegurados ao capital parasita na esfera da especula\u00e7\u00e3o financeira. Assim, ambos somam-se \u00e0 recess\u00e3o e ao desemprego, que refor\u00e7am negativamente as expectativas de consumo futuro. Afinal, com a economia paralisada, a renda m\u00e9dia geral tamb\u00e9m cai e o elevado grau de endividamento dos governos, das empresas e das fam\u00edlias n\u00e3o estimula em nada estimativas de acr\u00e9scimos no ritmo de consumo j&amp;aacut e; t\u00e3o reduzido.<\/p>\n<p>Ocorre que a realidade \u00e9 chata, insistente e n\u00e3o deixa de ser retratada nas estat\u00edsticas oficiais. Agora parece que os grandes jornais e as redes de comunica\u00e7\u00e3o finalmente despertaram e n\u00e3o conseguem mais esconder os n\u00fameros apurados pelo pr\u00f3prio governo. At\u00e9 o jornal Valor Econ\u00f4mico estampa em mat\u00e9ria de capa no feriado de 15 de novembro: de recupera\u00e7\u00e3o da atividade econ\u00f4mica a partir deste fim de ano est\u00e3o sendo. Depois dos maus resultados da ind\u00fastria e do com\u00e9rcio no terceiro trimestre, alguns indicadores econ\u00f4micos de outubro refor\u00e7aram a avalia\u00e7\u00e3o de que a economia vai encolher tamb\u00e9m nos \u00faltimos tr\u00eas meses do ano Os empres\u00e1rios se iludiram com as supostas maravilhas que seriam obtidas a partir da campanha do golpe. Assim, demonstravam expectativas positivas com o cen\u00e1rio futuro, quando indagados nas pesquisas. No entanto, quando perguntados se tinham inten\u00e7\u00f5es de aumentar os investimentos em seus pr\u00f3prios empreendimentos, a resposta era sistematicamente negativa. Ora, parece \u00f3bvio que essa conta n\u00e3o iria fechar nunca. Quais seriam essas tais \u201cexpectativas positivas\u201d gerais que n\u00e3o se transformavam em aumento da capacidade instalada e n\u00e3o promoviam acr\u00e9scimos em seus pr\u00f3prios investimentos?<\/p>\n<p>Quem apostou no golpe sonhando com harmonia social e crescimento econ\u00f4mico deve estar profundamente arrependido da ilus\u00e3o em que caiu. A ruptura institucional e a insist\u00eancia cega no austeric\u00eddio s\u00f3 tem provocado eleva\u00e7\u00e3o da temperatura nos conflitos por todos os cantos na Na\u00e7\u00e3o. A op\u00e7\u00e3o de Temer por introduzir na agenda pol\u00edtica o tema da reforma previdenci\u00e1ria redutora de direitos s\u00f3 dever\u00e1 colocar ainda mais lenha na fogueira. O perigoso endurecimento do regime em dire\u00e7\u00e3o a uma forma particular de autoritarismo institucionalizado \u00e9 fonte de preocupa\u00e7\u00e3o at\u00e9 em esferas internacionais de direito.<\/p>\n<p><strong>Estelionato golpeachmental: a culpa \u00e9 do Trump!<\/strong><\/p>\n<p>Mas o fato concreto \u00e9 que houve um estelionato golpeachmental. Prometeram e n\u00e3o cumpriram. Lan\u00e7aram m\u00e3o de propaganda enganosa e n\u00e3o entregaram o prometido. A economia continua rateando e estamos mesmo na maior recess\u00e3o de nossa hist\u00f3ria. Ali\u00e1s, j\u00e1 tem banco grande a\u00ed fazendo as contas meio \u00e0s escondidas e concluindo que talvez o crescimento do PIB n\u00e3o ocorra nem mesmo em 2017. A julgar pelas informa\u00e7\u00f5es existentes, o fundo do po\u00e7o ainda n\u00e3o foi encontrado.<\/p>\n<p>*Paulo Kliass \u00e9 doutor em Economia pela Universidade de Paris 10 e Especialista em Pol\u00edticas P\u00fablicas e Gest\u00e3o Governamental, carreira do governo federal.<\/p>\n<p><a href=\"http:\/\/cartamaior.com.br\/?\/Editoria\/Economia\/Temer-PIB-e-estelionato-golpeachmental\/7\/37247\" target=\"_blank\">http:\/\/cartamaior.com.br\/?\/E<wbr \/>ditoria\/Economia\/Temer-PIB-e-e<wbr \/>stelionato-golpeachmental\/7\/37<wbr \/>247<\/a><\/p>\n","protected":false},"excerpt":{"rendered":"Paulo Kliass* Ao longo do presente ano, toda a agenda da pol\u00edtica nacional esteve dominada pela sanha golpista. Os tempos e as an\u00e1lises \n<a class=\"moretag\" href=\"https:\/\/pcb.org.br\/portal2\/12649\"> <\/a>","protected":false},"author":1,"featured_media":0,"comment_status":"closed","ping_status":"closed","sticky":false,"template":"","format":"standard","meta":{"jetpack_post_was_ever_published":false,"_jetpack_newsletter_access":"","_jetpack_dont_email_post_to_subs":true,"_jetpack_newsletter_tier_id":0,"_jetpack_memberships_contains_paywalled_content":false,"_jetpack_memberships_contains_paid_content":false,"footnotes":"","jetpack_publicize_message":"","jetpack_publicize_feature_enabled":true,"jetpack_social_post_already_shared":true,"jetpack_social_options":{"image_generator_settings":{"template":"highway","default_image_id":0,"font":"","enabled":false},"version":2}},"categories":[104],"tags":[],"class_list":["post-12649","post","type-post","status-publish","format-standard","hentry","category-c117-outras-opinioes"],"jetpack_publicize_connections":[],"jetpack_featured_media_url":"","jetpack_shortlink":"https:\/\/wp.me\/p659gw-3i1","jetpack-related-posts":[],"jetpack_likes_enabled":true,"jetpack_sharing_enabled":true,"_links":{"self":[{"href":"https:\/\/pcb.org.br\/portal2\/wp-json\/wp\/v2\/posts\/12649","targetHints":{"allow":["GET"]}}],"collection":[{"href":"https:\/\/pcb.org.br\/portal2\/wp-json\/wp\/v2\/posts"}],"about":[{"href":"https:\/\/pcb.org.br\/portal2\/wp-json\/wp\/v2\/types\/post"}],"author":[{"embeddable":true,"href":"https:\/\/pcb.org.br\/portal2\/wp-json\/wp\/v2\/users\/1"}],"replies":[{"embeddable":true,"href":"https:\/\/pcb.org.br\/portal2\/wp-json\/wp\/v2\/comments?post=12649"}],"version-history":[{"count":0,"href":"https:\/\/pcb.org.br\/portal2\/wp-json\/wp\/v2\/posts\/12649\/revisions"}],"wp:attachment":[{"href":"https:\/\/pcb.org.br\/portal2\/wp-json\/wp\/v2\/media?parent=12649"}],"wp:term":[{"taxonomy":"category","embeddable":true,"href":"https:\/\/pcb.org.br\/portal2\/wp-json\/wp\/v2\/categories?post=12649"},{"taxonomy":"post_tag","embeddable":true,"href":"https:\/\/pcb.org.br\/portal2\/wp-json\/wp\/v2\/tags?post=12649"}],"curies":[{"name":"wp","href":"https:\/\/api.w.org\/{rel}","templated":true}]}}