{"id":12687,"date":"2016-11-22T21:45:36","date_gmt":"2016-11-23T00:45:36","guid":{"rendered":"https:\/\/pcb.org.br\/portal2\/?p=12687"},"modified":"2016-12-02T21:42:07","modified_gmt":"2016-12-03T00:42:07","slug":"mendonca-filho-uma-indicacao-das-escolas-particulares-para-o-ministerio-da-educacao","status":"publish","type":"post","link":"https:\/\/pcb.org.br\/portal2\/12687","title":{"rendered":"Mendon\u00e7a Filho: Uma indica\u00e7\u00e3o das escolas particulares para o Minist\u00e9rio da Educa\u00e7\u00e3o"},"content":{"rendered":"<p><img data-recalc-dims=\"1\" decoding=\"async\" class=\"imagem\" title=\"imagem\" src=\"https:\/\/i0.wp.com\/www.patrialatina.com.br\/wp-content\/uploads\/2016\/11\/a-mendon%C3%A7a.jpg?w=747\" alt=\"imagem\" \/>Por Michel Zaidan Filho*<\/p>\n<p>Permaneci esse tempo todo intrigado com o modo como foi indicado o deputado pernambucano Jos\u00e9 Mendon\u00e7a Filho (o \u201cMendoncinha\u201d) para o Minist\u00e9rio da Educa\u00e7\u00e3o.<!--more--><\/p>\n<p>No in\u00edcio, pensei que fosse uma retribui\u00e7\u00e3o pelo seu ingente trabalho conspirat\u00f3rio contra a Presidente da Rep\u00fablica, mesmo desmerecendo com isso a import\u00e2ncia da Educa\u00e7\u00e3o, nesse minist\u00e9rio de \u201chomens, brancos e ricos\u201d, como disse a nossa Presidenta.<\/p>\n<p>Conhe\u00e7o o deputado pernambucano h\u00e1 v\u00e1rios anos, mas nunca tinha visto nele nenhuma voca\u00e7\u00e3o especial para tratar de pol\u00edticas p\u00fablicas para a Educa\u00e7\u00e3o. \u201cMendoncinha\u201d \u00e9 natural de Belo Jardim (PE) e filho de um ex-deputado do PFL, Jos\u00e9 Mendo Bezerra. \u00c9 casado com a filha do genro do coronel Chico Her\u00e1clito, de Limoeiro, e senador bi\u00f4nico, Marcos Vin\u00edcius Vila\u00e7a, que apesar de posar de literato e intelectual, nunca se referiu ao genro, de maneira intelectualmente elogiosa.<\/p>\n<p>H\u00e1 pouco, descobri atrav\u00e9s de uma das minhas leitoras que ele tinha sido professor dela. E \u00f3timo professor! Fiquei matutando que disciplina o colega de Belo Jardim teria lecionado. Depois descobri que ele tinha sido presidente de uma Associa\u00e7\u00e3o de Avicultores. Da\u00ed passei a achar que ele tivesse conhecimentos de galin\u00e1ceos e seus correlatos.<\/p>\n<p>O colega foi duas vezes \u00e0 P\u00f3s-gradua\u00e7\u00e3o de Ci\u00eancia Pol\u00edtica, a meu convite. Mas foi \u201cpuxado\u201d pelo seu tio, o saudoso empres\u00e1rio Edson Moura Moror\u00f3, de quem me considerei amigo at\u00e9 o dia de sua morte. Foi Dr. Edson quem rebocou o sobrinho (como faria com o ex-senador Marco Maciel) a atender o meu convite. Em nenhuma das vezes, o deputado do DEM (e conspirador) demonstrou dotes orat\u00f3rios, intelectuais ou mesmo pol\u00edticos; chegou a mostrar nervosismo e derramar uma x\u00edcara de caf\u00e9. Depois disso, Mendoncinha n\u00e3o voltaria a aceitar nenhum convite para ir ao Programa, apesar das promessas\u2026<\/p>\n<p>Qual n\u00e3o foi, ent\u00e3o, a minha surpresa quando soube de sua nomea\u00e7\u00e3o pelo usurpador interino para Ministro da Educa\u00e7\u00e3o!\u00a0 E, por extens\u00e3o, da Cultura. Fiquei pensando: cultura av\u00edcola? Ou quem sabe lupina? \u2013\u00a0 Agora vem o esclarecimento que foi o empres\u00e1rio dos servi\u00e7os educacionais, Jangui\u00ea Diniz, dono da Faculdade Maur\u00edcio de Nassau, quem bancou a indica\u00e7\u00e3o do nome de Jos\u00e9 Mendon\u00e7a Filho para o Minist\u00e9rio da Educa\u00e7\u00e3o!<br \/>\nMais ainda, o empres\u00e1rio educacional conseguiu tamb\u00e9m emplacar o nome do economista Maur\u00edcio Rom\u00e3o para a Secretaria de regula\u00e7\u00e3o e supervis\u00e3o, do MEC, \u00f3rg\u00e3o respons\u00e1vel pela licen\u00e7a e autoriza\u00e7\u00e3o para funcionamento de novos cursos. Voc\u00eas imaginem como \u00e9 colocar uma raposa no galinheiro e avaliem o resultado dessa astuta opera\u00e7\u00e3o: o dono da faculdade privada interfere diretamente no \u00f3rg\u00e3o respons\u00e1vel pela fiscaliza\u00e7\u00e3o do seu neg\u00f3cio!<\/p>\n<p>N\u00e3o foi \u00e0-toa que o ministro interino entrou com uma a\u00e7\u00e3o no STF para derrubar as cotas dos estudantes nos cursos superiores p\u00fablicos e agora se saiu com a ideia extraordin\u00e1ria de autorizar a cobran\u00e7a de mensalidades nas IESs p\u00fablicas. Dissipou-se o mist\u00e9rio da indica\u00e7\u00e3o do deputado de Belo Jardim: representante de interesses privatistas no Minist\u00e9rio da Educa\u00e7\u00e3o.<\/p>\n<p>Tal como o da sa\u00fade, o deputado Ricardo Barros, quer acabar ou diminuir o SUS, atendendo ao pedido das empresas privadas de Sa\u00fade. E o das cidades, o menudo Bruno Ara\u00fajo, pretende acabar ou diminuir com o programa de habita\u00e7\u00e3o popular. E o do Desenvolvimento Social, ansioso em acabar ou diminuir as pol\u00edticas compensat\u00f3rias de redistribui\u00e7\u00e3o de renda. E o das Rela\u00e7\u00f5es Exteriores, acabar com a pol\u00edtica externa multilateral, sul-sul, do governo LULA, para voltar \u00e0 subservi\u00eancia do Brasil aos interesses norte-americanos.<\/p>\n<p>Esse minist\u00e9rio n\u00e3o \u00e9 s\u00f3 de homens, brancos e ricos. Ele \u00e9 o minist\u00e9rio da privatiza\u00e7\u00e3o grosseira, brutal, antipopular e antinacional. Perguntaram-me porque tantos pernambucanos estavam nesse minist\u00e9rio do temer\u00e1rio amigo de Eduardo Cunha, o desventuroso. A explica\u00e7\u00e3o \u00e9 uma s\u00f3: troca-troca, compra e venda, fisiologismo puro. Nunca ficou t\u00e3o clara e revelada a voca\u00e7\u00e3o desses pol\u00edticos provincianos em vender o apoio \u2013 para causas t\u00e3o deprimentes \u2013 em troca de alguma visibilidade, de alguma notabilidade, mesmo \u00e0s custas de um golpe e da destrui\u00e7\u00e3o das pol\u00edticas redistributivas.<br \/>\nN\u00e3o se preocupam com nada, nem com ningu\u00e9m. S\u00f3 com os cargos e os dividendos pol\u00edticos que ele podem trazer. Lament\u00e1vel essa crise de representa\u00e7\u00e3o parlamentar. Ela s\u00f3 contribui para aumentar a descren\u00e7a do cidad\u00e3o comum nos pol\u00edticos e pavimentar a estrada para os aventureiros de toda estirpe.<\/p>\n<p>*Michel Zaidan Filho \u00e9 garanhuense, professor da Universidade Federal de Pernambuco e Cientista Pol\u00edtico.<\/p>\n<blockquote data-secret=\"fXOh2RULQ7\" class=\"wp-embedded-content\"><p><a href=\"http:\/\/www.patrialatina.com.br\/mendonca-filho-uma-indicacao-das-escolas-particulares-para-o-ministerio-da-educacao\/\">Mendon\u00e7a Filho: Uma indica\u00e7\u00e3o das escolas particulares para o Minist\u00e9rio da Educa\u00e7\u00e3o<\/a><\/p><\/blockquote>\n<p><iframe loading=\"lazy\" class=\"wp-embedded-content\" sandbox=\"allow-scripts\" security=\"restricted\" style=\"position: absolute; clip: rect(1px, 1px, 1px, 1px);\" src=\"http:\/\/www.patrialatina.com.br\/mendonca-filho-uma-indicacao-das-escolas-particulares-para-o-ministerio-da-educacao\/embed\/#?secret=fXOh2RULQ7\" data-secret=\"fXOh2RULQ7\" width=\"600\" height=\"338\" title=\"&#8220;Mendon\u00e7a Filho: Uma indica\u00e7\u00e3o das escolas particulares para o Minist\u00e9rio da Educa\u00e7\u00e3o&#8221; &#8212; Patria Latina\" frameborder=\"0\" marginwidth=\"0\" marginheight=\"0\" scrolling=\"no\"><\/iframe><\/p>\n","protected":false},"excerpt":{"rendered":"Por Michel Zaidan Filho* Permaneci esse tempo todo intrigado com o modo como foi indicado o deputado pernambucano Jos\u00e9 Mendon\u00e7a Filho (o \u201cMendoncinha\u201d) \n<a class=\"moretag\" href=\"https:\/\/pcb.org.br\/portal2\/12687\"> <\/a>","protected":false},"author":1,"featured_media":0,"comment_status":"closed","ping_status":"closed","sticky":false,"template":"","format":"standard","meta":{"jetpack_post_was_ever_published":false,"_jetpack_newsletter_access":"","_jetpack_dont_email_post_to_subs":true,"_jetpack_newsletter_tier_id":0,"_jetpack_memberships_contains_paywalled_content":false,"_jetpack_memberships_contains_paid_content":false,"footnotes":"","jetpack_publicize_message":"","jetpack_publicize_feature_enabled":true,"jetpack_social_post_already_shared":true,"jetpack_social_options":{"image_generator_settings":{"template":"highway","default_image_id":0,"font":"","enabled":false},"version":2}},"categories":[60],"tags":[],"class_list":["post-12687","post","type-post","status-publish","format-standard","hentry","category-c71-educacao"],"jetpack_publicize_connections":[],"jetpack_featured_media_url":"","jetpack_shortlink":"https:\/\/wp.me\/p659gw-3iD","jetpack-related-posts":[],"jetpack_likes_enabled":true,"jetpack_sharing_enabled":true,"_links":{"self":[{"href":"https:\/\/pcb.org.br\/portal2\/wp-json\/wp\/v2\/posts\/12687","targetHints":{"allow":["GET"]}}],"collection":[{"href":"https:\/\/pcb.org.br\/portal2\/wp-json\/wp\/v2\/posts"}],"about":[{"href":"https:\/\/pcb.org.br\/portal2\/wp-json\/wp\/v2\/types\/post"}],"author":[{"embeddable":true,"href":"https:\/\/pcb.org.br\/portal2\/wp-json\/wp\/v2\/users\/1"}],"replies":[{"embeddable":true,"href":"https:\/\/pcb.org.br\/portal2\/wp-json\/wp\/v2\/comments?post=12687"}],"version-history":[{"count":0,"href":"https:\/\/pcb.org.br\/portal2\/wp-json\/wp\/v2\/posts\/12687\/revisions"}],"wp:attachment":[{"href":"https:\/\/pcb.org.br\/portal2\/wp-json\/wp\/v2\/media?parent=12687"}],"wp:term":[{"taxonomy":"category","embeddable":true,"href":"https:\/\/pcb.org.br\/portal2\/wp-json\/wp\/v2\/categories?post=12687"},{"taxonomy":"post_tag","embeddable":true,"href":"https:\/\/pcb.org.br\/portal2\/wp-json\/wp\/v2\/tags?post=12687"}],"curies":[{"name":"wp","href":"https:\/\/api.w.org\/{rel}","templated":true}]}}