{"id":12850,"date":"2016-12-05T21:41:53","date_gmt":"2016-12-06T00:41:53","guid":{"rendered":"https:\/\/pcb.org.br\/portal2\/?p=12850"},"modified":"2016-12-18T02:24:05","modified_gmt":"2016-12-18T05:24:05","slug":"curso-de-formacao-politica-marxismo-e-revolucao-em-porto-alegre","status":"publish","type":"post","link":"https:\/\/pcb.org.br\/portal2\/12850","title":{"rendered":"Curso de forma\u00e7\u00e3o politica &#8211; Marxismo e Revolu\u00e7\u00e3o em Porto Alegre"},"content":{"rendered":"<p><img decoding=\"async\" class=\"imagem100a\" title=\"imagem\" src=\"https:\/\/lh3.googleusercontent.com\/mBVcQGM5f4YWKu80K9UZuwVq2EjsMzVqVCTydInq7VBDhbOWchuq10Z6BY1sLfYCT4PRmXxY-3FNpDmcSon_z-6obJGfk5lV4uZ0Uzh1EFCCu48QWrwW183iiMt7AzQ-omrJIfGLMq4HF4tJT5LakU1Et1el09acsHdHRJaDJSn6Si3osSOemhzuLtdmjtalaAc5xzKYo0xDu7hevVDueLuftEXuHtu9urFl7y9Mpl6Jed6CRQvDIftNEWJUJc8wsgkP6nDCFAtM8pstEw2keLAPL9PTFP2rGffgui_9Jq00b2YRiy970AuO91yEds3jWLPFY3w4vCao6MduTwIXgJ-9-JNZmR7oa21cJBpfyPnH3R4db2tJFPXkAykgXXDnJgD2-kuma9Uubzvhg8aM7HTCuRWyC7BZZecwLlrRO_J3KSR9M4TlUIeqLEF_RUEofA5hoTsgPXqdEWDE-xHPoLVhgZJTv-v8G9rLaze6ltnM49RlVP8hJZ5kJmGnJqlBRs19Qw-xNOV5B2Za6mizTt0KmdJgLpqyqFY01kdseH8pLuWnmm4TT9yg8HHSgvwe4Pmcj6KeV0E7gDhd5DyunERe8iZZsJS9ZjDZlA8dpESaN3rWmecVEhfvv8ZkhP7ORokiCZsi4Q=w1237-h1316-no\" alt=\"imagem\" \/><!--more-->&#8220;O Instituto Caio Prado J\u00fanior em parceria com a Unidade Classista, o SINASEFE-IFF S\u00e3o Vicente do Sul e SITECT-RS, realizar\u00e1 um curso de forma\u00e7\u00e3o pol\u00edtica intitulado: Marxismo e Revolu\u00e7\u00e3o, nos dias 10 e 11 de dezembro em Porto Alegre, na sede do SINDPPD. O Objetivo do curso \u00e9 aprofundar a compreens\u00e3o das lutas sociais ao longo da hist\u00f3ria e a elabora\u00e7\u00e3o da teoria marxista como forma de instrumentalizar as lutas anticapitalistas, a partir das experi\u00eancias revolucion\u00e1rias e da compreens\u00e3o da realidade pol\u00edtica e econ\u00f4mica da sociedade capitalista.<\/p>\n<p>Programa\u00e7\u00e3o:<\/p>\n<p><i>Dia 10 de dezembro (s\u00e1bado)<\/i><\/p>\n<p>Manh\u00e3: 9h \u00e0s 12h<\/p>\n<p>Lutas sociais e revolu\u00e7\u00f5es prolet\u00e1rias &#8211; Milton Pinheiro (UNEB)<\/p>\n<p>Tarde: 14h \u00e0s 17h<\/p>\n<p>Economia pol\u00edtica para trabalhadores &#8211; Sofia Manzano (UESB)<\/p>\n<p><i>Dia 11 de dezembro (domingo)<\/i><\/p>\n<p>Manh\u00e3: 9h \u00e0s 12h<\/p>\n<p>O Estado na teoria marxista &#8211; Prof. Dr Mauro Iasi (UFRJ)<\/p>\n<p>Tarde: 14h \u00e0s 17h<\/p>\n<p>Organiza\u00e7\u00e3o pol\u00edtica e luta de classes &#8211; Edmilson Costa (ICP)<\/p>\n","protected":false},"excerpt":{"rendered":"<a class=\"moretag\" href=\"https:\/\/pcb.org.br\/portal2\/12850\"> <\/a>","protected":false},"author":1,"featured_media":0,"comment_status":"closed","ping_status":"closed","sticky":false,"template":"","format":"standard","meta":{"jetpack_post_was_ever_published":false,"_jetpack_newsletter_access":"","_jetpack_dont_email_post_to_subs":true,"_jetpack_newsletter_tier_id":0,"_jetpack_memberships_contains_paywalled_content":false,"_jetpack_memberships_contains_paid_content":false,"footnotes":"","jetpack_publicize_message":"","jetpack_publicize_feature_enabled":true,"jetpack_social_post_already_shared":true,"jetpack_social_options":{"image_generator_settings":{"template":"highway","default_image_id":0,"font":"","enabled":false},"version":2}},"categories":[50],"tags":[],"class_list":["post-12850","post","type-post","status-publish","format-standard","hentry","category-c61-cultura-revolucionaria"],"jetpack_publicize_connections":[],"jetpack_featured_media_url":"","jetpack_shortlink":"https:\/\/wp.me\/p659gw-3lg","jetpack-related-posts":[],"jetpack_likes_enabled":true,"jetpack_sharing_enabled":true,"_links":{"self":[{"href":"https:\/\/pcb.org.br\/portal2\/wp-json\/wp\/v2\/posts\/12850","targetHints":{"allow":["GET"]}}],"collection":[{"href":"https:\/\/pcb.org.br\/portal2\/wp-json\/wp\/v2\/posts"}],"about":[{"href":"https:\/\/pcb.org.br\/portal2\/wp-json\/wp\/v2\/types\/post"}],"author":[{"embeddable":true,"href":"https:\/\/pcb.org.br\/portal2\/wp-json\/wp\/v2\/users\/1"}],"replies":[{"embeddable":true,"href":"https:\/\/pcb.org.br\/portal2\/wp-json\/wp\/v2\/comments?post=12850"}],"version-history":[{"count":0,"href":"https:\/\/pcb.org.br\/portal2\/wp-json\/wp\/v2\/posts\/12850\/revisions"}],"wp:attachment":[{"href":"https:\/\/pcb.org.br\/portal2\/wp-json\/wp\/v2\/media?parent=12850"}],"wp:term":[{"taxonomy":"category","embeddable":true,"href":"https:\/\/pcb.org.br\/portal2\/wp-json\/wp\/v2\/categories?post=12850"},{"taxonomy":"post_tag","embeddable":true,"href":"https:\/\/pcb.org.br\/portal2\/wp-json\/wp\/v2\/tags?post=12850"}],"curies":[{"name":"wp","href":"https:\/\/api.w.org\/{rel}","templated":true}]}}