{"id":1288,"date":"2011-03-16T23:08:18","date_gmt":"2011-03-16T23:08:18","guid":{"rendered":"http:\/\/pcb.org.br\/portal2\/?p=1288"},"modified":"2011-03-16T23:08:18","modified_gmt":"2011-03-16T23:08:18","slug":"domingo-e-dia-de-luta-anti-imperialista-e-de-solidariedade-aos-povos-em-luta","status":"publish","type":"post","link":"https:\/\/pcb.org.br\/portal2\/1288","title":{"rendered":"DOMINGO \u00c9 DIA de LUTA ANTI-IMPERIALISTA E DE SOLIDARIEDADE AOS POVOS EM LUTA!"},"content":{"rendered":"\n<p><strong>Domingo \u00e9 dia de luta, vamos para as ruas nos manifestar contra a presen\u00e7a do principal representante do imperialismo em nosso pa\u00eds: todos \u00e0 Gl\u00f3ria, na sa\u00edda do Metr\u00f4 (do lado do Amarelinho). A concentra\u00e7\u00e3o come\u00e7ar\u00e1 \u00e0s 10 horas.<\/strong><\/p>\n<p>A crise sist\u00eamica do capital e a crise energ\u00e9tica, provocada pelo in\u00edcio de um decl\u00ednio da capacidade produtiva de petr\u00f3leo da terra, faz com que o imperialismo se mova , com mais intensidade, para os saques \u00e0s riquezas minerais e energ\u00e9ticas dos povos do Oriente M\u00e9dio, da \u00c1frica, e da Am\u00e9rica Latina.<\/p>\n<p>Sob o pretexto de levar &#8220;sua democracia&#8221;, ou &#8220;ajuda humanit\u00e1ria&#8221; e o combate ao &#8220;terrorismo internacional&#8221; invadem e ocupam pa\u00edses; utilizam bombas de n\u00eautron empobrecido, proibidas pelas conven\u00e7\u00f5es internacionais, que deixam seq\u00fcelas por gera\u00e7\u00f5es, contra os povos desarmados; devastam suas terras, casas e suas vidas: Uma verdadeira carnificina est\u00e1 sendo produzida no Afeganist\u00e3o, no Iraque e na Palestina, onde Israel, base militar dos EUA no Oriente M\u00e9dio e o ex\u00e9rcito americano cometem crimes de guerra, racismo e usurpa\u00e7\u00e3o das terras do povo palestino e usurpa\u00e7\u00e3o das riquezas do povo afeg\u00e3o e iraquiano.<\/p>\n<p>Essas ocupa\u00e7\u00f5es imperiais tamb\u00e9m visam fomentar a ind\u00fastria da guerra e da seguran\u00e7a. Tudo vale na busca incessante do lucro e do esp\u00f3lio de guerra! Diferente da segunda guerra mundial, os ex\u00e9rcitos dos EUA, de Israel e seus mercen\u00e1rios n\u00e3o lutam contra outros ex\u00e9rcitos institu\u00eddos, n\u00e3o h\u00e1 disputa b\u00e9lica inter burguesa. A principal caracter\u00edstica do momento hist\u00f3rico atual \u00e9 a agress\u00e3o mais brutal, genocida e fascista aos povos. O Oriente M\u00e9dio rico em petr\u00f3leo \u00e9 o principal alvo desta pol\u00edtica, mas o pent\u00e1gono j\u00e1 apresenta ao mundo uma nova agenda: \u201ccombater e vencer decisivamente em m\u00faltiplos cen\u00e1rios de guerra simult\u00e2neos\u201d, conforme Relat\u00f3rio220 do Project of the New American Century.<\/p>\n<p>Aqui na Am\u00e9rica Latina est\u00e3o com as patas na Col\u00f4mbia atrav\u00e9s das 8 bases militares e um cem n\u00fameros de assessoria militar da Cia e da Mossad. Neste pa\u00eds irm\u00e3o, todos os dias, trabalhadores, dirigentes sindicais, camponeses, \u00edndios s\u00e3o assassinados pela Estado terrorista. No Haiti, desgra\u00e7adamente, o povo \u00e9 abatido diariamente pela fome, mis\u00e9ria e pela ocupa\u00e7\u00e3o militar americana e pelos soldados do ex\u00e9rcito brasileiro sob seu comando.<\/p>\n<p>Mant\u00e9m um bloqueio criminoso a Cuba, amea\u00e7am a Venezuela e a Bol\u00edvia e financiam golpistas de direita, como foi o caso de Honduras. Suas tropas se movimentam na Costa Rica e no Panam\u00e1 e, desde a descoberta de petr\u00f3leo do pr\u00e9-sal em nosso pa\u00eds, os EUA reativaram a Quarta Frota de marinha de guerra e amea\u00e7am deslocar para o Atl\u00e2ntico sul, ou seja, para a costa brasileira, os navios de guerra da OTAN.<\/p>\n<p>E pensar que o governo brasileiro est\u00e1 promovendo acordos comerciais e montando palco para um assassino de povos, tal qual seu antecessor. Recha\u00e7amos firmemente tais acordos e denunciamos o comprometimento pol\u00edtico e a alian\u00e7a que se desenha entre o governo Dilma e o imp\u00e9rio norte americano.<\/p>\n<p>Por tudo, neste domingo a Plen\u00e1ria dos Movimentos Sociais realizada ontem, dia 16 de mar\u00e7o, no SINDIPETROS decidiu que vamos mostrar ao mundo que estamos lutando, em unidade, com todos aqueles que querem construir uma agenda anti imperialista e de solidariedade \u00e0 rebeli\u00e3o dos povos \u00e1rabes e a todos os povos oprimidos, rumo a nossa pr\u00f3pria emancipa\u00e7\u00e3o!<\/p>\n<p><strong>Fora imperialismo da Am\u00e9rica Latina!<\/strong><\/p>\n<p><strong>Tire as patas do Afeganist\u00e3o, Iraque, Haiti, Col\u00f4mbia e Palestina!<\/strong><\/p>\n<p><strong>Viva a rebeli\u00e3o \u00e1rabe! Toda nossa solidariedade aos povos em luta!<\/strong><\/p>\n<p><strong>Fora todas as ditaduras do Oriente M\u00e9dio!<\/strong><\/p>\n<p><strong>Tire as garras do Pr\u00e9-sal !<\/strong><\/p>\n<p><strong>N\u00e3o a ocupa\u00e7\u00e3o da L\u00edbia!<\/strong><\/p>\n<p><strong>Comit\u00ea de Solidariedade \u00e0 Luta do Povo Palestino do Rio de Janeiro<\/p>\n<p><\/strong><\/p>\n","protected":false},"excerpt":{"rendered":"\n\n\nCr\u00e9dito: Somos Todos Palestinos\n\n\n\n\n\n\n\n\nAJUDE A AMPLIAR ESSA CONVOCAT\u00d3RIA! VAMOS MOSTRAR AO MUNDO NOSSA GARRA, NOSSA UNIDADE E NOSSA FIBRA : Fora Obama de nosso pa\u00eds!\n<a class=\"moretag\" href=\"https:\/\/pcb.org.br\/portal2\/1288\"> <\/a>","protected":false},"author":1,"featured_media":0,"comment_status":"open","ping_status":"open","sticky":false,"template":"","format":"standard","meta":{"jetpack_post_was_ever_published":false,"_jetpack_newsletter_access":"","_jetpack_dont_email_post_to_subs":false,"_jetpack_newsletter_tier_id":0,"_jetpack_memberships_contains_paywalled_content":false,"_jetpack_memberships_contains_paid_content":false,"footnotes":"","jetpack_publicize_message":"","jetpack_publicize_feature_enabled":true,"jetpack_social_post_already_shared":false,"jetpack_social_options":{"image_generator_settings":{"template":"highway","default_image_id":0,"font":"","enabled":false},"version":2}},"categories":[38],"tags":[],"class_list":["post-1288","post","type-post","status-publish","format-standard","hentry","category-c43-imperialismo"],"jetpack_publicize_connections":[],"jetpack_featured_media_url":"","jetpack_shortlink":"https:\/\/wp.me\/p659gw-kM","jetpack-related-posts":[],"jetpack_likes_enabled":true,"jetpack_sharing_enabled":true,"_links":{"self":[{"href":"https:\/\/pcb.org.br\/portal2\/wp-json\/wp\/v2\/posts\/1288","targetHints":{"allow":["GET"]}}],"collection":[{"href":"https:\/\/pcb.org.br\/portal2\/wp-json\/wp\/v2\/posts"}],"about":[{"href":"https:\/\/pcb.org.br\/portal2\/wp-json\/wp\/v2\/types\/post"}],"author":[{"embeddable":true,"href":"https:\/\/pcb.org.br\/portal2\/wp-json\/wp\/v2\/users\/1"}],"replies":[{"embeddable":true,"href":"https:\/\/pcb.org.br\/portal2\/wp-json\/wp\/v2\/comments?post=1288"}],"version-history":[{"count":0,"href":"https:\/\/pcb.org.br\/portal2\/wp-json\/wp\/v2\/posts\/1288\/revisions"}],"wp:attachment":[{"href":"https:\/\/pcb.org.br\/portal2\/wp-json\/wp\/v2\/media?parent=1288"}],"wp:term":[{"taxonomy":"category","embeddable":true,"href":"https:\/\/pcb.org.br\/portal2\/wp-json\/wp\/v2\/categories?post=1288"},{"taxonomy":"post_tag","embeddable":true,"href":"https:\/\/pcb.org.br\/portal2\/wp-json\/wp\/v2\/tags?post=1288"}],"curies":[{"name":"wp","href":"https:\/\/api.w.org\/{rel}","templated":true}]}}