{"id":13093,"date":"2017-01-02T07:41:22","date_gmt":"2017-01-02T10:41:22","guid":{"rendered":"https:\/\/pcb.org.br\/portal2\/?p=13093"},"modified":"2017-01-16T11:33:43","modified_gmt":"2017-01-16T14:33:43","slug":"raul-nao-vamos-nem-iremos-para-o-capitalismo-isso-esta-totalmente-descartado","status":"publish","type":"post","link":"https:\/\/pcb.org.br\/portal2\/13093","title":{"rendered":"Ra\u00fal: \u00abN\u00e3o vamos nem iremos para o capitalismo, isso est\u00e1 totalmente descartado\u00bb"},"content":{"rendered":"<p><img data-recalc-dims=\"1\" decoding=\"async\" class=\"imagem\" title=\"imagem\" src=\"https:\/\/i0.wp.com\/pt.granma.cu\/file\/img\/2016\/12\/medium\/f0010593.jpg?w=747\" alt=\"imagem\" \/>Assim expressou o presidente dos Conselhos de Estado e de Ministros, general-de-ex\u00e9rcito Ra\u00fal Castro Ruz, ao concluir o oitavo per\u00edodo ordin\u00e1rio de sess\u00f5es da oitava legislatura, da Assembleia Nacional do Poder Popular<!--more--><\/p>\n<p>\u00abO l\u00edder hist\u00f3rico da Revolu\u00e7\u00e3o Cubana legou-nos seu exemplo imperecedouro, seu irrenunci\u00e1vel otimismo e f\u00e9 na vit\u00f3ria. O melhor monumento aos seus ideais e obra \u00e9 tornar realidade, cada dia, os postulados contidos em sua brilhante defini\u00e7\u00e3o de conceito de Revolu\u00e7\u00e3o, que tornou p\u00fablica em 1\u00ba de maio de 2000 e que milh\u00f5es de cubanos subscrevemos\u00bb.<\/p>\n<p>Ra\u00fal lembrou as palavras que proferiu em 3 de dezembro passado, em Santiago de Cuba, quando anunciou a vontade de Fidel de que seu nome e sua figura nunca fossem utilizados para nomear institui\u00e7\u00f5es, pra\u00e7as, parques, avenidas, ruas ou outros lugares p\u00fablicos, nem erguer em sua mem\u00f3ria monumentos, est\u00e1tuas nem outras formas similares. \u00abNosso Parlamento converteu em lei a vontade expressa pelo companheiro Fidel\u00bb, expressou.<\/p>\n<p>\u00abSeu esp\u00edrito de luta permanecer\u00e1 na consci\u00eancia dos revolucion\u00e1rios de hoje, de amanh\u00e3 e sempre, e assim o demonstraremos na revista militar e marcha do povo combatente, no dia 2 de janeiro, em homenagem ao Comandante-em-chefe e nossa juventude\u00bb, manifestou.<\/p>\n<p>Ao fazer uma an\u00e1lise da economia, o general-de-ex\u00e9rcito fez quest\u00e3o de lembrar as palavras que proferiu na sess\u00e3o ordin\u00e1ria de dezembro de 2015, quando advertiu que o desempenho deste setor, em 2016, devia enfrentar limita\u00e7\u00f5es financeiras, por causa da queda das receitas pelas exporta\u00e7\u00f5es e dos pre\u00e7os dos principais itens, entre outros fatores, proje\u00e7\u00f5es que foram confirmadas em meados do presente ano.<\/p>\n<p>\u00abAs limita\u00e7\u00f5es nos fornecimentos de combust\u00edvel e as tens\u00f5es financeiras agravaram-se no segundo semestre conduzindo ao decrescimento do Produto Interno Bruto em 0,9 %. Apesar disso, preservaram-se os servi\u00e7os de educa\u00e7\u00e3o e sa\u00fade gratuitos\u00bb, sublinhou Ra\u00fal. E ratificou que n\u00e3o se produziu o colapso da economia nem o retorno dos apag\u00f5es (blecautes), como auguravam n\u00e3o poucos maliciosos \u00f3rg\u00e3os da m\u00eddia internacional.<\/p>\n<p>\u00abN\u00e3o podem ser esquecidos os efeitos negativos que gera o bloqueio\u00bb, indicou. E comentou que Cuba continua sem poder realizar transa\u00e7\u00f5es internacionais em d\u00f3lares estadunidenses.<\/p>\n<p>Outro impacto na economia cubana provocaram, neste ano, as afeta\u00e7\u00f5es que ocasionou o furac\u00e3o Mathew, com um saldo significativo de destrui\u00e7\u00e3o de moradias, escolas e locais de sa\u00fade, entre outros, segundo precisou Ra\u00fal em suas palavras.<\/p>\n<p>\u00abGra\u00e7as \u00e0s medidas adotadas para a prote\u00e7\u00e3o da popula\u00e7\u00e3o n\u00e3o tivemos que lamentar a perda de vidas humanas, como aconteceu, infelizmente, em outros Estados\u00bb, disse.<\/p>\n<p>Agradeceu, ainda, as manifesta\u00e7\u00f5es de solidariedade e o apoio material recebido de muitos pa\u00edses e as organiza\u00e7\u00f5es internacionais do sistema das Na\u00e7\u00f5es Unidas para a recupera\u00e7\u00e3o, e fez uma men\u00e7\u00e3o especial \u00e0 irm\u00e3 Rep\u00fablica da Venezuela, por iniciativa de seu presidente Nicol\u00e1s Maduro.<\/p>\n<p>Quanto ao plano da economia para 2017 alertou que persistir\u00e3o tens\u00f5es financeiras; contudo, \u00abprevemos que a economia retome o caminho ascendente e que o Produto Interno Bruto cres\u00e7a moderadamente em torno de 2%\u00bb.<\/p>\n<p>\u00abPara conseguir isso ser\u00e1 preciso cumprir tr\u00eas premissas decisivas: garantir as exporta\u00e7\u00f5es e sua cobran\u00e7a oportuna, incrementar a produ\u00e7\u00e3o nacional que substitua importa\u00e7\u00f5es, e reduzir toda aquela despesa n\u00e3o imprescind\u00edvel\u00bb, augurou.<\/p>\n<p>\u00abContinuaremos executando os programas de investimentos em fun\u00e7\u00e3o do desenvolvimento sustent\u00e1vel da economia nacional, para o qual ser\u00e1 imperativo\u00bb, segundo precisou, \u00abdinamizar o investimento estrangeiro, esfera na qual n\u00e3o estamos satisfeitos e t\u00eam sido frequentes as demoras excessivas do processo negociador. \u00c9 preciso superar, de vez e para sempre, a mentalidade obsoleta, cheia de preconceitos, contra o investimento estrangeiro\u00bb.<\/p>\n<p>Aprofundou que devemos despojar-nos de falsos temores acerca do capital externo. N\u00e3o vamos nem iremos para o capitalismo, isso est\u00e1 totalmente descartado, dessa forma aparece em nossa Constitui\u00e7\u00e3o, mas n\u00e3o devemos ter medo e colocar obst\u00e1culos \u00e0quilo que podemos fazer no \u00e2mbito das leis vigentes, o que implica a prepara\u00e7\u00e3o dos dirigentes e especialistas que negociem, bem como aprofundar nas defici\u00eancias e erros cometidos no passado para n\u00e3o repeti-los, indicou o general-de-ex\u00e9rcito.<\/p>\n<p>Ra\u00fal acrescentou que Cuba n\u00e3o produz todo o combust\u00edvel que necessita; algo que tem sido uma espada de D\u00e1mocles desde o triunfo da Revolu\u00e7\u00e3o, pelo que sem abrir m\u00e3o do incremento da produ\u00e7\u00e3o nacional de petr\u00f3leo, devemos acelerar o desenvolvimento das fontes renov\u00e1veis de energia, que neste momento apenas s\u00e3o 4,65% da gera\u00e7\u00e3o de eletricidade no pa\u00eds.<\/p>\n<p>Acerca da experi\u00eancia aplicada nas prov\u00edncias de Artemisa e Mayabeque, e a aprova\u00e7\u00e3o para continuarem trabalhando at\u00e9 que conclua a atual legislatura, sublinhou, entre outras vantagens, que tem permitido p\u00f4r em pr\u00e1tica um conjunto de princ\u00edpios organizativos, que incrementam a aten\u00e7\u00e3o aos conselhos populares, delegados ou vereadores nas circunscri\u00e7\u00f5es e \u00e0 popula\u00e7\u00e3o em geral.<\/p>\n<p>\u00abN\u00e3o obstante, vieram \u00e0 baila defici\u00eancias que impediram a consolida\u00e7\u00e3o do modelo de gest\u00e3o\u00bb, disse. E referiu-se a dificuldades como o elevado n\u00edvel de flutua\u00e7\u00e3o de dirigentes dessas inst\u00e2ncias, a insuficiente aten\u00e7\u00e3o e supervis\u00e3o por parte dos organismos e entidades nacionais, entre outras. Cabe, juntamente com as estruturas do Partido nas diferentes inst\u00e2ncias, superar os erros e avan\u00e7ar sem recuos em sua culmina\u00e7\u00e3o, no novo prazo concedido\u00bb, afirmou.<\/p>\n<p>Quando restavam poucas horas para lembrar mais um anivers\u00e1rio do triunfo da Revolu\u00e7\u00e3o e o advento do novo ano, Ra\u00fal concluiu enviando uma felicita\u00e7\u00e3o ao povo de Cuba.<\/p>\n<p>Ilustra\u00e7\u00e3o: Juvenal Bal\u00e1n<\/p>\n<p>http:\/\/pt.granma.cu\/cuba\/2016-12-28\/raul-nao-vamos-nem-iremos-para-o-capitalismo-isso-esta-totalmente-descartado<\/p>\n","protected":false},"excerpt":{"rendered":"Assim expressou o presidente dos Conselhos de Estado e de Ministros, general-de-ex\u00e9rcito Ra\u00fal Castro Ruz, ao concluir o oitavo per\u00edodo ordin\u00e1rio de sess\u00f5es \n<a class=\"moretag\" href=\"https:\/\/pcb.org.br\/portal2\/13093\"> <\/a>","protected":false},"author":1,"featured_media":0,"comment_status":"closed","ping_status":"closed","sticky":false,"template":"","format":"standard","meta":{"jetpack_post_was_ever_published":false,"_jetpack_newsletter_access":"","_jetpack_dont_email_post_to_subs":true,"_jetpack_newsletter_tier_id":0,"_jetpack_memberships_contains_paywalled_content":false,"_jetpack_memberships_contains_paid_content":false,"footnotes":"","jetpack_publicize_message":"","jetpack_publicize_feature_enabled":true,"jetpack_social_post_already_shared":true,"jetpack_social_options":{"image_generator_settings":{"template":"highway","default_image_id":0,"font":"","enabled":false},"version":2}},"categories":[48],"tags":[],"class_list":["post-13093","post","type-post","status-publish","format-standard","hentry","category-c58-cuba"],"jetpack_publicize_connections":[],"jetpack_featured_media_url":"","jetpack_shortlink":"https:\/\/wp.me\/p659gw-3pb","jetpack-related-posts":[],"jetpack_likes_enabled":true,"jetpack_sharing_enabled":true,"_links":{"self":[{"href":"https:\/\/pcb.org.br\/portal2\/wp-json\/wp\/v2\/posts\/13093","targetHints":{"allow":["GET"]}}],"collection":[{"href":"https:\/\/pcb.org.br\/portal2\/wp-json\/wp\/v2\/posts"}],"about":[{"href":"https:\/\/pcb.org.br\/portal2\/wp-json\/wp\/v2\/types\/post"}],"author":[{"embeddable":true,"href":"https:\/\/pcb.org.br\/portal2\/wp-json\/wp\/v2\/users\/1"}],"replies":[{"embeddable":true,"href":"https:\/\/pcb.org.br\/portal2\/wp-json\/wp\/v2\/comments?post=13093"}],"version-history":[{"count":0,"href":"https:\/\/pcb.org.br\/portal2\/wp-json\/wp\/v2\/posts\/13093\/revisions"}],"wp:attachment":[{"href":"https:\/\/pcb.org.br\/portal2\/wp-json\/wp\/v2\/media?parent=13093"}],"wp:term":[{"taxonomy":"category","embeddable":true,"href":"https:\/\/pcb.org.br\/portal2\/wp-json\/wp\/v2\/categories?post=13093"},{"taxonomy":"post_tag","embeddable":true,"href":"https:\/\/pcb.org.br\/portal2\/wp-json\/wp\/v2\/tags?post=13093"}],"curies":[{"name":"wp","href":"https:\/\/api.w.org\/{rel}","templated":true}]}}