{"id":13332,"date":"2017-01-25T12:00:52","date_gmt":"2017-01-25T15:00:52","guid":{"rendered":"https:\/\/pcb.org.br\/portal2\/?p=13332"},"modified":"2017-02-03T14:09:22","modified_gmt":"2017-02-03T17:09:22","slug":"evo-morales-apresenta-os-avancos-de-11-anos-de-gestao","status":"publish","type":"post","link":"https:\/\/pcb.org.br\/portal2\/13332","title":{"rendered":"Evo Morales apresenta os avan\u00e7os de 11 anos de gest\u00e3o"},"content":{"rendered":"<p><img decoding=\"async\" class=\"imagem\" title=\"imagem\" src=\"https:\/\/lh3.googleusercontent.com\/o2XGBhhnB-YarQPNodzqWbjh-ku-E427BoQc3wpHn-l2_hbZvuqHmaEA1yoeMedUv0M75-inT5RYDdOMWpN5O0UHln73ijym9AP0jxNgdlIYaQrfaH5dJl1FBbVzyNtIiH7rfTDxJNEAnSzOoYXdC7Z-P-DG-1TZ7K9F04n1_hHb3SRnG7-VzII2cmSbP8mzJadipr5k4mrG-Wym_fDW1F0HXYwQPD1C8UdtdiSuSRRmwfRNO8PHNhRGAFWDP2nBUcRqcdksoTNAU2bHtHo3xnHM0VQ26iaZdcOVVrm55y3I8coTVi55tVOnybmnA0EAf3nUhhS3y5GN-yXsb1OAWnm_U2CdvP2y-JGvhAq0Putqubhilekm8bTw1UuOlbgeAJ-TFSoXl1lIyR__IVzsLA4lWvjv7j3IQD1qtZJqjqdG7TUkaT2jxKS6CbqJUiJVunW8rVtQyCn2aHqwo_iE_QHoaIL6zdIWf8mYDL_pQ_sJgN9MvyRJ0eHLOoDIOxmL5lqpFiUNECJqUQpOt7rxRBwvShRQW2toZjC0z5rjukiUUZunDyHDfx_jsfknaaqgVO_mtbfYpSRWJ5pSXFkGuSHNrsYWg7PvkC_YYot8FozwwOPc05fQ=s646-no\" alt=\"imagem\" \/><\/p>\n<p>Resumen Latinoamericano. ABI. TeleSur.<\/p>\n<p><em>Em 22 de janeiro, na Bol\u00edvia, e com car\u00e1ter oficial (Decreto Supremo N\u00ba 0405, de 20 de janeiro de 2010) se celebra o \u201c<strong>Dia do Estado Plurinacional da Bol\u00edvia<\/strong>\u201d, uma jornada pol\u00edtico-patri\u00f3tica sobre a plural configura\u00e7\u00e3o do pa\u00eds. <\/em><em>A escolha deste dia deriva da recorda\u00e7\u00e3o da data na qual o Presidente Evo Morales assumiu a presid\u00eancia, em 22 de janeiro de 2006.<\/em><!--more--><\/p>\n<p><strong>Ritual ancestral abre programa de comemora\u00e7\u00e3o da funda\u00e7\u00e3o do Estado Plurinacional<\/strong><\/p>\n<p>No domingo, amautas andinos iniciaram o programa de comemora\u00e7\u00e3o da funda\u00e7\u00e3o do Estado Plurinacional da Bol\u00edvia com uma oferenda ancestral realizada na hist\u00f3rica Pra\u00e7a Murillo, na cidade de La Paz, centro do poder pol\u00edtico do pa\u00eds.<\/p>\n<p>Esse ritual, no qual se solicita permiss\u00e3o \u00e0 Pachamama ou M\u00e3e Terra, foi acompanhado por conjuntos de m\u00fasica aut\u00f3ctone e representantes dos movimentos sociais e ind\u00edgenas, com suas vestimentas t\u00edpicas.<\/p>\n<p>\u201cA mesa pede sempre os bons flu\u00eddos para continuar com este processo de mudan\u00e7a, porque a vida \u00e9 assim\u201d, disse o amauta V\u00edctor Machaca ao iniciar a tradicional mesa andina de oferenda \u00e0 Pachamama.<\/p>\n<p>Explicou que com esse ritual se pede \u00e0 M\u00e3e Terra boa produtividade para a cidade e para o campo, al\u00e9m de desenvolvimento para o pa\u00eds.<\/p>\n<p>\u201cNa mesa tem dois sullus (fetos de lhama), os mist\u00e9rios, o fogo, nos mist\u00e9rios est\u00e3o outros objetos como incenso, copal, coa, todo um conjunto de produtos m\u00edsticos para oferecer \u00e0 Pachamama\u201d, explicou.<\/p>\n<p>O Dia do Estado Plurinacional se celebra em 22 de janeiro de cada ano para recordar o anivers\u00e1rio da funda\u00e7\u00e3o do Estado Plurinacional.<\/p>\n<p><strong>Morales celebra anivers\u00e1rio do Estado Plurinacional com aprova\u00e7\u00e3o de 58% (Pesquisa)<\/strong><\/p>\n<p>O Presidente Evo Morales celebra o Dia do Estado Plurinacional com uma aprova\u00e7\u00e3o de 58% de sua gest\u00e3o, segundo uma pesquisa difundida pelo jornal El Deber neste domingo, sobre os 11 anos de gest\u00e3o do governo.<\/p>\n<p>A pesquisa foi aplicada pela empresa Equipos Mori a 726 pessoas, entre 18 e 20 de janeiro, nas cidades de Cochabamba, El Alto, La Paz e Santa Cruz, por encomenda desse matutino santa-cruzense, estabelece que Morales tem uma aprova\u00e7\u00e3o de 58%.<\/p>\n<p>A margem de erro do estudo \u00e9 de mais ou menos 3,6% e a confiabilidade de 95%. O estudo de opini\u00e3o estabelece tamb\u00e9m que 34% dos entrevistados se mostrou de acordo com que o chefe de Estado insista com a repostula\u00e7\u00e3o para as elei\u00e7\u00f5es gerais de 2019.<\/p>\n<p>\u201cPara ningu\u00e9m \u00e9 um segredo que a for\u00e7a eleitoral do MAS se concentra nas cidades intermedi\u00e1rias e no \u00e2mbito rural; estamos falando de que nesse setores superaremos 50% de apoio popular\u201d, disse ao El Deber o Ministro de Defesa, Reymi Ferreira.<\/p>\n<p><strong>Evo Morales apresenta os avan\u00e7os de 11 anos de gest\u00e3o<\/strong><\/p>\n<p>\u201cNestes onze anos de gest\u00e3o se alfabetizaram 997.956 pessoas\u201d, assegurou Morales. | Foto: ABI<\/p>\n<p>Frente \u00e0 Assembleia Legislativa Plurinacional, o mandat\u00e1rio boliviano detalhou as conquistas de seu Governo e as comparou com os 180 anos da col\u00f4nia.<\/p>\n<p>Neste domingo, o Presidente da Bol\u00edvia, Evo Morales, apresentou um informe detalhado das conquistas obtidas durante os 11 anos de sua gest\u00e3o, entre as quais destacou a nacionaliza\u00e7\u00e3o dos recursos, o aumento da participa\u00e7\u00e3o de ind\u00edgenas e das mulheres na pol\u00edtica, e o aumento do investimento social.<\/p>\n<p>A Bol\u00edvia celebra o Dia do Estado Plurinacional e recorda o 11\u00b0 anivers\u00e1rio da investidura de Morales como primeiro mandat\u00e1rio ind\u00edgena do pa\u00eds.<\/p>\n<p>Em sua interven\u00e7\u00e3o frente \u00e0 Assembleia Legislativa Plurinacional, Morales ressaltou que a <strong>economia nacional<\/strong> em 180 anos \u201cestava desmembrada\u201d pelos monop\u00f3lios estrangeiros e pelas transnacionais.<\/p>\n<p>Atualmente, empresas como Shell Gas (Latin America) BV, Red El\u00e9ctrica internacional S.A.U., Paz Holdings Limitada e Inversiones Econergy Bolivia S.A figuram entre os neg\u00f3cios nacionalizados e registram grandes rendas para a na\u00e7\u00e3o.<\/p>\n<p>Quanto \u00e0 <strong>estabilidade pol\u00edtica<\/strong>, o mandat\u00e1rio boliviano recordou que em 180 anos (1825-2005), a m\u00e9dia de dura\u00e7\u00e3o dos mandatos era de dois anos. Durante esse tempo, assinalou, tiveram 83 presidentes que sa\u00edram, sendo alguns por golpe de Estado. Em compensa\u00e7\u00e3o, destacou que seu Governo est\u00e1 11 anos no poder, o que garante a \u201ccontinuidade e a estabilidade necess\u00e1ria para o desenvolvimento de um pa\u00eds\u201d.<\/p>\n<p><strong>Os referendos democr\u00e1ticos realizados<\/strong><\/p>\n<p><img decoding=\"async\" class=\"imagem100a\" title=\"imagem\" src=\"https:\/\/pbs.twimg.com\/media\/C2x90LyWQAAdH8p.jpg:small\" alt=\"imagem\" \/>Por outro lado, Morales assegurou que em 180 anos apenas ocorreram dois referendos no pa\u00eds, enquanto nos anos de seu Governo, foram celebrados 47 referendos. \u201cIsso \u00e9 participa\u00e7\u00e3o\u201d, enfatizou.<\/p>\n<p>Quanto \u00e0 participa\u00e7\u00e3o pol\u00edtica dos diversos setores sociais, mencionou que agora na Bol\u00edvia existem nove titulares ind\u00edgenas na Assembleia Legislativa Plurinacional.<\/p>\n<p><strong>\u201cNo Estado colonial os mais marginalizados foram as mulheres e ind\u00edgenas\u201d, afirmou o l\u00edder ind\u00edgena. <\/strong><\/p>\n<p>Participa\u00e7\u00e3o ind\u00edgena dentro da Assembleia<\/p>\n<p><img decoding=\"async\" class=\"imagem100a\" title=\"imagem\" src=\"https:\/\/pbs.twimg.com\/media\/C2x9E1WW8AAaOB-.jpg:small\" alt=\"imagem\" \/><\/p>\n<p>Participa\u00e7\u00e3o de mulheres dentro do Gabinete<\/p>\n<p><img decoding=\"async\" class=\"imagem100a\" title=\"imagem\" src=\"https:\/\/pbs.twimg.com\/media\/C2x7_BmWQAAssdN.jpg:small\" alt=\"imagem\" \/><\/p>\n<p>Participa\u00e7\u00e3o das mulheres na C\u00e2mara dos Deputados.<\/p>\n<p><img decoding=\"async\" class=\"imagem100a\" title=\"imagem\" src=\"https:\/\/pbs.twimg.com\/media\/C2x7fHaWIAMW9iZ.jpg:small\" alt=\"imagem\" \/><br \/>\nParticipa\u00e7\u00e3o das mulheres na C\u00e2mara dos Senadores<\/p>\n<p><img decoding=\"async\" class=\"imagem100a\" title=\"imagem\" src=\"https:\/\/lh3.googleusercontent.com\/rbov4juQ4bokVilKl_CFAV5B3AgKx0t2T_H7EfuIFPvBf7itOoehgWGE4veZZvPXYv0WzZEJLKreHG9rTXkopJYYhw86dAmNAzZhpmzirazBcqzrywijA5vNI7wHOi4pT84owELAlQCCIXuvFYRIhULUtZ5lGnYuPinjSKPDKrFsjq7TKY808ONaFA7ON8ixAal3zMv7WPmaIPsR-64YeWwmxtDRhpurao0adEuOUQlLKSV3Kiq8j6nFBXf19MGYt7NmK2s33ZMVmXzaCn9rXFdg95WTFvICyuNfn2WLjx48NRqb0aMQpob7BThOPMpAy_QsbR5QEaVnXEE4LbaYfmACFQz60YzUBN8RH4qb7uR93pE9m-HYrqHi75hqFUhiYgc9qFlTu_FzHSxsIqjZ495l3nLe_EmeMRghnWowa-CeaHEnNj5b5kppP1_kPwl-eb5wSPzi6E7jmCNtaxMRtrdbemoms82C2VK4QhAB9bzRe8F8LBZ9laLkdxsS39boAqePWdqCgcJXNLiDkJsesmKRxBZAttl7GQyx2gpehMkJ66WyQkGyGyJK7U2e0F_AJ5Q9wiZg0s7o6c_ABe-UJnkinUUY2K2li4GZNUMd7Bbl-2Jo4WgY=w862-h646-no\" alt=\"imagem\" \/><\/p>\n<p>Morales indicou que nos \u00faltimos 11 anos diminu\u00edram os <strong>n\u00edveis de pobreza<\/strong> na na\u00e7\u00e3o sul-americana, enquanto os n\u00edveis de desigualdade tamb\u00e9m foram reduzidos.<\/p>\n<p>\u201cAs rendas dos 10% mais ricos da popula\u00e7\u00e3o eram superiores em 128 vezes. Agora, se reduziu para 37\u201d, precisou.<\/p>\n<p>Quanto \u00e0 taxa de desemprego, destacou que entre 2015 e 2016 se reduziu mais de 2,5%.<\/p>\n<p>As conquistas do Estado Plurinacional na sa\u00fade.<\/p>\n<p><img decoding=\"async\" class=\"imagem100a\" title=\"imagem\" src=\"https:\/\/pbs.twimg.com\/media\/C2yUG1HXcAEWM-s.jpg:small\" alt=\"imagem\" \/><\/p>\n<p><img decoding=\"async\" class=\"imagem100a\" title=\"imagem\" src=\"https:\/\/pbs.twimg.com\/media\/C2yUG1EXgAAHsjH.jpg:small\" alt=\"imagem\" \/><\/p>\n<p><img decoding=\"async\" class=\"imagem100a\" title=\"imagem\" src=\"https:\/\/pbs.twimg.com\/media\/C2yUG1FWEAAWqNq.jpg:small\" alt=\"imagem\" \/><\/p>\n<p><img decoding=\"async\" class=\"imagem100a\" title=\"imagem\" src=\"https:\/\/pbs.twimg.com\/media\/C2yUG1JWQAAU8Ri.jpg:small\" alt=\"imagem\" \/><\/p>\n<p><img decoding=\"async\" class=\"imagem100a\" title=\"imagem\" src=\"https:\/\/pbs.twimg.com\/media\/C2yUkeQXAAA2nhu.jpg:small\" alt=\"imagem\" \/><\/p>\n<p><strong>Sobre as conquistas na sa\u00fade, deu um especial agradecimento \u00e0 miss\u00e3o m\u00e9dica cubana, que permitiu salvar a vida de 93.375 pessoas na na\u00e7\u00e3o. <\/strong><\/p>\n<p><strong>O Presidente destaca o empoderamento pol\u00edtico das mulheres, ind\u00edgenas e jovens em 11 anos<\/strong><\/p>\n<p>O Presidente Evo Morales destacou o empoderamento pol\u00edtico das mulheres, dos ind\u00edgenas e da juventude em 11 anos de revolu\u00e7\u00e3o democr\u00e1tica e cultural que conduz seu governo de coaliz\u00e3o das esquerdas.<\/p>\n<p>\u201cNo mundo somos o segundo pa\u00eds com maior representa\u00e7\u00e3o de mulheres no Congresso depois de Ruanda\u201d, disse ao fazer uma compara\u00e7\u00e3o entre a \u00e9poca republicana e o Estado Plurinacional instaurado com a nova Constitui\u00e7\u00e3o promulgada em 2009, ap\u00f3s um processo constituinte que Morales incentivou desde que chegou \u00e0 presid\u00eancia, em 22 de janeiro de 2006.<\/p>\n<p>\u201cNa Rep\u00fablica, os mais marginalizados, exclu\u00eddos, foram o movimento ind\u00edgena e as mulheres das distintas classes sociais (\u2026); durante o per\u00edodo da Rep\u00fablica at\u00e9 2005, n\u00e3o existia representa\u00e7\u00e3o de jovens entre 18 e 25 anos\u201d, apontou.<\/p>\n<p>Morales destacou que, na atualidade, mais de 50% dos membros da ALP, composta por 166 legisladores titulares, s\u00e3o mulheres; al\u00e9m disso, 41 assentos est\u00e3o ocupados por ind\u00edgenas e 20 por jovens.<\/p>\n<p>\u201cDesde 1825 at\u00e9 2005, 23 ministras (foram) nomeadas por todos os presidentes. Em nossa gest\u00e3o, 11 anos de governo, 47 ministras nomeadas por um s\u00f3 Presidente\u201d, acrescentou o Primeiro Mandat\u00e1rio, cujo gabinete de ministros est\u00e1 composto tamb\u00e9m por ind\u00edgenas e jovens.<\/p>\n<p>Nesse marco, Morales, que em 2006 se converteu no primeiro Presidente ind\u00edgena na hist\u00f3ria boliviana, enfatizou que o pa\u00eds goza de uma estabilidade pol\u00edtica produto da inclus\u00e3o da maioria nacional e da redu\u00e7\u00e3o das desigualdades sociais.<\/p>\n<p><strong>Morales agradece aos movimentos sociais pela nova Bol\u00edvia no in\u00edcio de seu informe<\/strong><\/p>\n<p>O Presidente Evo Morales agradeceu aos movimentos sociais por garantirem uma nova Bol\u00edvia, mediante a revolu\u00e7\u00e3o democr\u00e1tica e cultural, no in\u00edcio de seu informe de gest\u00e3o ante a Assembleia Legislativa Plurinacional.<\/p>\n<p>\u201cA exposi\u00e7\u00e3o de protestos convertidos em propostas foi t\u00e3o importante para que em 11 anos de revolu\u00e7\u00e3o democr\u00e1tica tiv\u00e9ssemos a nova Bol\u00edvia. Gostaria de dizer ao povo boliviano, aos movimentos sociais o meu muito obrigado por garantir esta nova Bol\u00edvia para as novas gera\u00e7\u00f5es\u201d, mencionou.<\/p>\n<p>Desde 2006, quando Morales assumiu a presid\u00eancia do pa\u00eds, os movimentos sociais desempenharam um papel protagonista na transforma\u00e7\u00e3o do pa\u00eds, no \u00e2mbito pol\u00edtico, social e econ\u00f4mico.<\/p>\n<p>Morales destacou que, ao fazer refer\u00eancia aos movimentos sociais, n\u00e3o s\u00f3 se engloba as organiza\u00e7\u00f5es sindicalizadas, mas todos os setores das regi\u00f5es do pa\u00eds, que se caracterizam por sua diversidade.<\/p>\n<p>Manifestou que, fruto do trabalho conjunto com esses movimentos sociais, se garantiu a estabilidade da Bol\u00edvia e, no aspecto econ\u00f4mico, se avan\u00e7ou no crescimento.<\/p>\n<p><strong>A continuidade do Governo \u00e9 s\u00f3lida pelo acompanhamento da sociedade organizada (Paco)<\/strong><\/p>\n<p>A Ministra de Comunica\u00e7\u00e3o, Marianela Paco, afirmou que a continuidade do Governo, encabe\u00e7ado pelo Presidente Evo Morales, \u00e9 s\u00f3lida pelo acompanhamento da sociedade organizada h\u00e1 11 anos.<\/p>\n<p>Paco se referiu ao assunto ao destacar os 58% de aprova\u00e7\u00e3o \u00e0 gest\u00e3o do Governo, conforme estabelecido por uma pesquisa difundida no domingo pelo jornal El Deber, de Santa Cruz.<\/p>\n<p>\u201cEste acompanhamento tem rela\u00e7\u00e3o com uma aprova\u00e7\u00e3o na gest\u00e3o de nosso governo nacional, de nosso Presidente Evo Morales encabe\u00e7ando, como l\u00edder desta revolu\u00e7\u00e3o democr\u00e1tica cultura e pac\u00edfica com 58% de aprova\u00e7\u00e3o\u201d, sustentou.<\/p>\n<p>A Ministra de Comunica\u00e7\u00e3o disse que com esse apoio da popula\u00e7\u00e3o se comemoram 11 anos de Governo, nos quais se consolidou a inclus\u00e3o definitiva das diversas identidades e povos ao Estado Plurinacional da Bol\u00edvia.<\/p>\n<p><strong>Garc\u00eda Linera diz que a globaliza\u00e7\u00e3o neoliberal morreu e deixou seus seguidores sem projeto<\/strong><\/p>\n<p>O vice-presidente boliviano, \u00c1lvaro Garc\u00eda Linera, afirmou que a globaliza\u00e7\u00e3o neoliberal como projeto pol\u00edtico, cultural, ideol\u00f3gico, como esperan\u00e7a mobilizadora, capaz de mobilizar paix\u00f5es coletivas, morreu e deixou seus seguidores sem projeto pol\u00edtico, sem discurso nem proposta para convocar a sociedade.<\/p>\n<p>Ao inaugurar a Sess\u00e3o da Assembleia Legislativa Plurinacional, onde o ponto central \u00e9 o informe de 11 anos de gest\u00e3o do Presidente Evo Morales, o segundo do Executivo boliviano afirmou que os primeiros sintomas de morte da globaliza\u00e7\u00e3o neoliberal se fizeram latentes entre os anos 2000 e 2006, quando na Am\u00e9rica Latina surgiram as lutas de classes, as revolu\u00e7\u00f5es, a constru\u00e7\u00e3o de modelos econ\u00f4micos alternativos ao neoliberalismo que, como o boliviano, \u00e9 exitoso.<\/p>\n<p>\u201cO que morreu, o que \u00e9 um cad\u00e1ver insepulto, \u00e9 a globaliza\u00e7\u00e3o neoliberal como projeto pol\u00edtico, cultural e ideol\u00f3gico, como esperan\u00e7a mobilizadora, como op\u00e7\u00e3o capaz de convocar paix\u00f5es coletivas, isso j\u00e1 n\u00e3o ocorre mais, isso morreu. A globaliza\u00e7\u00e3o neoliberal como ilus\u00e3o de bem-estar foi derrubada e deixou seus defensores sem projeto pol\u00edtico, sem discurso, sem proposta para convocar a sociedade\u201d, destacou em seu discurso.<\/p>\n<p>Garc\u00eda Linera disse que o segundo sintoma da decad\u00eancia da globaliza\u00e7\u00e3o neoliberal chegou pelas m\u00e3os do Presidente estadunidense Barack Obama, quando estatizou o banco norte-americano para tirar da bancarrota os banqueiros, \u201cmostrando que era uma farsa a suposta efici\u00eancia empresarial\u201d<\/p>\n<p>Afirmou que o \u201ccampanazo\u201d final foi o crescimento do Produto Interno Bruto do mundo, mais r\u00e1pido que o crescimento do com\u00e9rcio internacional, \u201cquando anos atr\u00e1s o com\u00e9rcio mundial crescia o dobro do PIB\u201d.<\/p>\n<p>\u201c\u00c9 um \u2018campanazo\u2019 final de que a livre globaliza\u00e7\u00e3o dos mercados j\u00e1 n\u00e3o \u00e9 mais o motor da economia\u201d, referendou.<\/p>\n<p>O vice-presidente boliviano tamb\u00e9m assegurou que a retirada da Inglaterra da Uni\u00e3o Europeia, a promessa de anular os tratados de livre com\u00e9rcio, o an\u00fancio de constru\u00e7\u00e3o de muros \u201cinfames\u201d na fronteira com o M\u00e9xico e a reivindica\u00e7\u00e3o do protecionismo, s\u00e3o \u201ca certifica\u00e7\u00e3o final da morte da globaliza\u00e7\u00e3o neoliberal como projeto pol\u00edtico mobilizador\u201d.<\/p>\n<p>\u201cA globaliza\u00e7\u00e3o neoliberal faleceu, j\u00e1 n\u00e3o tem nada a oferecer \u00e0 Bol\u00edvia, pois s\u00e3o f\u00f3sseis nost\u00e1lgicos de uma ilus\u00e3o fracassada. Hoje, o que resta nos pa\u00edses capitalistas \u00e9 uma in\u00e9rcia sem convic\u00e7\u00e3o, que n\u00e3o seduz ningu\u00e9m, uma manipula\u00e7\u00e3o decr\u00e9pita de ilus\u00f5es murchas regadas pelas loucuras de um punhado de escribas mesquinhos\u201d, complementou.<\/p>\n<p>Na contram\u00e3o, disse que ante \u00e0 aus\u00eancia de certezas efetivas no mundo, \u00e9 preciso lutar e construir novas esperan\u00e7as a partir do que se construiu e das conquistas alcan\u00e7adas, e afirmou que um desses \u201cdestinos poss\u00edveis, \u00e9 a sociedade dos comuns, a das comunidades, a da riqueza comum, a da responsabilidade comum, a da produ\u00e7\u00e3o e da felicidade comum, a do cuidado comum planet\u00e1rio da natureza e da vida\u201d.<\/p>\n<p>\u201cIsso \u00e9 o socialismo comunit\u00e1rio, isso \u00e9 o comunismo, isso \u00e9 a comunidade universal de seres humanos e natureza. \u00c9 preciso lutar, pois, por estas posibilidades de sociedade. Desta maneira, o trabalho, a sociedade, a esperan\u00e7a e a vida junto com a natureza poder\u00e3o estar a salvo\u201d.<\/p>\n<p>Fonte: <a href=\"http:\/\/www.resumenlatinoamericano.org\/2017\/01\/22\/dia-de-la-fundacion-del-estado-plurinacional-de-bolivia-evo-morales-da-su-mensaje-anual-ante-el-legislativo-y-da-cuenta-de-los-avances-de-11-anos-de-gestion-ritual-ancestral-abre-programa-de-conme\/\" target=\"_blank\">http:\/\/www.<wbr \/>resumenlatinoamericano.org\/<wbr \/>2017\/01\/22\/dia-de-la-<wbr \/>fundacion-del-estado-<wbr \/>plurinacional-de-bolivia-evo-<wbr \/>morales-da-su-mensaje-anual-<wbr \/>ante-el-legislativo-y-da-<wbr \/>cuenta-de-los-avances-de-11-<wbr \/>anos-de-gestion-ritual-<wbr \/>ancestral-abre-programa-de-<wbr \/>conme\/<\/a><\/p>\n<p>Tradu\u00e7\u00e3o: Partido Comunista Brasileiro (PCB)<\/p>\n","protected":false},"excerpt":{"rendered":"Resumen Latinoamericano. ABI. TeleSur. Em 22 de janeiro, na Bol\u00edvia, e com car\u00e1ter oficial (Decreto Supremo N\u00ba 0405, de 20 de janeiro de \n<a class=\"moretag\" href=\"https:\/\/pcb.org.br\/portal2\/13332\"> <\/a>","protected":false},"author":1,"featured_media":0,"comment_status":"closed","ping_status":"closed","sticky":false,"template":"","format":"standard","meta":{"jetpack_post_was_ever_published":false,"_jetpack_newsletter_access":"","_jetpack_dont_email_post_to_subs":true,"_jetpack_newsletter_tier_id":0,"_jetpack_memberships_contains_paywalled_content":false,"_jetpack_memberships_contains_paid_content":false,"footnotes":"","jetpack_publicize_message":"","jetpack_publicize_feature_enabled":true,"jetpack_social_post_already_shared":true,"jetpack_social_options":{"image_generator_settings":{"template":"highway","default_image_id":0,"font":"","enabled":false},"version":2}},"categories":[44],"tags":[],"class_list":["post-13332","post","type-post","status-publish","format-standard","hentry","category-c55-bolivia"],"jetpack_publicize_connections":[],"jetpack_featured_media_url":"","jetpack_shortlink":"https:\/\/wp.me\/p659gw-3t2","jetpack-related-posts":[],"jetpack_likes_enabled":true,"jetpack_sharing_enabled":true,"_links":{"self":[{"href":"https:\/\/pcb.org.br\/portal2\/wp-json\/wp\/v2\/posts\/13332","targetHints":{"allow":["GET"]}}],"collection":[{"href":"https:\/\/pcb.org.br\/portal2\/wp-json\/wp\/v2\/posts"}],"about":[{"href":"https:\/\/pcb.org.br\/portal2\/wp-json\/wp\/v2\/types\/post"}],"author":[{"embeddable":true,"href":"https:\/\/pcb.org.br\/portal2\/wp-json\/wp\/v2\/users\/1"}],"replies":[{"embeddable":true,"href":"https:\/\/pcb.org.br\/portal2\/wp-json\/wp\/v2\/comments?post=13332"}],"version-history":[{"count":0,"href":"https:\/\/pcb.org.br\/portal2\/wp-json\/wp\/v2\/posts\/13332\/revisions"}],"wp:attachment":[{"href":"https:\/\/pcb.org.br\/portal2\/wp-json\/wp\/v2\/media?parent=13332"}],"wp:term":[{"taxonomy":"category","embeddable":true,"href":"https:\/\/pcb.org.br\/portal2\/wp-json\/wp\/v2\/categories?post=13332"},{"taxonomy":"post_tag","embeddable":true,"href":"https:\/\/pcb.org.br\/portal2\/wp-json\/wp\/v2\/tags?post=13332"}],"curies":[{"name":"wp","href":"https:\/\/api.w.org\/{rel}","templated":true}]}}