{"id":1336,"date":"2011-03-28T03:21:54","date_gmt":"2011-03-28T03:21:54","guid":{"rendered":"http:\/\/pcb.org.br\/portal2\/?p=1336"},"modified":"2011-03-28T03:21:54","modified_gmt":"2011-03-28T03:21:54","slug":"evo-morales-pede-a-retirada-do-premio-nobel-de-obama","status":"publish","type":"post","link":"https:\/\/pcb.org.br\/portal2\/1336","title":{"rendered":"Evo Morales pede a retirada do Pr\u00eamio Nobel de Obama"},"content":{"rendered":"\n<p>O presidente boliviano, Evo Morales, pediu a retirada do Pr\u00eamio Nobel da Paz de seu hom\u00f3logo dos Estados Unidos, Barack Obama. A justificativa \u00e9 o presidente norte-americano ter impulsionado uma invas\u00e3o armada \u00e0 L\u00edbia.<\/p>\n<p>&#8220;H\u00e1 dois anos temos escutado que o presidente Obama foi Pr\u00eamio Nobel da Paz. No entanto, neste momento, est\u00e1 defendendo a paz no mundo ou est\u00e1 promovendo ainda mais viol\u00eancia? Por isso se deveria retirar o Pr\u00eamio Nobel da Paz do presidente dos Estados Unidos\u201d, disse Morales para jornalistas.<\/p>\n<p>Obama recebeu o Nobel da Paz em 2009 apenas pelo fato de assumir a presid\u00eancia dos Estados Unidos. Na mesma premia\u00e7\u00e3o, tamb\u00e9m figurava como postulante o mandat\u00e1rio boliviano, auspiciado pelos movimentos sociais sul-americanos.<\/p>\n<p>Morales, que se define como marxista e antiimperialista, questiona duramente o papel das pot\u00eancias no falho Conselho de Seguran\u00e7a das Na\u00e7\u00f5es Unidas que, na quinta-feira, aprovou uma zona de exclus\u00e3o a\u00e9rea na L\u00edbia.<\/p>\n<p>O governante boliviano reivindicou o fim imediato das opera\u00e7\u00f5es a\u00e9reas sobre a L\u00edbia e a forma\u00e7\u00e3o de uma miss\u00e3o de paz integrada por delega\u00e7\u00f5es de alto n\u00edvel da ONU, a Liga \u00c1rabe e a Uni\u00e3o Africana.<\/p>\n<p>No s\u00e1bado, j\u00e1 havia expressado sua \u201ccondena\u00e7\u00e3o, rep\u00fadio e recha\u00e7o \u00e0 interven\u00e7\u00e3o de pot\u00eancias na L\u00edbia\u201d.<\/p>\n<p>\u201cN\u00e3o \u00e9 poss\u00edvel que o Conselho de Seguran\u00e7a, sob pretexto de defender a vida dos civis, bombardeie e destrua, invada um pa\u00eds como a L\u00edbia\u201d, disse, nesta segunda-feira, ao condenar a viola\u00e7\u00e3o dos direitos humanos.<\/p>\n<p>\u201cComo podemos entender, como \u00e9 poss\u00edvel que um Pr\u00eamio Nobel da Paz promova uma invas\u00e3o, um bombardeio? Isso \u00e9 delinq\u00fc\u00eancia, \u00e9 um assalto, \u00e9 uma agress\u00e3o\u201d, disse Morales.<\/p>\n<p>\u201cN\u00e3o \u00e9 poss\u00edvel que um Pr\u00eamio Nobel da Paz (como Obama) encabece uma quadrilha para assaltar e para invadir. Isso j\u00e1 n\u00e3o est\u00e1 de acordo com defesa dos direitos humanos\u201d, finalizou.<\/p>\n<p>Fonte: <a href=\"http:\/\/roseoftokio.blogspot.com\/\" target=\"_blank\">http:\/\/roseoftokio.blogspot.com\/<\/a><\/p>\n<p>Tradu\u00e7\u00e3o: Maria Fernanda M. Scelza<\/p>\n","protected":false},"excerpt":{"rendered":"\n\n\nCr\u00e9dito: 3.bp.blogspot.com\n\n\n\n\n\n\n\n\nBol\u00edvia\n<a class=\"moretag\" href=\"https:\/\/pcb.org.br\/portal2\/1336\"> <\/a>","protected":false},"author":1,"featured_media":0,"comment_status":"open","ping_status":"open","sticky":false,"template":"","format":"standard","meta":{"jetpack_post_was_ever_published":false,"_jetpack_newsletter_access":"","_jetpack_dont_email_post_to_subs":false,"_jetpack_newsletter_tier_id":0,"_jetpack_memberships_contains_paywalled_content":false,"_jetpack_memberships_contains_paid_content":false,"footnotes":"","jetpack_publicize_message":"","jetpack_publicize_feature_enabled":true,"jetpack_social_post_already_shared":false,"jetpack_social_options":{"image_generator_settings":{"template":"highway","default_image_id":0,"font":"","enabled":false},"version":2}},"categories":[44],"tags":[],"class_list":["post-1336","post","type-post","status-publish","format-standard","hentry","category-c55-bolivia"],"jetpack_publicize_connections":[],"jetpack_featured_media_url":"","jetpack_shortlink":"https:\/\/wp.me\/p659gw-ly","jetpack-related-posts":[],"jetpack_likes_enabled":true,"jetpack_sharing_enabled":true,"_links":{"self":[{"href":"https:\/\/pcb.org.br\/portal2\/wp-json\/wp\/v2\/posts\/1336","targetHints":{"allow":["GET"]}}],"collection":[{"href":"https:\/\/pcb.org.br\/portal2\/wp-json\/wp\/v2\/posts"}],"about":[{"href":"https:\/\/pcb.org.br\/portal2\/wp-json\/wp\/v2\/types\/post"}],"author":[{"embeddable":true,"href":"https:\/\/pcb.org.br\/portal2\/wp-json\/wp\/v2\/users\/1"}],"replies":[{"embeddable":true,"href":"https:\/\/pcb.org.br\/portal2\/wp-json\/wp\/v2\/comments?post=1336"}],"version-history":[{"count":0,"href":"https:\/\/pcb.org.br\/portal2\/wp-json\/wp\/v2\/posts\/1336\/revisions"}],"wp:attachment":[{"href":"https:\/\/pcb.org.br\/portal2\/wp-json\/wp\/v2\/media?parent=1336"}],"wp:term":[{"taxonomy":"category","embeddable":true,"href":"https:\/\/pcb.org.br\/portal2\/wp-json\/wp\/v2\/categories?post=1336"},{"taxonomy":"post_tag","embeddable":true,"href":"https:\/\/pcb.org.br\/portal2\/wp-json\/wp\/v2\/tags?post=1336"}],"curies":[{"name":"wp","href":"https:\/\/api.w.org\/{rel}","templated":true}]}}