{"id":13398,"date":"2017-01-30T14:56:07","date_gmt":"2017-01-30T17:56:07","guid":{"rendered":"https:\/\/pcb.org.br\/portal2\/?p=13398"},"modified":"2017-02-15T13:53:01","modified_gmt":"2017-02-15T16:53:01","slug":"intersindical-a-luta-tem-que-ser-pra-valer","status":"publish","type":"post","link":"https:\/\/pcb.org.br\/portal2\/13398","title":{"rendered":"INTERSINDICAL: A LUTA TEM QUE SER PRA VALER"},"content":{"rendered":"<p><img decoding=\"async\" class=\"imagem\" title=\"imagem\" src=\"https:\/\/lh3.googleusercontent.com\/RSrQHpCelSGAWBlk9OrP6JhX1P1bXqo-nvAjYLKWi4M7S5KmtdAYoRiCX5b8A7RvAUxHsqlljTVBOoSf7W4u1rTAdI5M6hT97I_OPZRB1RymFoGiqKndQzhIAiQxyFqdBfxP6DJj-3G_nDylUS-rDwh-86lexMrgzSRFNip33jLFwBJLGCv2hqXHAvkMiurd-oFLpb0KundjCRbcS8-dn9PAJC82ceN1yshjxn6GjoXpm4LG0BtSniRRItmrubgwUYb2v3_apfOSgIbnMvC-pS3Jh__Gbu20SkSnUvBQ9TYbJpkeLbnL_ZscFwHLRDcEoZrrDHPcqeJGA_liMvNGmoaI6qZwTK1S4Lt_CqO8fnn2KEye_rntHwKdz6Pc5h2gXB6AhRF-866pJTQyNgAjFRGN4i6s8rG7B0sAYd-FsImsOcllCRBz0EiELldl43a13YZzFVdIOq15uPwu3sobgDr9I_q9gbRIX94T-YtNIWAjgKYTFn7s__-KPxPV3fyAy1mXJSg9HXGAB_p4ZK8g3l28tk5WX5mOQPc3o-t-SlTSKNxvoQ7gp4cf7RIGNTnAblWxrIf0R52FaoKoe9wswYQIjzbuhOYel4UbNBJvUNEanuYru8nkF_A0AhQ2SvPYpqBTWzbNZLlv71p2hnTsQFZ58pk2nRVC2YmUu8Ri2g=w976-h646-no\" alt=\"imagem\" \/><b>REVELAR O QUE PATR\u00d5ES E O GOVERNO TENTAM ESCONDER. AMPLIAR A LUTA EM CADA LOCAL DE TRABALHO, MORADIA E ESTUDO CONTRA O MASSACRE AOS DIREITOS<\/b><\/p>\n<p>A cada sa\u00edda de suas pr\u00f3prias crises, os capitalistas aproveitam para intensificar o <!--more-->ataque aos trabalhadores. E dessa vez no Brasil, os patr\u00f5es conseguiram um governo bi\u00f4nico para tentar acelerar e impor uma das principais reivindica\u00e7\u00f5es patronais: detonar com a legisla\u00e7\u00e3o trabalhista, permitindo a redu\u00e7\u00e3o salarial, a elimina\u00e7\u00e3o de direitos e o aumento da jornada de trabalho.<\/p>\n<p>Esse \u00e9 o pacote de Temer\/PMDB que vai chegar em regime de urg\u00eancia no in\u00edcio de fevereiro ao Congresso Nacional, ou seja, o governo tenta mostrar servi\u00e7o ao Capital o quanto antes, pois como tamb\u00e9m est\u00e1 enlameado nos atos de corrup\u00e7\u00e3o, quer passar o trator nos direitos trabalhistas ante qualquer possiblidade de ser o pr\u00f3ximo a ser retirado da cadeira da Presid\u00eancia.<\/p>\n<p><b>A CONIV\u00caNCIA QUE TANTO BEM FAZ AO PATR\u00c3O<\/b><b>:<\/b> logo depois do an\u00fancio do pacote que massacra os direitos dos trabalhadores, a maioria das centrais sindicais, al\u00e9m de n\u00e3o revelar o objetivo desse pacote, silenciaram sobre a necessidade da greve geral para enfrentar mais esse ataque contra os trabalhadores.<\/p>\n<p>Ao contr\u00e1rio da defesa dos trabalhadores, o que viu foram elogios \u00e0 proposta do governo. A For\u00e7a Sindical j\u00e1 de in\u00edcio elogiou a proposta do governo, dizendo que ela traz um avan\u00e7o na rela\u00e7\u00e3o capital e trabalho. Para a For\u00e7a Sindical, uma central sindical criada com o apoio direto da FIESP (Federa\u00e7\u00e3o das Ind\u00fastrias do Estado de S\u00e3o Paulo), impor o negociado acima do legislado \u00e9 estender para o conjunto dos trabalhadores o que eles j\u00e1 praticam: a aceita\u00e7\u00e3o de acordos em que sal\u00e1rios e direitos possam ser reduzidos. A UGT que regularmente tem sido chamada para encontros com o governo, fez festa em sua pr\u00f3pria defesa dizendo que Temer atendeu seu pedido de n\u00e3o enviar uma Medida Provis\u00f3ria, mas sim um Projeto de Lei para o Congresso Nacional. Escondem que o tempo maior que querem para debater o pacote, n\u00e3o \u00e9 para enfrent\u00e1-lo e sim para tentar impor a aceita\u00e7\u00e3o desse massacre contra os direitos.<\/p>\n<p>J\u00e1 a CUT disse que o pacote \u00e9 \u201cautorit\u00e1rio e inapropriado para o momento\u201d e que foi um absurdo apresent\u00e1-lo \u00e0s v\u00e9speras do Natal. Ou seja, depois podia? Inapropriado por que? Porque n\u00e3o foi o seu governo que o apresentou?<\/p>\n<p>O fato \u00e9 que todas essas centrais j\u00e1 se submeteram aos interesses patronais aceitando nas negocia\u00e7\u00f5es a redu\u00e7\u00e3o de direitos. Em todos esses acordos em que o negociado prevaleceu sobre o legislado o que impera n\u00e3o \u00e9 o avan\u00e7o de diretos, mas sim o retrocesso.<\/p>\n<p><b>A LUTA TEM QUE SER PRA VALER<\/b>: a proposta de desmonte da Previd\u00eancia j\u00e1 est\u00e1 em andamento no Congresso Nacional, o pacote contra os direitos trabalhistas chega nos pr\u00f3ximos dias e n\u00e3o h\u00e1 alternativa de remediar ou remendar projetos que tem em seu centro o objetivo de acabar os direitos.<\/p>\n<p>A press\u00e3o no Congresso e no governo n\u00e3o adianta se for para reformar a reforma, a luta tem que ser para impedir esse massacre contra a classe trabalhadora que chamam de reforma e isso n\u00e3o se faz nas salas confort\u00e1veis do Pal\u00e1cio do Planalto ou do Congresso, isso se faz nas f\u00e1bricas e nas ruas, parando a produ\u00e7\u00e3o e a circula\u00e7\u00e3o de mercadorias.<\/p>\n<p><strong>H\u00e1 cem anos acontecia uma grande greve geral no Pa\u00eds na qual a cidade de S\u00e3o Paulo parou.<\/strong> A greve geral de 1917 mobilizou a classe trabalhadora que amargava jornadas de mais de 16 horas, arrocho salarial e p\u00e9ssimas condi\u00e7\u00f5es de trabalho. Nesse per\u00edodo os direitos que hoje querem nos arrancar eram ainda reivindica\u00e7\u00f5es, e foi em sua pr\u00e1tica solid\u00e1ria que os trabalhadores constru\u00edram tamb\u00e9m as Associa\u00e7\u00f5es de Mutua Ajuda, ou seja, os direitos trabalhistas. A Previd\u00eancia Social n\u00e3o foi concess\u00e3o dos patr\u00f5es ou do Estado, s\u00e3o fruto da luta e da a\u00e7\u00e3o pr\u00f3pria da classe trabalhadora.<\/p>\n<p><b>A greve geral continua a ser um dos instrumentos mais poderosos da classe trabalhadora para defender seus direitos.<\/b><\/p>\n<p>Portanto, \u00e9 mais do que hora de construir de fato as condi\u00e7\u00f5es para a necess\u00e1ria <strong>GREVE GERAL<\/strong>, revelando ao conjunto dos trabalhadores aquilo que o governo, os patr\u00f5es, seus meios de comunica\u00e7\u00e3o e tamb\u00e9m os pelegos presentes no movimento sindical tentam ocultar: n\u00e3o se trata de uma reforma para manter e ampliar empregos, se trata de acabar com os m\u00ednimos direitos que milhares de trabalhadores que vieram antes de n\u00f3s tanto lutaram para que fossem garantidos.<\/p>\n<p>O Capital e seu Estado mentem ao dizer que \u00e9 preciso reformar a Previd\u00eancia e a legisla\u00e7\u00e3o trabalhista, pois est\u00e3o preocupados em proteger as futuras gera\u00e7\u00f5es, a verdade de sua preocupa\u00e7\u00e3o \u00e9: garantir que essa e as futuras gera\u00e7\u00f5es de trabalhadores tenham cada vez menos direitos, para que os capitalistas concentrem cada vez mais riqueza.<\/p>\n<p>http:\/\/www.intersindical.org.br\/mobilizacao\/noticias2\/item\/1311-revelar-o-que-patroes-e-o-governo-tentam-ocultar-para-ampliar-a-luta-em-cada-local-de-trabalho-moradia-e-estudo-contra-o-massacre-aos-direitos<\/p>\n","protected":false},"excerpt":{"rendered":"REVELAR O QUE PATR\u00d5ES E O GOVERNO TENTAM ESCONDER. AMPLIAR A LUTA EM CADA LOCAL DE TRABALHO, MORADIA E ESTUDO CONTRA O MASSACRE \n<a class=\"moretag\" href=\"https:\/\/pcb.org.br\/portal2\/13398\"> <\/a>","protected":false},"author":1,"featured_media":0,"comment_status":"closed","ping_status":"closed","sticky":false,"template":"","format":"standard","meta":{"jetpack_post_was_ever_published":false,"_jetpack_newsletter_access":"","_jetpack_dont_email_post_to_subs":true,"_jetpack_newsletter_tier_id":0,"_jetpack_memberships_contains_paywalled_content":false,"_jetpack_memberships_contains_paid_content":false,"footnotes":"","jetpack_publicize_message":"","jetpack_publicize_feature_enabled":true,"jetpack_social_post_already_shared":true,"jetpack_social_options":{"image_generator_settings":{"template":"highway","default_image_id":0,"font":"","enabled":false},"version":2}},"categories":[190],"tags":[],"class_list":["post-13398","post","type-post","status-publish","format-standard","hentry","category-fora-temer"],"jetpack_publicize_connections":[],"jetpack_featured_media_url":"","jetpack_shortlink":"https:\/\/wp.me\/p659gw-3u6","jetpack-related-posts":[],"jetpack_likes_enabled":true,"jetpack_sharing_enabled":true,"_links":{"self":[{"href":"https:\/\/pcb.org.br\/portal2\/wp-json\/wp\/v2\/posts\/13398","targetHints":{"allow":["GET"]}}],"collection":[{"href":"https:\/\/pcb.org.br\/portal2\/wp-json\/wp\/v2\/posts"}],"about":[{"href":"https:\/\/pcb.org.br\/portal2\/wp-json\/wp\/v2\/types\/post"}],"author":[{"embeddable":true,"href":"https:\/\/pcb.org.br\/portal2\/wp-json\/wp\/v2\/users\/1"}],"replies":[{"embeddable":true,"href":"https:\/\/pcb.org.br\/portal2\/wp-json\/wp\/v2\/comments?post=13398"}],"version-history":[{"count":0,"href":"https:\/\/pcb.org.br\/portal2\/wp-json\/wp\/v2\/posts\/13398\/revisions"}],"wp:attachment":[{"href":"https:\/\/pcb.org.br\/portal2\/wp-json\/wp\/v2\/media?parent=13398"}],"wp:term":[{"taxonomy":"category","embeddable":true,"href":"https:\/\/pcb.org.br\/portal2\/wp-json\/wp\/v2\/categories?post=13398"},{"taxonomy":"post_tag","embeddable":true,"href":"https:\/\/pcb.org.br\/portal2\/wp-json\/wp\/v2\/tags?post=13398"}],"curies":[{"name":"wp","href":"https:\/\/api.w.org\/{rel}","templated":true}]}}