{"id":134,"date":"2009-10-29T11:12:41","date_gmt":"2009-10-29T11:12:41","guid":{"rendered":"http:\/\/pcb.org.br\/portal2\/?p=134"},"modified":"2009-10-29T11:12:41","modified_gmt":"2009-10-29T11:12:41","slug":"pcb-sauda-criacao-do-instituto-luiz-carlos-prestes","status":"publish","type":"post","link":"https:\/\/pcb.org.br\/portal2\/134","title":{"rendered":"PCB sa\u00fada a cria\u00e7\u00e3o do Instituto Luiz Carlos Prestes"},"content":{"rendered":"\n<p>O Instituto, dirigido por quem tem legitimidade pol\u00edtica e intelectual para cuidar da heran\u00e7a hist\u00f3rica do Cavaleiro da Esperan\u00e7a, re\u00fane todas as condi\u00e7\u00f5es para se constituir na principal refer\u00eancia do rico legado de LUIZ CARLOS PRESTES, n\u00e3o apenas o personagem mais importante da hist\u00f3ria do Partido Comunista em nosso pa\u00eds, e qui\u00e7\u00e1 do pr\u00f3prio Brasil, mas um dos maiores revolucion\u00e1rios de todos os tempos.<\/p>\n<p>O PCB, que se orgulha de ter tido Luiz Carlos Prestes como seu mais longevo Secret\u00e1rio Geral, coloca-se \u00e0 disposi\u00e7\u00e3o do Instituto para colaborar, no que for poss\u00edvel, com vistas a ajudar a preservar, para as atuais e futuras gera\u00e7\u00f5es, a mem\u00f3ria deste grande comunista.<\/p>\n<p>Rio, 25 de outubro de 2009<\/p>\n<p>PCB \u2013 Partido Comunista Brasileiro<\/p>\n","protected":false},"excerpt":{"rendered":"\n\n\nCr\u00e9dito: ILCP\n\n\n\n\nA Comiss\u00e3o Pol\u00edtica Nacional do PCB (Partido Comunista Brasileiro), reunida nesta data, sa\u00fada a cria\u00e7\u00e3o do Instituto Luiz Carlos Prestes como uma importante institui\u00e7\u00e3o cultural, presidida pela Professora Anita Leoc\u00e1dia Prestes, e que j\u00e1 inaugura suas atividades com o lan\u00e7amento de um consistente e bem elaborado s\u00edtio eletr\u00f4nico (www.ilcp.org.br).\n<a class=\"moretag\" href=\"https:\/\/pcb.org.br\/portal2\/134\"> <\/a>","protected":false},"author":1,"featured_media":0,"comment_status":"open","ping_status":"open","sticky":false,"template":"","format":"standard","meta":{"jetpack_post_was_ever_published":false,"_jetpack_newsletter_access":"","_jetpack_dont_email_post_to_subs":false,"_jetpack_newsletter_tier_id":0,"_jetpack_memberships_contains_paywalled_content":false,"_jetpack_memberships_contains_paid_content":false,"footnotes":"","jetpack_publicize_message":"","jetpack_publicize_feature_enabled":true,"jetpack_social_post_already_shared":false,"jetpack_social_options":{"image_generator_settings":{"template":"highway","default_image_id":0,"font":"","enabled":false},"version":2}},"categories":[37],"tags":[],"class_list":["post-134","post","type-post","status-publish","format-standard","hentry","category-c42-comunistas"],"jetpack_publicize_connections":[],"jetpack_featured_media_url":"","jetpack_shortlink":"https:\/\/wp.me\/p659gw-2a","jetpack-related-posts":[],"jetpack_likes_enabled":true,"jetpack_sharing_enabled":true,"_links":{"self":[{"href":"https:\/\/pcb.org.br\/portal2\/wp-json\/wp\/v2\/posts\/134","targetHints":{"allow":["GET"]}}],"collection":[{"href":"https:\/\/pcb.org.br\/portal2\/wp-json\/wp\/v2\/posts"}],"about":[{"href":"https:\/\/pcb.org.br\/portal2\/wp-json\/wp\/v2\/types\/post"}],"author":[{"embeddable":true,"href":"https:\/\/pcb.org.br\/portal2\/wp-json\/wp\/v2\/users\/1"}],"replies":[{"embeddable":true,"href":"https:\/\/pcb.org.br\/portal2\/wp-json\/wp\/v2\/comments?post=134"}],"version-history":[{"count":0,"href":"https:\/\/pcb.org.br\/portal2\/wp-json\/wp\/v2\/posts\/134\/revisions"}],"wp:attachment":[{"href":"https:\/\/pcb.org.br\/portal2\/wp-json\/wp\/v2\/media?parent=134"}],"wp:term":[{"taxonomy":"category","embeddable":true,"href":"https:\/\/pcb.org.br\/portal2\/wp-json\/wp\/v2\/categories?post=134"},{"taxonomy":"post_tag","embeddable":true,"href":"https:\/\/pcb.org.br\/portal2\/wp-json\/wp\/v2\/tags?post=134"}],"curies":[{"name":"wp","href":"https:\/\/api.w.org\/{rel}","templated":true}]}}