{"id":13430,"date":"2017-02-02T23:55:43","date_gmt":"2017-02-03T02:55:43","guid":{"rendered":"https:\/\/pcb.org.br\/portal2\/?p=13430"},"modified":"2017-02-15T13:53:52","modified_gmt":"2017-02-15T16:53:52","slug":"rio-servidores-sao-reprimidos-com-violencia-em-protesto-contra-governo-pezao","status":"publish","type":"post","link":"https:\/\/pcb.org.br\/portal2\/13430","title":{"rendered":"Rio: Servidores s\u00e3o reprimidos com viol\u00eancia em protesto contra governo Pez\u00e3o"},"content":{"rendered":"<p><img decoding=\"async\" class=\"imagem\" title=\"imagem\" src=\"https:\/\/ci6.googleusercontent.com\/proxy\/XsVFDUOApBOZBvK6R887_SBaoUlk4F3KH80l2-N0tpNP6Tl5hKGm_j0hVy6NdD-jKCToNbnr8RSxbly9TEMd6dwjN8JG08z0YY3r57MPmpbIwNjcjw=s0-d-e1-ft#https:\/\/farm1.staticflickr.com\/272\/32611134896_6e41d45823_z.jpg\" alt=\"imagem\" \/><strong>Manifestantes protestavam contra a privatiza\u00e7\u00e3o da CEDAE (empresa de \u00e1guas e esgoto) e as medidas de ajuste fiscal<\/strong><\/p>\n<p>Fania Rodrigues<!--more--><br \/>\nBrasil de Fato<\/p>\n<p>Uma manifesta\u00e7\u00e3o contra a privatiza\u00e7\u00e3o da Cedae (empresa de \u00e1guas e esgoto do Rio de Janeiro)\u00a0e o \u201cpacote de maldades\u201d do governo de Luiz Fernando Pez\u00e3o (PMDB) terminou em forte repress\u00e3o da Pol\u00edcia Militar e da For\u00e7a Nacional de Seguran\u00e7a nesta quarta-feira (1). Segundo relatos de manifestantes, mais de 50 bombas de efeito moral\u00a0foram disparadas pelos policiais\u00a0nesse dia que marca a abertura do ano legislativo no Pal\u00e1cio Tiradentes, no Centro do Rio. Desde o ano passado, o governo do PMDB enfrenta uma onda\u00a0de protestos de servidores p\u00fablicos sem precedentes na hist\u00f3ria recente.<\/p>\n<p>O protesto, que come\u00e7ou por volta de 11h, em frente \u00e0 Assembleia Legislativa do Estado do Rio de Janeiro (Alerj), reuniu cerca de 10 mil pessoas, segundo o Movimento Unificado dos Servidores P\u00fablicos Estaduais (Muspe). Por volta das 14h a Tropa de Choque\u00a0deu in\u00edcio a a\u00e7\u00e3o de repress\u00e3o, que durou a tarde toda com disparos de bombas de g\u00e1s lacrimog\u00eanio e balas de borracha. De acordo com informa\u00e7\u00f5es divulgadas pela imprensa, a repress\u00e3o come\u00e7ou com a chegada na Alerj\u00a0do carro do secret\u00e1rio da Casa Civil, Christino \u00c1ureo, que representou o governador\u00a0Pez\u00e3o\u00a0que encontra-se em Bras\u00edlia.<\/p>\n<p>O centro do Rio ficou totalmente paralisado, da altura do Largo da Carioca at\u00e9 a Cinel\u00e2ndia, e o com\u00e9rcio fechou as portas. O cen\u00e1rio era de guerra e pelo menos um \u00f4nibus foi incendiado na Avenida\u00a0Rio Branco (a principal rua do Centro). Por volta das 16h policiais passaram, em cima de um cambur\u00e3o, atirando bombas de efeito moral nos manifestante e na popula\u00e7\u00e3o que passavam na rua, de forma indiscriminada. \u201cA manifesta\u00e7\u00e3o foi dispersa com extrema viol\u00eancia policial. Caos geral no centro da cidade com policiais ca\u00e7ando servidores pelas ruas\u201d, relatou a servidora p\u00fablica do estado, Maria Lucia Andrade Pinto.<\/p>\n<p>Em v\u00eddeo divulgado na internet, manifestantes afirmam que crian\u00e7as e mulheres foram atingidas pelos disparos da PM e que pelo menos uma pessoa ficou ferida. \u201cArtilharia do Governo Pez\u00e3o atacando os servidores p\u00fablicos. Absurdo ver tanta repress\u00e3o a trabalhadores que est\u00e3o lutando apenas pelos seus sal\u00e1rios. N\u00e3o adianta nos reprimir. N\u00e3o aceitaremos pagar a conta da crise constru\u00edda pelo PMDB\u201d, diz o manifestante Rafael Duarte D&#8217;Oliveira. Servidores receber\u00e3o o sal\u00e1rio de dezembro em cinco parcelas e ainda n\u00e3o h\u00e1 previs\u00e3o para o pagamento do 13\u00ba sal\u00e1rio.<\/p>\n<p>Os servidores protestam contra a venda da Companhia Estadual de \u00c1guas e Esgotos (CEDAE), impulsionada pelo governo do presidente n\u00e3o eleito\u00a0Michel Temer. O governo federal exige as a\u00e7\u00f5es da empresa estatal, companhia que teve apresentou lucros nos \u00faltimos 7 anos, como garantia para um futuro empr\u00e9stimo.<\/p>\n<p>A ado\u00e7\u00e3o dessa e de outras\u00a0medidas foram\u00a0condi\u00e7\u00f5es impostas pelo governo\u00a0Temer para aceitar que o estado fique\u00a0sem pagar os juros da d\u00edvida com a Uni\u00e3o por um per\u00edodo de tr\u00eas anos.\u00a0As primeiras medidas de austeridade do governo estadual come\u00e7am a ser votadas na Alerj no pr\u00f3ximo dia 7 de fevereiro.<\/p>\n<p>Contr\u00e1rios as medidas propostas pelo governo Pez\u00e3o, os servidores p\u00fablicos, atrav\u00e9s do Muspe, protocolaram um pedido de\u00a0<em>impeachment<\/em>\u00a0do governador Luiz Fernando Pez\u00e3o e do vice-governador Francisco Dornelles, no dia 12 de janeiro, na Alerj. O documento com mais de 120 p\u00e1ginas se baseia no crime de responsabilidade da gest\u00e3o do chefe do executivo, diante das den\u00fancias sobre irregularidades em incentivos fiscais apresentadas nos \u00faltimos meses. Uma Comiss\u00e3o Parlamentar de Inqu\u00e9rito (CPI) foi protocolada pela bancada do PSOL e\u00a0vai investigar essas den\u00fancias.<\/p>\n<p>Cacique do PMDB \u00e9 reeleito presidente da Alerj<\/p>\n<p>O deputado estadual Jorge Picciani (PMDB) foi eleito presidente da Assembleia Legislativa com placar de 64 votos a favor e 6 contra. Apenas a bancada do PSOL\u00a0e um deputado da Rede votaram contra a candidatura do PMDB.<\/p>\n<p>Esse \u00e9 o sexto mandato do deputado, que \u00e9 investigado pelo Conselho Superior do Minist\u00e9rio P\u00fablico do Rio de Janeiro por suposto por enriquecimento il\u00edcito. Outra investiga\u00e7\u00e3o contra o parlamentar corre no \u00e2mbito da Lava Jato. A den\u00fancia envolve uma empresa da fam\u00edlia Picciani. A empresa teria feito neg\u00f3cios fraudulentos com a Carioca Engenharia, que fez uma esp\u00e9cie de dela\u00e7\u00e3o premiada das empresas. O parlamentar nega as acusa\u00e7\u00f5es.<\/p>\n<p><em>Edi\u00e7\u00e3o: Vivian Virissimo<\/em><\/p>\n<p>Ilustra\u00e7\u00e3o: Cerca de 10 mil pessoas participaram de protesto em dia de abertura do ano legislativo na Alerj. M\u00eddia Ninja<\/p>\n<p>https:\/\/www.brasildefato.com.br\/2017\/02\/01\/rio-servidores-sao-reprimidos-com-violencia-em-protesto-contra-governo-pezao-pmdb\/<\/p>\n","protected":false},"excerpt":{"rendered":"Manifestantes protestavam contra a privatiza\u00e7\u00e3o da CEDAE (empresa de \u00e1guas e esgoto) e as medidas de ajuste fiscal Fania Rodrigues\n<a class=\"moretag\" href=\"https:\/\/pcb.org.br\/portal2\/13430\"> <\/a>","protected":false},"author":1,"featured_media":0,"comment_status":"closed","ping_status":"closed","sticky":false,"template":"","format":"standard","meta":{"jetpack_post_was_ever_published":false,"_jetpack_newsletter_access":"","_jetpack_dont_email_post_to_subs":true,"_jetpack_newsletter_tier_id":0,"_jetpack_memberships_contains_paywalled_content":false,"_jetpack_memberships_contains_paid_content":false,"footnotes":"","jetpack_publicize_message":"","jetpack_publicize_feature_enabled":true,"jetpack_social_post_already_shared":true,"jetpack_social_options":{"image_generator_settings":{"template":"highway","default_image_id":0,"font":"","enabled":false},"version":2}},"categories":[15],"tags":[],"class_list":["post-13430","post","type-post","status-publish","format-standard","hentry","category-s18-sindical"],"jetpack_publicize_connections":[],"jetpack_featured_media_url":"","jetpack_shortlink":"https:\/\/wp.me\/p659gw-3uC","jetpack-related-posts":[],"jetpack_likes_enabled":true,"jetpack_sharing_enabled":true,"_links":{"self":[{"href":"https:\/\/pcb.org.br\/portal2\/wp-json\/wp\/v2\/posts\/13430","targetHints":{"allow":["GET"]}}],"collection":[{"href":"https:\/\/pcb.org.br\/portal2\/wp-json\/wp\/v2\/posts"}],"about":[{"href":"https:\/\/pcb.org.br\/portal2\/wp-json\/wp\/v2\/types\/post"}],"author":[{"embeddable":true,"href":"https:\/\/pcb.org.br\/portal2\/wp-json\/wp\/v2\/users\/1"}],"replies":[{"embeddable":true,"href":"https:\/\/pcb.org.br\/portal2\/wp-json\/wp\/v2\/comments?post=13430"}],"version-history":[{"count":0,"href":"https:\/\/pcb.org.br\/portal2\/wp-json\/wp\/v2\/posts\/13430\/revisions"}],"wp:attachment":[{"href":"https:\/\/pcb.org.br\/portal2\/wp-json\/wp\/v2\/media?parent=13430"}],"wp:term":[{"taxonomy":"category","embeddable":true,"href":"https:\/\/pcb.org.br\/portal2\/wp-json\/wp\/v2\/categories?post=13430"},{"taxonomy":"post_tag","embeddable":true,"href":"https:\/\/pcb.org.br\/portal2\/wp-json\/wp\/v2\/tags?post=13430"}],"curies":[{"name":"wp","href":"https:\/\/api.w.org\/{rel}","templated":true}]}}