{"id":1345,"date":"2011-03-30T19:39:27","date_gmt":"2011-03-30T19:39:27","guid":{"rendered":"http:\/\/pcb.org.br\/portal2\/?p=1345"},"modified":"2011-03-30T19:39:27","modified_gmt":"2011-03-30T19:39:27","slug":"padre-que-abencoava-voos-da-morte-e-denunciado-durante-missa","status":"publish","type":"post","link":"https:\/\/pcb.org.br\/portal2\/1345","title":{"rendered":"Padre que aben\u00e7oava voos da morte \u00e9 denunciado durante missa"},"content":{"rendered":"\n<p>O padre alberto Angel Zanchetta, que em 2009 se aposentou como capit\u00e3o de fragata e capel\u00e3o da Marinha, \u00e9 acusado de ter aben\u00e7oado os voos da morte por meio dos quais presos pol\u00edticos e desaparecidos eram lan\u00e7ados ao mar durante a \u00faltima ditadura argentina. No \u00faltimo domingo, Zanchetta foi denunciado publicamente por jovens militantes peronistas e familiares de desaparecidos enquanto rezava missa em uma par\u00f3quia de Buenos Aires. Os moradores da regi\u00e3o pediram sua remo\u00e7\u00e3o imediata da par\u00f3quia.<\/p>\n<p>Um padre que aben\u00e7oava militares argentinos e os voos da morte por meio dos quais a ditadura jogava presos pol\u00edticos-desaparecidos vivos no mar, foi localizado por jovens militantes em uma par\u00f3quia de San Mart\u00edn, na prov\u00edncia de Buenos Aires, e denunciado publicamente enquanto rezava a missa. O padre Alberto Angel Zanchetta, que em 2009 foi aposentado como capit\u00e3o de fragata e capel\u00e3o da Marinha, continua exercendo o sacerd\u00f3cio em par\u00f3quias da capital argentina e arredores, apoiado pelo cardeal Jorge Bergoglio.<\/p>\n<p><a href=\"http:\/\/www.youtube.com\/watch?v=SlEXGN8hMrk\" target=\"_blank\">http:\/\/www.youtube.com\/watch?v=SlEXGN8hMrk<\/a><\/p>\n<p>Entre os anos 1975 e 1976, Zanchetta serviu na Escola de Mec\u00e2nica da Armada (ESMA), considerada o maior centro clandestino de deten\u00e7\u00e3o da ditadura e onde desapareceram cerca de 5 mil pessoas. Depois que o Minist\u00e9rio da Defesa, comandado pela advogada Nilda Garr\u00e9, determinou a remo\u00e7\u00e3o de Zanchetta em 2009, o jornal P\u00e1gina\/12 descobriu-o em uma igreja do antigo bairro de San Telmo.<\/p>\n<p>Diante do esc\u00e2ndalo, a c\u00fapula da Igreja Cat\u00f3lica enviou-o para It\u00e1lia por um tempo e acreditando que tudo havia ca\u00eddo no esquecimento, decidiu reintegr\u00e1-lo \u00e0 par\u00f3quia da localidade de 3 de fevereiro, pr\u00f3xima da de San Mart\u00edn, onde ele foi novamente localizado por familiares dos desaparecidos e sobreviventes. No dia 6 de mar\u00e7o, o padre foi enviado ent\u00e3o para a par\u00f3quia de San Mart\u00edn, mas ele foi mais uma vez localizado por familiares de desaparecidos que alertaram os moradores do lugar.<\/p>\n<p>Quase ao terminar a missa, no \u00faltimo domingo, um grupo de militantes da Juventude Peronista Evita e familiares de v\u00edtimas seguiram atentamente seu serm\u00e3o, carregado de intrigas pol\u00edticas. Um dos jovens levantou-se, interrompeu a missa e disse a todos os assistentes que aquele padre havia estado na ESMA durante a ditadura, enquanto seus companheiros distribu\u00edam um panfleto contendo um alerta aos moradores. \u201cNa igreja de seu bairro um assassino est\u00e1 rezando a missa\u201d \u2013 denunciava o panfleto.<\/p>\n<p>No dia seguinte, integrantes da Pastoral Social pediram ao bispo da regi\u00e3o que retirasse Zanchetta da par\u00f3quia. A comunidade espera agora uma decis\u00e3o da C\u00faria, enquanto seguem aparecendo cartazes dizendo que, como aconteceu com os nazistas, os assassinos da ditadura ser\u00e3o buscados n\u00e3o importa onde forem.<\/p>\n<p>No livro <em>El vuelo<\/em>, de Horacio Verbistky, o ex-capit\u00e3o da Marinha, Adolfo Scilingo \u2013 preso atualmente na Espanha \u2013 fez sua primeira revela\u00e7\u00e3o sobre sua participa\u00e7\u00e3o nos v\u00f4os da morte. Ele relatou que no regresso do primeiro v\u00f4o em que atuou jogando pessoas ao mar se sentiu muito mal e se aproximou de um capel\u00e3o da Marinha, que o acalmou dizendo que era uma morte crist\u00e3 porque as v\u00edtimas n\u00e3o sofriam.<\/p>\n<p>A organiza\u00e7\u00e3o <a href=\"http:\/\/www.hijos-capital.org.ar\/\" target=\"_blank\">Hijos (de desaparecidos)<\/a> solicitou a um juiz federal que denuncie Zanchetta, que juntamente com outro capel\u00e3o, Luiz Antonio Mance\u00f1ido, s\u00e3o apontados como confessores dos militares da Marinha, j\u00e1 tendo sido reconhecidos por sobreviventes.<\/p>\n<p><em>Tradu\u00e7\u00e3o: Katarina Peixoto<\/em><\/p>\n<p> <object width=\"480\" height=\"385\"><param name=\"movie\" value=\"http:\/\/www.youtube.com\/v\/SlEXGN8hMrk\" \/><param name=\"allowFullScreen\" value=\"true\" \/><param name=\"allowscriptaccess\" value=\"always\" \/><\/object> <\/p>\n","protected":false},"excerpt":{"rendered":"\n\n\nCr\u00e9dito: YouTube\n\n\n\n\n\n\n\n\nStella Calloni &#8211; La Jornada\n<a class=\"moretag\" href=\"https:\/\/pcb.org.br\/portal2\/1345\"> <\/a>","protected":false},"author":1,"featured_media":0,"comment_status":"open","ping_status":"open","sticky":false,"template":"","format":"standard","meta":{"jetpack_post_was_ever_published":false,"_jetpack_newsletter_access":"","_jetpack_dont_email_post_to_subs":false,"_jetpack_newsletter_tier_id":0,"_jetpack_memberships_contains_paywalled_content":false,"_jetpack_memberships_contains_paid_content":false,"footnotes":"","jetpack_publicize_message":"","jetpack_publicize_feature_enabled":true,"jetpack_social_post_already_shared":false,"jetpack_social_options":{"image_generator_settings":{"template":"highway","default_image_id":0,"font":"","enabled":false},"version":2}},"categories":[57],"tags":[],"class_list":["post-1345","post","type-post","status-publish","format-standard","hentry","category-c68-argentina"],"jetpack_publicize_connections":[],"jetpack_featured_media_url":"","jetpack_shortlink":"https:\/\/wp.me\/p659gw-lH","jetpack-related-posts":[],"jetpack_likes_enabled":true,"jetpack_sharing_enabled":true,"_links":{"self":[{"href":"https:\/\/pcb.org.br\/portal2\/wp-json\/wp\/v2\/posts\/1345","targetHints":{"allow":["GET"]}}],"collection":[{"href":"https:\/\/pcb.org.br\/portal2\/wp-json\/wp\/v2\/posts"}],"about":[{"href":"https:\/\/pcb.org.br\/portal2\/wp-json\/wp\/v2\/types\/post"}],"author":[{"embeddable":true,"href":"https:\/\/pcb.org.br\/portal2\/wp-json\/wp\/v2\/users\/1"}],"replies":[{"embeddable":true,"href":"https:\/\/pcb.org.br\/portal2\/wp-json\/wp\/v2\/comments?post=1345"}],"version-history":[{"count":0,"href":"https:\/\/pcb.org.br\/portal2\/wp-json\/wp\/v2\/posts\/1345\/revisions"}],"wp:attachment":[{"href":"https:\/\/pcb.org.br\/portal2\/wp-json\/wp\/v2\/media?parent=1345"}],"wp:term":[{"taxonomy":"category","embeddable":true,"href":"https:\/\/pcb.org.br\/portal2\/wp-json\/wp\/v2\/categories?post=1345"},{"taxonomy":"post_tag","embeddable":true,"href":"https:\/\/pcb.org.br\/portal2\/wp-json\/wp\/v2\/tags?post=1345"}],"curies":[{"name":"wp","href":"https:\/\/api.w.org\/{rel}","templated":true}]}}