{"id":1349,"date":"2011-03-31T14:29:24","date_gmt":"2011-03-31T14:29:24","guid":{"rendered":"http:\/\/pcb.org.br\/portal2\/?p=1349"},"modified":"2011-03-31T14:29:24","modified_gmt":"2011-03-31T14:29:24","slug":"camaradas-do-comite-central-do-partido-comunista-brasileiro","status":"publish","type":"post","link":"https:\/\/pcb.org.br\/portal2\/1349","title":{"rendered":"Camaradas do Comit\u00ea Central do Partido Comunista Brasileiro"},"content":{"rendered":"\n<p>Queridos camaradas<\/p>\n<p align=\"JUSTIFY\">Com as l\u00edmpidas bandeiras do internacionalismo e do marxismo-leninismo o PCB celebra seus 89 anos de combate persistente, por uma sociedade livre de explora\u00e7\u00e3o do homem pelo homem, pelo advento do Socialismo.<\/p>\n<p align=\"JUSTIFY\">Por tal motivo recebam o fraternal abra\u00e7o e a sauda\u00e7\u00e3o do Comit\u00ea Central do PCP e de sua milit\u00e2ncia, sabedores que continuar\u00e3o na luta incans\u00e1vel pela defesa dos direitos dos trabalhadores e do povo brasileiro e buscar\u00e3o sempre seus objetivos de transforma\u00e7\u00e3o econ\u00f4mica e social.<\/p>\n<p align=\"JUSTIFY\">Nesta hora de brutal arremetida ideol\u00f3gica, pol\u00edtica e militar do imperialismo yanqui e de seus aliados devemos afirmar nossas posi\u00e7\u00f5es de classe e impulsionar as batalhas mais amplas e diversas contra estes inimigos da humanidade.<\/p>\n<p align=\"JUSTIFY\">Fraternalmente,<\/p>\n<p>ROBERTO DE LA CRUZ HUAMAN<\/p>\n<p>SECRET\u00c1RIO GERAL<\/p>\n<p>RA\u00dbL N\u00db\u00d1EZ<\/p>\n<p>SECRET\u00c1RIO DE RI<\/p>\n","protected":false},"excerpt":{"rendered":"\n\n\nCr\u00e9dito: PCP\n\n\n\n\n\n\n\n\nCamarada Ivan Pinheiro, Secret\u00e1rio Geral do PCB\n<a class=\"moretag\" href=\"https:\/\/pcb.org.br\/portal2\/1349\"> <\/a>","protected":false},"author":1,"featured_media":0,"comment_status":"open","ping_status":"open","sticky":false,"template":"","format":"standard","meta":{"jetpack_post_was_ever_published":false,"_jetpack_newsletter_access":"","_jetpack_dont_email_post_to_subs":false,"_jetpack_newsletter_tier_id":0,"_jetpack_memberships_contains_paywalled_content":false,"_jetpack_memberships_contains_paid_content":false,"footnotes":"","jetpack_publicize_message":"","jetpack_publicize_feature_enabled":true,"jetpack_social_post_already_shared":false,"jetpack_social_options":{"image_generator_settings":{"template":"highway","default_image_id":0,"font":"","enabled":false},"version":2}},"categories":[46],"tags":[],"class_list":["post-1349","post","type-post","status-publish","format-standard","hentry","category-c56-memoria"],"jetpack_publicize_connections":[],"jetpack_featured_media_url":"","jetpack_shortlink":"https:\/\/wp.me\/p659gw-lL","jetpack-related-posts":[],"jetpack_likes_enabled":true,"jetpack_sharing_enabled":true,"_links":{"self":[{"href":"https:\/\/pcb.org.br\/portal2\/wp-json\/wp\/v2\/posts\/1349","targetHints":{"allow":["GET"]}}],"collection":[{"href":"https:\/\/pcb.org.br\/portal2\/wp-json\/wp\/v2\/posts"}],"about":[{"href":"https:\/\/pcb.org.br\/portal2\/wp-json\/wp\/v2\/types\/post"}],"author":[{"embeddable":true,"href":"https:\/\/pcb.org.br\/portal2\/wp-json\/wp\/v2\/users\/1"}],"replies":[{"embeddable":true,"href":"https:\/\/pcb.org.br\/portal2\/wp-json\/wp\/v2\/comments?post=1349"}],"version-history":[{"count":0,"href":"https:\/\/pcb.org.br\/portal2\/wp-json\/wp\/v2\/posts\/1349\/revisions"}],"wp:attachment":[{"href":"https:\/\/pcb.org.br\/portal2\/wp-json\/wp\/v2\/media?parent=1349"}],"wp:term":[{"taxonomy":"category","embeddable":true,"href":"https:\/\/pcb.org.br\/portal2\/wp-json\/wp\/v2\/categories?post=1349"},{"taxonomy":"post_tag","embeddable":true,"href":"https:\/\/pcb.org.br\/portal2\/wp-json\/wp\/v2\/tags?post=1349"}],"curies":[{"name":"wp","href":"https:\/\/api.w.org\/{rel}","templated":true}]}}