{"id":135,"date":"2009-10-29T11:15:37","date_gmt":"2009-10-29T11:15:37","guid":{"rendered":"http:\/\/pcb.org.br\/portal2\/?p=135"},"modified":"2009-10-29T11:15:37","modified_gmt":"2009-10-29T11:15:37","slug":"manifesto-em-defesa-do-mst","status":"publish","type":"post","link":"https:\/\/pcb.org.br\/portal2\/135","title":{"rendered":"Manifesto em defesa do MST"},"content":{"rendered":"\n<p>Uma informa\u00e7\u00e3o essencial, no entanto, foi omitida: a de que a titularidade das terras da empresa \u00e9 contestada pelo Incra e pela Justi\u00e7a. Trata-se de uma grande \u00e1rea chamada N\u00facleo Mon\u00e7\u00f5es, que possui cerca de 30 mil hectares. Desses 30 mil hectares, 10 mil s\u00e3o terras p\u00fablicas reconhecidas oficialmente como devolutas e 15 mil s\u00e3o terras improdutivas. Ao mesmo tempo, n\u00e3o h\u00e1 nenhuma prova de que a suposta destrui\u00e7\u00e3o de m\u00e1quinas e equipamentos tenha sido obra dos sem-terra.<\/p>\n<p>Na \u00f3tica dos setores dominantes, p\u00e9s de laranja arrancados em protesto representam uma imagem mais chocante do que as fam\u00edlias que vivem em acampamentos prec\u00e1rios desejando produzir alimentos.<\/p>\n<p><strong>Bloquear a reforma agr\u00e1ria<\/strong><\/p>\n<p>H\u00e1 um objetivo preciso nisso tudo: impedir a revis\u00e3o dos \u00edndices de produtividade agr\u00edcola \u2013 cuja vers\u00e3o em vigor tem como base o censo agropecu\u00e1rio de 1975 \u2013 e viabilizar uma CPI sobre o MST. Com tal postura, o foco do debate agr\u00e1rio \u00e9 deslocado dos respons\u00e1veis pela desigualdade e concentra\u00e7\u00e3o para criminalizar os que lutam pelo direito do povo. A revis\u00e3o dos \u00edndices evidenciaria que, apesar de todo o avan\u00e7o t\u00e9cnico, boa parte das grandes propriedades n\u00e3o \u00e9 t\u00e3o produtiva quanto seus donos alegam e estaria, assim, dispon\u00edvel para a reforma agr\u00e1ria.<\/p>\n<p>Para mascarar tal fato, est\u00e1 em curso um grande operativo pol\u00edtico das classes dominantes objetivando golpear o principal movimento social brasileiro, o MST. Deste modo, prepara-se o terreno para mais uma ofensiva contra os direitos sociais da maioria da popula\u00e7\u00e3o brasileira.<\/p>\n<p>O pesado operativo midi\u00e1tico-empresarial visa isolar e criminalizar o movimento social e enfraquecer suas bases de apoio. Sem resist\u00eancias, as corpora\u00e7\u00f5es agr\u00edcolas tentam bloquear, ainda mais severamente, a reforma agr\u00e1ria e impor um modelo agroexportador predat\u00f3rio em termos sociais e ambientais, como \u00fanica alternativa para a agropecu\u00e1ria brasileira.<\/p>\n<p><strong>Concentra\u00e7\u00e3o fundi\u00e1ria<\/strong><\/p>\n<p>A concentra\u00e7\u00e3o fundi\u00e1ria no Brasil aumentou nos \u00faltimos dez anos, conforme o Censo Agr\u00e1rio do IBGE. A \u00e1rea ocupada pelos estabelecimentos rurais maiores do que mil hectares concentra mais de 43% do espa\u00e7o total, enquanto as propriedades com menos de 10 hectares ocupam menos de 2,7%. As pequenas propriedades est\u00e3o definhando enquanto crescem as fronteiras agr\u00edcolas do agroneg\u00f3cio.<\/p>\n<p>Conforme a Comiss\u00e3o Pastoral da Terra (CPT, 2009) os conflitos agr\u00e1rios do primeiro semestre deste ano seguem marcando uma situa\u00e7\u00e3o de extrema viol\u00eancia contra os trabalhadores rurais. Entre janeiro e julho de 2009 foram registrados 366 conflitos, que afetaram diretamente 193.174 pessoas, ocorrendo um assassinato a cada 30 conflitos no 1\u00ba semestre de 2009. Ao todo, foram 12 assassinatos, 44 tentativas de homic\u00eddio, 22 amea\u00e7as de morte e 6 pessoas torturadas no primeiro semestre deste ano.<\/p>\n<p><strong>N\u00e3o viol\u00eancia<\/strong><\/p>\n<p>A estrat\u00e9gia de luta do MST sempre se caracterizou pela n\u00e3o viol\u00eancia, ainda que em um ambiente de extrema agressividade por parte dos agentes do Estado e das mil\u00edcias e jagun\u00e7os a servi\u00e7o das corpora\u00e7\u00f5es e do latif\u00fandio. As ocupa\u00e7\u00f5es objetivam pressionar os governos a realizar a reforma agr\u00e1ria.<\/p>\n<p>\u00c9 preciso uma agricultura socialmente justa, ecol\u00f3gica, capaz de assegurar a soberania alimentar e baseada na livre coopera\u00e7\u00e3o de pequenos agricultores. Isso s\u00f3 ser\u00e1 conquistado com movimentos sociais fortes, apoiados pela maioria da popula\u00e7\u00e3o brasileira.<\/p>\n<p>Contra a criminaliza\u00e7\u00e3o das lutas sociais<\/p>\n<p>Convocamos todos os movimentos e setores comprometidos com as lutas a se engajarem em um amplo movimento contra a criminaliza\u00e7\u00e3o das lutas sociais, realizando atos e manifesta\u00e7\u00f5es pol\u00edticas que demarquem o rep\u00fadio \u00e0 criminaliza\u00e7\u00e3o do MST e de todas as lutas no Brasil.<\/p>\n<p>Eduardo Galeano \u2013 Uruguai<\/p>\n<p>Istv\u00e1n M\u00e9sz\u00e1ros \u2013 Inglaterra<\/p>\n<p>Ana Esther Cece\u00f1a \u2013 M\u00e9xico<\/p>\n<p>Boaventura de Souza Santos \u2013 Portugal<\/p>\n<p>Daniel Bensaid \u2013 Fran\u00e7a<\/p>\n<p>Isabel Monal \u2013 Cuba<\/p>\n<p>Michael Lowy \u2013 Fran\u00e7a<\/p>\n<p>Claudia Korol \u2013 Argentina<\/p>\n<p>Carlos Juli\u00e1 \u2013 Argentina<\/p>\n<p>Miguel Urbano Rodrigues \u2013 Portugal<\/p>\n<p>Carlos Aguilar \u2013 Costa Rica<\/p>\n<p>Ricardo Gimenez \u2013 Chile<\/p>\n<p>Pedro Franco \u2013 Rep\u00fablica Dominicana<\/p>\n<p>Brasil:<\/p>\n<p>Antonio Candido<\/p>\n<p>Ana Clara Ribeiro<\/p>\n<p>Anita Leoc\u00e1dia Prestes<\/p>\n<p>Andressa Caldas<\/p>\n<p>Andr\u00e9 Vianna Dantas<\/p>\n<p>Andr\u00e9 Campos B\u00farigo<\/p>\n<p>Augusto C\u00e9sar<\/p>\n<p>Carlos Nelson Coutinho<\/p>\n<p>Carlos Walter Porto-Gon\u00e7alves<\/p>\n<p>Carlos Alberto Duarte<\/p>\n<p>Carlos A. Bar\u00e3o<\/p>\n<p>C\u00e1tia Guimar\u00e3es<\/p>\n<p>Cec\u00edlia Rebou\u00e7as Coimbra<\/p>\n<p>Ciro Correia<\/p>\n<p>Chico Alencar<\/p>\n<p>Claudia Trindade<\/p>\n<p>Claudia Santiago<\/p>\n<p>Chico de Oliveira<\/p>\n<p>Demian Bezerra de Melo<\/p>\n<p>Emir Sader<\/p>\n<p>Elias Santos<\/p>\n<p>Eurelino Coelho<\/p>\n<p>Eleuterio Prado<\/p>\n<p>Fernando Vieira Velloso<\/p>\n<p>Gaud\u00eancio Frigotto<\/p>\n<p>Gilberto Maringoni<\/p>\n<p>Gilcilene Bar\u00e3o<\/p>\n<p>Irene Seigle<\/p>\n<p>Ivana Jinkings<\/p>\n<p>Ivan Pinheiro<\/p>\n<p>Jos\u00e9 Paulo Netto<\/p>\n<p>Leandro Konder<\/p>\n<p>Luis Fernando Ver\u00edssimo<\/p>\n<p>Luiz Bassegio<\/p>\n<p>Luis Acosta<\/p>\n<p>Lucia Maria Wanderley Neves<\/p>\n<p>Marcelo Badar\u00f3 Mattos<\/p>\n<p>Marcelo Freixo<\/p>\n<p>Marilda Iamamoto<\/p>\n<p>Maril\u00e9a Venancio Porfirio<\/p>\n<p>Mauro Luis Iasi<\/p>\n<p>M\u00e1rio Maestri<\/p>\n<p>Maur\u00edcio Vieira Martins<\/p>\n<p>Ot\u00edlia Fiori Arantes<\/p>\n<p>Paulo Arantes<\/p>\n<p>Paulo Nakatani<\/p>\n<p>Pl\u00ednio de Arruda Sampaio<\/p>\n<p>Pl\u00ednio de Arruda Sampaio Filho<\/p>\n<p>Renake Neves<\/p>\n<p>Reinaldo A. Carcanholo<\/p>\n<p>Ricardo Antunes<\/p>\n<p>Ricardo Gilberto Lyrio Teixeira<\/p>\n<p>Roberto Leher<\/p>\n<p>Sara Granemann<\/p>\n<p>Sandra Carvalho<\/p>\n<p>Sergio Romagnolo<\/p>\n<p>Sheila Jacob<\/p>\n<p>Virg\u00ednia Fontes<\/p>\n<p>Vito Giannotti<\/p>\n","protected":false},"excerpt":{"rendered":"As grandes redes de televis\u00e3o repetiram \u00e0 exaust\u00e3o, h\u00e1 algumas semanas, imagens da ocupa\u00e7\u00e3o realizada por integrantes do Movimento dos Trabalhadores Rurais Sem Terra (MST) em terras que seriam de propriedade do Sucoc\u00edtrico Cutrale, no interior de S\u00e3o Paulo. A m\u00eddia foi taxativa em classificar a derrubada de alguns p\u00e9s de laranja como ato de vandalismo.\n<a class=\"moretag\" href=\"https:\/\/pcb.org.br\/portal2\/135\"> <\/a>","protected":false},"author":1,"featured_media":0,"comment_status":"open","ping_status":"open","sticky":false,"template":"","format":"standard","meta":{"jetpack_post_was_ever_published":false,"_jetpack_newsletter_access":"","_jetpack_dont_email_post_to_subs":false,"_jetpack_newsletter_tier_id":0,"_jetpack_memberships_contains_paywalled_content":false,"_jetpack_memberships_contains_paid_content":false,"footnotes":"","jetpack_publicize_message":"","jetpack_publicize_feature_enabled":true,"jetpack_social_post_already_shared":false,"jetpack_social_options":{"image_generator_settings":{"template":"highway","default_image_id":0,"font":"","enabled":false},"version":2}},"categories":[20],"tags":[],"class_list":["post-135","post","type-post","status-publish","format-standard","hentry","category-c1-popular"],"jetpack_publicize_connections":[],"jetpack_featured_media_url":"","jetpack_shortlink":"https:\/\/wp.me\/p659gw-2b","jetpack-related-posts":[],"jetpack_likes_enabled":true,"jetpack_sharing_enabled":true,"_links":{"self":[{"href":"https:\/\/pcb.org.br\/portal2\/wp-json\/wp\/v2\/posts\/135","targetHints":{"allow":["GET"]}}],"collection":[{"href":"https:\/\/pcb.org.br\/portal2\/wp-json\/wp\/v2\/posts"}],"about":[{"href":"https:\/\/pcb.org.br\/portal2\/wp-json\/wp\/v2\/types\/post"}],"author":[{"embeddable":true,"href":"https:\/\/pcb.org.br\/portal2\/wp-json\/wp\/v2\/users\/1"}],"replies":[{"embeddable":true,"href":"https:\/\/pcb.org.br\/portal2\/wp-json\/wp\/v2\/comments?post=135"}],"version-history":[{"count":0,"href":"https:\/\/pcb.org.br\/portal2\/wp-json\/wp\/v2\/posts\/135\/revisions"}],"wp:attachment":[{"href":"https:\/\/pcb.org.br\/portal2\/wp-json\/wp\/v2\/media?parent=135"}],"wp:term":[{"taxonomy":"category","embeddable":true,"href":"https:\/\/pcb.org.br\/portal2\/wp-json\/wp\/v2\/categories?post=135"},{"taxonomy":"post_tag","embeddable":true,"href":"https:\/\/pcb.org.br\/portal2\/wp-json\/wp\/v2\/tags?post=135"}],"curies":[{"name":"wp","href":"https:\/\/api.w.org\/{rel}","templated":true}]}}