{"id":1359,"date":"2011-04-02T23:14:55","date_gmt":"2011-04-03T02:14:55","guid":{"rendered":"http:\/\/pcb.org.br\/portal2\/?p=1359"},"modified":"2017-08-25T00:32:35","modified_gmt":"2017-08-25T03:32:35","slug":"a-rebeliao-e-um-direito-legitimo-dos-povos","status":"publish","type":"post","link":"https:\/\/pcb.org.br\/portal2\/1359","title":{"rendered":"A rebeli\u00e3o \u00e9 um direito leg\u00edtimo dos povos"},"content":{"rendered":"\n<p align=\"JUSTIFY\"><em>Maracay (especial VEA)<\/em> \u2013 Que a rebeli\u00e3o \u00e9 um direito inalien\u00e1vel dos povos, que, inclusive, \u00e9 um dever, foi uma das conclus\u00f5es a que se chegou durante a primeira jornada do Congresso Somente Marx, evento realizado no audit\u00f3rio da Prefeitura de Maracay, organizado pelo Governo municipal, pela Frente Alfredo Maneiro, pelo Partido Socialista Unido da Venezuela e pelo Movimento Continental Bolivariano &#8211; Venezuela.<\/p>\n<p align=\"JUSTIFY\">Depois de entoar as notas de <em>A Internacional<\/em>, e de um breve concerto oferecido pelo nosso afamado violonista Efra\u00edn Silva, Jes\u00fas Vivas tomou a palavra para presentear o p\u00fablico com um perfil pol\u00edtico-bibliogr\u00e1fico de Karl Marx. Vivas destacou a claridade do pensamento de Marx e sua evolu\u00e7\u00e3o at\u00e9 a consecu\u00e7\u00e3o de sua obra mais elaborada, <em>O Capital<\/em>, s\u00edntese de toda filosofia marxista.<\/p>\n<p align=\"JUSTIFY\">Em seguida foi a vez do pesquisador e docente argentino N\u00e9stor Kohan, que coordena em seu pa\u00eds a C\u00e1tedra Che Guevara. Kohan, depois de uma breve revis\u00e3o hist\u00f3rica das vit\u00f3rias e das derrotas das for\u00e7as progressistas no mundo, centrou-se no dever e no direito dos povos \u00e0 rebeli\u00e3o pela sua liberdade. A transi\u00e7\u00e3o ao socialismo nunca ser\u00e1 f\u00e1cil, afirmou, para em seguida postular o debate aberto e fraterno, por vezes acalorado, sim, de irm\u00e3os por uma mesma causa, entre as distintas e m\u00faltiplas correntes coexistentes no marxismo.<\/p>\n<p align=\"JUSTIFY\">O dominicano Narciso Isa Conde foi enf\u00e1tico ao assinalar que o socialismo, redescoberto a partir das coloca\u00e7\u00f5es de Ch\u00e1vez, isto \u00e9, resgatado do chamado \u201cfim da hist\u00f3ria\u201d, n\u00e3o podia cair nos mesmos erros do passado. Esmiu\u00e7ou os processos sovi\u00e9tico, chin\u00eas e cubano para ressaltar seus acertos e alertar sobre seus erros. A discuss\u00e3o est\u00e1 aberta, disse, sobre o tipo de socialismo que queremos.<\/p>\n<p align=\"JUSTIFY\">Por sua vez, o secret\u00e1rio geral do Partido Comunista Brasileiro, Ivan Martins Pinheiro, em um saboroso <em>portunhol <\/em>falou sobre a import\u00e2ncia da Revolu\u00e7\u00e3o Bolivariana para o mundo e para a Am\u00e9rica Latina em particular. Disse n\u00e3o lembrar nenhuma vit\u00f3ria popular sobre o imperialismo golpista t\u00e3o contundente como a nossa em abril de 2002. Assinalou que continuam os perigos golpistas e separatistas na Bol\u00edvia (Santa Cruz), como tamb\u00e9m na Venezuela (Zulia).<\/p>\n","protected":false},"excerpt":{"rendered":"\n\n\nCr\u00e9dito: PCB\n\n\n\n\n\n\n\n\nPablo J. Acosta R\u00edos\n<a class=\"moretag\" href=\"https:\/\/pcb.org.br\/portal2\/1359\"> <\/a>","protected":false},"author":1,"featured_media":0,"comment_status":"closed","ping_status":"closed","sticky":false,"template":"","format":"standard","meta":{"jetpack_post_was_ever_published":false,"_jetpack_newsletter_access":"","_jetpack_dont_email_post_to_subs":false,"_jetpack_newsletter_tier_id":0,"_jetpack_memberships_contains_paywalled_content":false,"_jetpack_memberships_contains_paid_content":false,"footnotes":"","jetpack_publicize_message":"","jetpack_publicize_feature_enabled":true,"jetpack_social_post_already_shared":false,"jetpack_social_options":{"image_generator_settings":{"template":"highway","default_image_id":0,"font":"","enabled":false},"version":2}},"categories":[9],"tags":[],"class_list":["post-1359","post","type-post","status-publish","format-standard","hentry","category-s10-internacional"],"jetpack_publicize_connections":[],"jetpack_featured_media_url":"","jetpack_shortlink":"https:\/\/wp.me\/p659gw-lV","jetpack-related-posts":[],"jetpack_likes_enabled":true,"jetpack_sharing_enabled":true,"_links":{"self":[{"href":"https:\/\/pcb.org.br\/portal2\/wp-json\/wp\/v2\/posts\/1359","targetHints":{"allow":["GET"]}}],"collection":[{"href":"https:\/\/pcb.org.br\/portal2\/wp-json\/wp\/v2\/posts"}],"about":[{"href":"https:\/\/pcb.org.br\/portal2\/wp-json\/wp\/v2\/types\/post"}],"author":[{"embeddable":true,"href":"https:\/\/pcb.org.br\/portal2\/wp-json\/wp\/v2\/users\/1"}],"replies":[{"embeddable":true,"href":"https:\/\/pcb.org.br\/portal2\/wp-json\/wp\/v2\/comments?post=1359"}],"version-history":[{"count":0,"href":"https:\/\/pcb.org.br\/portal2\/wp-json\/wp\/v2\/posts\/1359\/revisions"}],"wp:attachment":[{"href":"https:\/\/pcb.org.br\/portal2\/wp-json\/wp\/v2\/media?parent=1359"}],"wp:term":[{"taxonomy":"category","embeddable":true,"href":"https:\/\/pcb.org.br\/portal2\/wp-json\/wp\/v2\/categories?post=1359"},{"taxonomy":"post_tag","embeddable":true,"href":"https:\/\/pcb.org.br\/portal2\/wp-json\/wp\/v2\/tags?post=1359"}],"curies":[{"name":"wp","href":"https:\/\/api.w.org\/{rel}","templated":true}]}}