{"id":13608,"date":"2017-02-20T13:05:58","date_gmt":"2017-02-20T16:05:58","guid":{"rendered":"https:\/\/pcb.org.br\/portal2\/?p=13608"},"modified":"2017-08-24T22:28:08","modified_gmt":"2017-08-25T01:28:08","slug":"o-senador-que-a-imprensa-mais-respeita-sobre-a-necessidade-de-democratizar-os-meios-de-comunicacao","status":"publish","type":"post","link":"https:\/\/pcb.org.br\/portal2\/13608","title":{"rendered":"O Senador que a imprensa mais respeita: sobre a necessidade de democratizar os meios de comunica\u00e7\u00e3o"},"content":{"rendered":"<p><img data-recalc-dims=\"1\" decoding=\"async\" class=\"imagem\" title=\"imagem\" src=\"https:\/\/i0.wp.com\/www.foracoroneisdamidia.com.br\/wp-content\/gallery\/coroneis-da-midia\/CartazesCE_eunicio.jpg?w=747\" alt=\"imagem\" \/><em>Por Antonio Lima J\u00fanior, jornalista e militante do PCB no Cear\u00e1<\/em><\/p>\n<p>No dia 01\/02, o senador Eun\u00edcio Oliveira (PMDB-CE) foi eleito Presidente do Senado para os pr\u00f3ximos dois anos, gerando grande repercuss\u00e3o nos meios de comunica\u00e7\u00e3o, que n\u00e3o cansaram\u00a0de estampar seu rosto draconiano nos principais cadernos pol\u00edticos da imprensa local, utilizando-se do <!--more-->regionalismo para enaltecer a escolha do senador, haja vista que o \u00faltimo Presidente do Senado de origem cearense fora Mauro Benevides (PMDB), entre 1991 a 1993. Ruralista, dono de grandes latif\u00fandios, Eun\u00edcio Oliveira aparece na dela\u00e7\u00e3o da Odebrecht acusado de receber R$ 2,1 milh\u00f5es, al\u00e9m de ter enriquecido 749% como senador entre 2010 e 2014.<\/p>\n<p>Tecendo louros ao senador, as mat\u00e9rias jornal\u00edsticas recordaram a retrospectiva da sua \u201ctrajet\u00f3ria pol\u00edtica\u201d em seus cadernos pol\u00edticos, numa esp\u00e9cie caricata de \u201cRevista Caras\u201d, trajet\u00f3ria essa marcada por alian\u00e7as coronelistas, com direito a casamento entre fam\u00edlias (sua esposa \u00e9 filha de Paes de Andrade, pol\u00edtico cearense que foi Presidente da C\u00e2mara dos Deputados e embaixador em Portugal) e coliga\u00e7\u00f5es com o reformismo petista, chegando a nomear Eun\u00edcio como Ministro das Comunica\u00e7\u00f5es em 2004, mesmo sendo dono ilegal de concess\u00f5es p\u00fablicas de r\u00e1dios: Serrinha FM, de Corumb\u00e1 de Goi\u00e1s (GO) e Tempo FM, de Juazeiro do Norte (CE).<\/p>\n<p>Lamentavelmente, o PT fez quest\u00e3o de fortalecer um coronel midi\u00e1tico e ruralista (duas pautas que diziam fazer parte do projeto democr\u00e1tico popular), criando o ovo de serpente que eclodiu ao apoiar o impeachment e seguir na linha de derrocada do petismo no Cear\u00e1, fortalecendo a oposi\u00e7\u00e3o. A imprensa cearense se cala diante dos fatos, mostrando-nos a necessidade de ampliar a discuss\u00e3o sobre o papel dos meios de comunica\u00e7\u00e3o na manuten\u00e7\u00e3o e hegemoniza\u00e7\u00e3o do sistema capitalista e dos interesses da burguesia que comanda o pa\u00eds nesse momento p\u00f3s-impeachment.<\/p>\n<p>No momento de crise da alternativa petista e no processo de autocr\u00edtica da esquerda, a pauta da democratiza\u00e7\u00e3o dos meios de comunica\u00e7\u00e3o precisa estar presente. Cabe lembrar que nos treze anos de governo petista n\u00e3o houve nenhum avan\u00e7o nessa quest\u00e3o, muito pelo contr\u00e1rio: nunca na hist\u00f3ria desse pa\u00eds a imprensa burguesa lucrou tanto com recursos federais e seguiu com suas concess\u00f5es intoc\u00e1veis. O ex-presidente Lula, ap\u00f3s depor em condu\u00e7\u00e3o coercitiva, chegou a criticar o papel da Rede Globo no processo. Esqueceu ele de mencionar que n\u00e3o deixou de tecer elogios a Roberto Marinho em seu enterro, pouco depois de ser empossado Presidente da Rep\u00fablica pela primeira vez.<\/p>\n<p>Para a esquerda socialista, realmente comprometida com a constru\u00e7\u00e3o de um novo sistema, a partir da luta\u00a0anticapitalista e anti-imperialista, \u00e9 preciso demarcar a necessidade de uma comunica\u00e7\u00e3o voltada para a classe trabalhadora e popula\u00e7\u00f5es oprimidas pelo capitalismo, contrapondo a m\u00eddia hegem\u00f4nica e sua dissemina\u00e7\u00e3o do pensamento burgu\u00eas, sem deixar de, concomitantemente, exigir a imediata cassa\u00e7\u00e3o das concess\u00f5es p\u00fablicas de transmiss\u00e3o de r\u00e1dio e TV\u00a0que est\u00e3o hoje nas m\u00e3os de latifundi\u00e1rios, pol\u00edticos e toda uma corja de burgueses\u00a0que lucram com nossas mazelas transformadas em espet\u00e1culo. \u00c9 preciso propagar para a classe oper\u00e1ria quem de fato \u00e9 o senador Eun\u00edcio Oliveira: ruralista, golpista e burgu\u00eas, que vai aprovar sem nenhum pudor as reformas trabalhista\u00a0e da Previd\u00eancia!<\/p>\n","protected":false},"excerpt":{"rendered":"Por Antonio Lima J\u00fanior, jornalista e militante do PCB no Cear\u00e1 No dia 01\/02, o senador Eun\u00edcio Oliveira (PMDB-CE) foi eleito Presidente do \n<a class=\"moretag\" href=\"https:\/\/pcb.org.br\/portal2\/13608\"> <\/a>","protected":false},"author":1,"featured_media":0,"comment_status":"closed","ping_status":"closed","sticky":false,"template":"","format":"standard","meta":{"jetpack_post_was_ever_published":false,"_jetpack_newsletter_access":"","_jetpack_dont_email_post_to_subs":true,"_jetpack_newsletter_tier_id":0,"_jetpack_memberships_contains_paywalled_content":false,"_jetpack_memberships_contains_paid_content":false,"footnotes":"","jetpack_publicize_message":"","jetpack_publicize_feature_enabled":true,"jetpack_social_post_already_shared":true,"jetpack_social_options":{"image_generator_settings":{"template":"highway","default_image_id":0,"font":"","enabled":false},"version":2}},"categories":[218],"tags":[],"class_list":["post-13608","post","type-post","status-publish","format-standard","hentry","category-comunicacao"],"jetpack_publicize_connections":[],"jetpack_featured_media_url":"","jetpack_shortlink":"https:\/\/wp.me\/p659gw-3xu","jetpack-related-posts":[],"jetpack_likes_enabled":true,"jetpack_sharing_enabled":true,"_links":{"self":[{"href":"https:\/\/pcb.org.br\/portal2\/wp-json\/wp\/v2\/posts\/13608","targetHints":{"allow":["GET"]}}],"collection":[{"href":"https:\/\/pcb.org.br\/portal2\/wp-json\/wp\/v2\/posts"}],"about":[{"href":"https:\/\/pcb.org.br\/portal2\/wp-json\/wp\/v2\/types\/post"}],"author":[{"embeddable":true,"href":"https:\/\/pcb.org.br\/portal2\/wp-json\/wp\/v2\/users\/1"}],"replies":[{"embeddable":true,"href":"https:\/\/pcb.org.br\/portal2\/wp-json\/wp\/v2\/comments?post=13608"}],"version-history":[{"count":0,"href":"https:\/\/pcb.org.br\/portal2\/wp-json\/wp\/v2\/posts\/13608\/revisions"}],"wp:attachment":[{"href":"https:\/\/pcb.org.br\/portal2\/wp-json\/wp\/v2\/media?parent=13608"}],"wp:term":[{"taxonomy":"category","embeddable":true,"href":"https:\/\/pcb.org.br\/portal2\/wp-json\/wp\/v2\/categories?post=13608"},{"taxonomy":"post_tag","embeddable":true,"href":"https:\/\/pcb.org.br\/portal2\/wp-json\/wp\/v2\/tags?post=13608"}],"curies":[{"name":"wp","href":"https:\/\/api.w.org\/{rel}","templated":true}]}}