{"id":13630,"date":"2017-02-21T12:43:06","date_gmt":"2017-02-21T15:43:06","guid":{"rendered":"https:\/\/pcb.org.br\/portal2\/?p=13630"},"modified":"2017-03-12T03:11:33","modified_gmt":"2017-03-12T06:11:33","slug":"a-construcao-da-ignorancia-sobre-a-petrobras","status":"publish","type":"post","link":"https:\/\/pcb.org.br\/portal2\/13630","title":{"rendered":"A constru\u00e7\u00e3o da ignor\u00e2ncia sobre a Petrobras"},"content":{"rendered":"<p><img data-recalc-dims=\"1\" decoding=\"async\" class=\"imagem\" title=\"imagem\" src=\"https:\/\/i0.wp.com\/4.bp.blogspot.com\/-Hh9xYH6y6qY\/VTjE8nFTAzI\/AAAAAAAAV0E\/8SCk5XzLKv4\/s1600\/PetrobrasMidia03.jpg?w=747\" alt=\"imagem\" \/>Quem pensa que a Petrobras est\u00e1 quebrada, que a produ\u00e7\u00e3o do pr\u00e9-sal \u00e9 lenta, que o pr\u00e9-sal \u00e9 um mico e n\u00e3o tem valor ou que a exporta\u00e7\u00e3o de petr\u00f3leo por multinacionais pode desenvolver o Brasil, est\u00e1 sendo enganado. \u00c9 v\u00edtima da ignor\u00e2ncia promovida pelos empres\u00e1rios da comunica\u00e7\u00e3o, pol\u00edticos e executivos \u00e0 servi\u00e7o das multinacionais do petr\u00f3leo e dos bancos. <a title=\"a-construcao-da-ignorancia-sobre-a-petrobras_por-felipe-fev17\" href=\"https:\/\/felipecoutinho21.files.wordpress.com\/2017\/02\/a-construcao-da-ignorancia-sobre-a-petrobras_por-felipe-fev17.pdf\" target=\"_blank\">Leia na \u00edntegra&#8230;<\/a><!--more--><\/p>\n<p><a href=\"https:\/\/felipecoutinho21.wordpress.com\/2017\/02\/19\/a-construcao-da-ignorancia-sobre-a-petrobras\/\">A constru\u00e7\u00e3o da ignor\u00e2ncia sobre a&nbsp;Petrobras<\/a><\/p>\n","protected":false},"excerpt":{"rendered":"Quem pensa que a Petrobras est\u00e1 quebrada, que a produ\u00e7\u00e3o do pr\u00e9-sal \u00e9 lenta, que o pr\u00e9-sal \u00e9 um mico e n\u00e3o tem \n<a class=\"moretag\" href=\"https:\/\/pcb.org.br\/portal2\/13630\"> <\/a>","protected":false},"author":1,"featured_media":0,"comment_status":"closed","ping_status":"closed","sticky":false,"template":"","format":"standard","meta":{"jetpack_post_was_ever_published":false,"_jetpack_newsletter_access":"","_jetpack_dont_email_post_to_subs":true,"_jetpack_newsletter_tier_id":0,"_jetpack_memberships_contains_paywalled_content":false,"_jetpack_memberships_contains_paid_content":false,"footnotes":"","jetpack_publicize_message":"","jetpack_publicize_feature_enabled":true,"jetpack_social_post_already_shared":true,"jetpack_social_options":{"image_generator_settings":{"template":"highway","default_image_id":0,"font":"","enabled":false},"version":2}},"categories":[105],"tags":[],"class_list":["post-13630","post","type-post","status-publish","format-standard","hentry","category-c118-privatizacao"],"jetpack_publicize_connections":[],"jetpack_featured_media_url":"","jetpack_shortlink":"https:\/\/wp.me\/p659gw-3xQ","jetpack-related-posts":[],"jetpack_likes_enabled":true,"jetpack_sharing_enabled":true,"_links":{"self":[{"href":"https:\/\/pcb.org.br\/portal2\/wp-json\/wp\/v2\/posts\/13630","targetHints":{"allow":["GET"]}}],"collection":[{"href":"https:\/\/pcb.org.br\/portal2\/wp-json\/wp\/v2\/posts"}],"about":[{"href":"https:\/\/pcb.org.br\/portal2\/wp-json\/wp\/v2\/types\/post"}],"author":[{"embeddable":true,"href":"https:\/\/pcb.org.br\/portal2\/wp-json\/wp\/v2\/users\/1"}],"replies":[{"embeddable":true,"href":"https:\/\/pcb.org.br\/portal2\/wp-json\/wp\/v2\/comments?post=13630"}],"version-history":[{"count":0,"href":"https:\/\/pcb.org.br\/portal2\/wp-json\/wp\/v2\/posts\/13630\/revisions"}],"wp:attachment":[{"href":"https:\/\/pcb.org.br\/portal2\/wp-json\/wp\/v2\/media?parent=13630"}],"wp:term":[{"taxonomy":"category","embeddable":true,"href":"https:\/\/pcb.org.br\/portal2\/wp-json\/wp\/v2\/categories?post=13630"},{"taxonomy":"post_tag","embeddable":true,"href":"https:\/\/pcb.org.br\/portal2\/wp-json\/wp\/v2\/tags?post=13630"}],"curies":[{"name":"wp","href":"https:\/\/api.w.org\/{rel}","templated":true}]}}