{"id":13636,"date":"2017-02-22T15:26:37","date_gmt":"2017-02-22T18:26:37","guid":{"rendered":"https:\/\/pcb.org.br\/portal2\/?p=13636"},"modified":"2017-03-12T03:11:42","modified_gmt":"2017-03-12T06:11:42","slug":"doria-esta-vendendo-sao-paulo","status":"publish","type":"post","link":"https:\/\/pcb.org.br\/portal2\/13636","title":{"rendered":"D\u00f3ria est\u00e1 vendendo S\u00e3o Paulo"},"content":{"rendered":"<p><img decoding=\"async\" class=\"imagem\" title=\"imagem\" src=\"https:\/\/i1.wp.com\/jornalistaslivres.org\/wp-content\/uploads\/2017\/02\/Screen-Shot-2017-02-14-at-14.46.43.png?resize=933%2C445&amp;ssl=1\" alt=\"imagem\" \/>V\u00eddeo em ingl\u00eas no canal oficial da prefeitura coloca bens p\u00fablicos \u00e0 disposi\u00e7\u00e3o do Mercado Internacional<\/p>\n<p>por Henrique Cartaxo<\/p>\n<p>Um v\u00eddeo <a href=\"http:\/\/capital.sp.gov.br\/noticia\/prefeito-vai-a-evento-internacional-para-atrair-investimentos-em-sp\">publicado no site da prefeitura de S\u00e3o Paulo<\/a> anuncia: <!--more-->\u201ccom orgulho, o maior programa de privatiza\u00e7\u00e3o da hist\u00f3ria\u201d da cidade. Criado para atrair investidores estrangeiros e totalmente narrado em ingl\u00eas, o v\u00eddeo pretende mostrar S\u00e3o Paulo como uma cidade moderna \u2013 se servindo de uma imagem da ciclovia da Av. Paulista -, onde est\u00e3o 50% dos bilion\u00e1rios do Brasil, cosmopolita e acolhedora a estrangeiros \u2013 apesar de mostrar nesse trecho apenas uma mulher supostamente libanesa, um homem asi\u00e1tico e um caucasiano, esquecendo-se dos imigrantes e refugiados do Oriente M\u00e9dio, \u00c1frica e Am\u00e9rica Latina e Central \u2013 e oferece de bandeja uma gama de estruturas p\u00fablicas municipais para livre uso da iniciativa privada.<\/p>\n<p>O t\u00edtulo do v\u00eddeo \u00e9 \u201cRoad Show S\u00e3o Paulo\u201d. O termo Road Show \u00e9 comum em v\u00eddeos de empresas que est\u00e3o abrindo suas a\u00e7\u00f5es no mercado, numa manobra conhecida como IPO (Initial Public Offering). Uma busca por \u201cIPO RoadShow\u201d no youtube traz diversos resultados do g\u00eanero.<\/p>\n<p>Por volta do meio dia de hoje (14\/Fev), D\u00f3ria postou na sua p\u00e1gina do Facebook um v\u00eddeo onde ele conta que acabou de sair de uma reuni\u00e3o com dirigentes da Investment Corporation of Dubai e da Dubai Chamber. Segundo ele \u201cos investidores internacionais est\u00e3o muito otimistas\u201d. As postagens da p\u00e1gina nos \u00faltimos dias t\u00eam mostrado o prefeito com investidores em eventos em Abu Dhabi. Segundo consta na reportagem oficial da prefeitura, \u201cO evento marcou o lan\u00e7amento internacional do pacote de desestatiza\u00e7\u00e3o\u201d e nele, D\u00f3ria tamb\u00e9m falou sobre o projeto <a href=\"https:\/\/jornalistaslivres.org\/2017\/01\/imperador-doria-vandaliza-patrimonio-publico\/\">Cidade Linda<\/a>.<\/p>\n<p><b>Eis o que o v\u00eddeo coloca \u00e0 venda:<\/b><br \/>\nA narra\u00e7\u00e3o do v\u00eddeo informa que a cidade est\u00e1 aberta para neg\u00f3cios envolvendo o Aut\u00f3dromo de Interlagos, o Complexo do Anhembi incluindo o samb\u00f3dromo e o Est\u00e1dio do Pacaembu. Disponibiliza para ger\u00eancia, opera\u00e7\u00e3o e uso publicit\u00e1rio o Parque do Ibirapuera, o Mercado Municipal, os terminais de \u00f4nibus e trem da cidade e at\u00e9 os cemit\u00e9rios e cremat\u00f3rios municipais. Tudo com imagens grandiosas e detalhes em rela\u00e7\u00e3o \u00e0 frequ\u00eancia de p\u00fablico nesses espa\u00e7os. S\u00e3o anunciados para venda tamb\u00e9m propriedades da prefeitura em lugares estrat\u00e9gicos, o que \u00e9 ilustrado com imagens a\u00e9reas do centro da cidade.<\/p>\n<p>Um absurdo particular est\u00e1 na oferta de neg\u00f3cios envolvendo o Bilhete \u00danico. O letreiro do v\u00eddeo diz: \u201cData Base and Cross Selling opportunities\u201d, em portugu\u00eas \u201cOportunidades com banco de dados e venda cruzada.\u201d<\/p>\n<p>Em rela\u00e7\u00e3o ao banco de dados, a prefeitura est\u00e1 dizendo abertamente que vai fornecer os dados dos cidad\u00e3os que usam o Bilhete \u00danico para empresas. S\u00e3o dados do uso do transporte p\u00fablico, que informam por onde cada cidad\u00e3o circula e em que hor\u00e1rio, que ser\u00e3o usados para fins de marketing e propaganda.<\/p>\n<p>A oportunidade de venda cruzada, por sua vez, \u00e9 tamb\u00e9m problem\u00e1tica. A estrat\u00e9gia consiste em associar a venda de um produto \u00e0 de outro \u2013 comum em operadoras de internet que tentam a todo custo empurrar ao consumidor os seus \u201ccombos\u201d com TV a cabo e telefone fixo. \u00c9 isto que a prefeitura est\u00e1 tentando fazer com o bilhete \u00fanico: entreg\u00e1-lo \u00e0 iniciativa privada para que se possa condicionar a venda de cr\u00e9ditos ou do bilhete mensal \u00e0 compra de outros produtos. Podemos imaginar, por exemplo, uma promo\u00e7\u00e3o em que se compre de maneira combinada cr\u00e9ditos de telefone celular e do transporte, favorecendo a operadora de celular. Al\u00e9m de tudo, a estrat\u00e9gia \u00e9 proibida pelo C\u00f3digo de Defesa do Consumidor (artigo 39, I).<\/p>\n<p>Um v\u00eddeo <a href=\"http:\/\/capital.sp.gov.br\/noticia\/prefeito-vai-a-evento-internacional-para-atrair-investimentos-em-sp\">publicado no site da prefeitura de S\u00e3o Paulo<\/a> anuncia: \u201ccom orgulho, o maior programa de privatiza\u00e7\u00e3o da hist\u00f3ria\u201d da cidade. Criado para atrair investidores estrangeiros e totalmente narrado em ingl\u00eas, o v\u00eddeo pretende mostrar S\u00e3o Paulo como uma cidade moderna \u2013 se servindo de uma imagem da ciclovia da Av. Paulista -, onde est\u00e3o 50% dos bilion\u00e1rios do Brasil, cosmopolita e acolhedora a estrangeiros \u2013 apesar de mostrar nesse trecho apenas uma mulher supostamente libanesa, um homem asi\u00e1tico e um caucasiano, esquecendo-se dos imigrantes e refugiados do Oriente M\u00e9dio, \u00c1frica e Am\u00e9rica Latina e Central \u2013 e oferece de bandeja uma gama de estruturas p\u00fablicas municipais para livre uso da iniciativa privada.<\/p>\n<p>O t\u00edtulo do v\u00eddeo \u00e9 \u201cRoad Show S\u00e3o Paulo\u201d. O termo Road Show \u00e9 comum em v\u00eddeos de empresas que est\u00e3o abrindo suas a\u00e7\u00f5es no mercado, numa manobra conhecida como IPO (Initial Public Offering). Uma busca por \u201cIPO RoadShow\u201d no youtube traz diversos resultados do g\u00eanero.<\/p>\n<p>Por volta do meio dia de hoje (14\/Fev), D\u00f3ria postou na sua p\u00e1gina do Facebook um v\u00eddeo onde ele conta que acabou de sair de uma reuni\u00e3o com dirigentes da Investment Corporation of Dubai e da Dubai Chamber. Segundo ele \u201cos investidores internacionais est\u00e3o muito otimistas\u201d. As postagens da p\u00e1gina nos \u00faltimos dias t\u00eam mostrado o prefeito com investidores em eventos em Abu Dhabi. Segundo consta na reportagem oficial da prefeitura, \u201cO evento marcou o lan\u00e7amento internacional do pacote de desestatiza\u00e7\u00e3o\u201d e nele, D\u00f3ria tamb\u00e9m falou sobre o projeto <a href=\"https:\/\/jornalistaslivres.org\/2017\/01\/imperador-doria-vandaliza-patrimonio-publico\/\">Cidade Linda<\/a>.<\/p>\n<p><strong>Eis o que o v\u00eddeo coloca \u00e0 venda:<\/strong><\/p>\n<p>A narra\u00e7\u00e3o do v\u00eddeo informa que a cidade est\u00e1 aberta para neg\u00f3cios envolvendo o Aut\u00f3dromo de Interlagos, o Complexo do Anhembi incluindo o samb\u00f3dromo e o Est\u00e1dio do Pacaembu. Disponibiliza para ger\u00eancia, opera\u00e7\u00e3o e uso publicit\u00e1rio o Parque do Ibirapuera, o Mercado Municipal, os terminais de \u00f4nibus e trem da cidade e at\u00e9 os cemit\u00e9rios e cremat\u00f3rios municipais. Tudo com imagens grandiosas e detalhes em rela\u00e7\u00e3o \u00e0 frequ\u00eancia de p\u00fablico nesses espa\u00e7os. S\u00e3o anunciados para venda tamb\u00e9m propriedades da prefeitura em lugares estrat\u00e9gicos, o que \u00e9 ilustrado com imagens a\u00e9reas do centro da cidade.<\/p>\n<p>Um absurdo particular est\u00e1 na oferta de neg\u00f3cios envolvendo o Bilhete \u00danico. O letreiro do v\u00eddeo diz: \u201cData Base and Cross Selling opportunities\u201d, em portugu\u00eas \u201cOportunidades com banco de dados e venda cruzada.\u201d<\/p>\n<p>Em rela\u00e7\u00e3o ao banco de dados, a prefeitura est\u00e1 dizendo abertamente que vai fornecer os dados dos cidad\u00e3os que usam o Bilhete \u00danico para empresas. S\u00e3o dados do uso do transporte p\u00fablico, que informam por onde cada cidad\u00e3o circula e em que hor\u00e1rio, que ser\u00e3o usados para fins de marketing e propaganda.<\/p>\n<p>A oportunidade de venda cruzada, por sua vez, \u00e9 tamb\u00e9m problem\u00e1tica. A estrat\u00e9gia consiste em associar a venda de um produto \u00e0 de outro \u2013 comum em operadoras de internet que tentam a todo custo empurrar ao consumidor os seus \u201ccombos\u201d com TV a cabo e telefone fixo. \u00c9 isto que a prefeitura est\u00e1 tentando fazer com o bilhete \u00fanico: entreg\u00e1-lo \u00e0 iniciativa privada para que se possa condicionar a venda de cr\u00e9ditos ou do bilhete mensal \u00e0 compra de outros produtos. Podemos imaginar, por exemplo, uma promo\u00e7\u00e3o em que se compre de maneira combinada cr\u00e9ditos de telefone celular e do transporte, favorecendo a operadora de celular. Al\u00e9m de tudo, a estrat\u00e9gia \u00e9 proibida pelo C\u00f3digo de Defesa do Consumidor (artigo 39, I).<\/p>\n<p>A invas\u00e3o de privacidade e o uso pelo mercado de um servi\u00e7o p\u00fablico essencial com o transporte s\u00e3o de uma crueldade infelizmente imagin\u00e1vel para um prefeito como D\u00f3ria, que n\u00e3o se diz pol\u00edtico mas gestor. Ele s\u00f3 esqueceu de dizer na campanha que era em favor das empresas que ele faria sua gest\u00e3o, e n\u00e3o da popula\u00e7\u00e3o.<\/p>\n<p>Prova disso \u00e9 que, ao final do v\u00eddeo, o narrador afirma que h\u00e1 \u201clegal certainty\u201d, ou seja, asseguramento jur\u00eddico para os investidores dentro deste programa de privatiza\u00e7\u00e3o. Isso pode significar que se os investimentos que forem feitos n\u00e3o tiverem o lucro projetado, a prefeitura estaria disposta a bancar. com o dinheiro p\u00fablico dos impostos, o retorno, e ainda que as institui\u00e7\u00f5es legais estariam ao lado dos empreendimentos em detrimento das normas que regem a economia brasileira. Esta garantia da prefeitura n\u00e3o est\u00e1 na lei, mas o programa de privatiza\u00e7\u00e3o anuncia pretender inclu\u00ed-lo.<\/p>\n<p>Sem discutir com a popula\u00e7\u00e3o, sem permiss\u00e3o da c\u00e2mara municipal e sem base legal para o seu \u201casseguramento jur\u00eddico\u201d, D\u00f3ria est\u00e1 colocando S\u00e3o Paulo na xepa da feira.<\/p>\n<blockquote data-secret=\"crHxOsJXJU\" class=\"wp-embedded-content\"><p><a href=\"https:\/\/jornalistaslivres.org\/2017\/02\/xepa-da-privatizacao-promovida-por-doria\/\">D\u00f3ria est\u00e1 vendendo S\u00e3o Paulo<\/a><\/p><\/blockquote>\n<p><iframe loading=\"lazy\" class=\"wp-embedded-content\" sandbox=\"allow-scripts\" security=\"restricted\" style=\"position: absolute; clip: rect(1px, 1px, 1px, 1px);\" src=\"https:\/\/jornalistaslivres.org\/2017\/02\/xepa-da-privatizacao-promovida-por-doria\/embed\/#?secret=crHxOsJXJU\" data-secret=\"crHxOsJXJU\" width=\"600\" height=\"338\" title=\"&#8220;D\u00f3ria est\u00e1 vendendo S\u00e3o Paulo&#8221; &#8212; Jornalistas Livres\" frameborder=\"0\" marginwidth=\"0\" marginheight=\"0\" scrolling=\"no\"><\/iframe><\/p>\n<p>Assista ao v\u00eddeo: https:\/\/youtu.be\/<wbr \/>AWaWilujzdU<\/p>\n<p><span class=\"embed-youtube\" style=\"text-align:center; display: block;\"><iframe loading=\"lazy\" class=\"youtube-player\" width=\"747\" height=\"421\" src=\"https:\/\/www.youtube.com\/embed\/AWaWilujzdU?version=3&#038;rel=1&#038;showsearch=0&#038;showinfo=1&#038;iv_load_policy=1&#038;fs=1&#038;hl=pt-BR&#038;autohide=2&#038;wmode=transparent\" allowfullscreen=\"true\" style=\"border:0;\" sandbox=\"allow-scripts allow-same-origin allow-popups allow-presentation allow-popups-to-escape-sandbox\"><\/iframe><\/span><\/p>\n","protected":false},"excerpt":{"rendered":"V\u00eddeo em ingl\u00eas no canal oficial da prefeitura coloca bens p\u00fablicos \u00e0 disposi\u00e7\u00e3o do Mercado Internacional por Henrique Cartaxo Um v\u00eddeo publicado no \n<a class=\"moretag\" href=\"https:\/\/pcb.org.br\/portal2\/13636\"> <\/a>","protected":false},"author":1,"featured_media":0,"comment_status":"closed","ping_status":"closed","sticky":false,"template":"","format":"standard","meta":{"jetpack_post_was_ever_published":false,"_jetpack_newsletter_access":"","_jetpack_dont_email_post_to_subs":true,"_jetpack_newsletter_tier_id":0,"_jetpack_memberships_contains_paywalled_content":false,"_jetpack_memberships_contains_paid_content":false,"footnotes":"","jetpack_publicize_message":"","jetpack_publicize_feature_enabled":true,"jetpack_social_post_already_shared":true,"jetpack_social_options":{"image_generator_settings":{"template":"highway","default_image_id":0,"font":"","enabled":false},"version":2}},"categories":[105],"tags":[],"class_list":["post-13636","post","type-post","status-publish","format-standard","hentry","category-c118-privatizacao"],"jetpack_publicize_connections":[],"jetpack_featured_media_url":"","jetpack_shortlink":"https:\/\/wp.me\/p659gw-3xW","jetpack-related-posts":[],"jetpack_likes_enabled":true,"jetpack_sharing_enabled":true,"_links":{"self":[{"href":"https:\/\/pcb.org.br\/portal2\/wp-json\/wp\/v2\/posts\/13636","targetHints":{"allow":["GET"]}}],"collection":[{"href":"https:\/\/pcb.org.br\/portal2\/wp-json\/wp\/v2\/posts"}],"about":[{"href":"https:\/\/pcb.org.br\/portal2\/wp-json\/wp\/v2\/types\/post"}],"author":[{"embeddable":true,"href":"https:\/\/pcb.org.br\/portal2\/wp-json\/wp\/v2\/users\/1"}],"replies":[{"embeddable":true,"href":"https:\/\/pcb.org.br\/portal2\/wp-json\/wp\/v2\/comments?post=13636"}],"version-history":[{"count":0,"href":"https:\/\/pcb.org.br\/portal2\/wp-json\/wp\/v2\/posts\/13636\/revisions"}],"wp:attachment":[{"href":"https:\/\/pcb.org.br\/portal2\/wp-json\/wp\/v2\/media?parent=13636"}],"wp:term":[{"taxonomy":"category","embeddable":true,"href":"https:\/\/pcb.org.br\/portal2\/wp-json\/wp\/v2\/categories?post=13636"},{"taxonomy":"post_tag","embeddable":true,"href":"https:\/\/pcb.org.br\/portal2\/wp-json\/wp\/v2\/tags?post=13636"}],"curies":[{"name":"wp","href":"https:\/\/api.w.org\/{rel}","templated":true}]}}