{"id":13642,"date":"2017-02-22T15:45:31","date_gmt":"2017-02-22T18:45:31","guid":{"rendered":"https:\/\/pcb.org.br\/portal2\/?p=13642"},"modified":"2017-11-09T13:08:16","modified_gmt":"2017-11-09T16:08:16","slug":"todo-apoio-ao-mtst-pe-lutar-nao-e-crime","status":"publish","type":"post","link":"https:\/\/pcb.org.br\/portal2\/13642","title":{"rendered":"Todo apoio ao MTST-PE! Lutar n\u00e3o \u00e9 crime!"},"content":{"rendered":"<p><img decoding=\"async\" class=\"imagem\" title=\"imagem\" src=\"https:\/\/lh3.googleusercontent.com\/9afnbq2O2R51Rx0MVGPQAKBTQiUWIKhIJ5bmjn4w6dpS_8DENk_HZyOXu4dXApA2Wl0I2DiYxHvSZX-kcNPGcMndRTnue8AML449rngR2A1un6kJCOB1Mnni7ymbi1kUQEoogcXrNjAmEZbA0I2KzJfqYHbh0tX3JHnNzESE530ulsoUVC-CfH-xEgFAjc6YUcE776pj1ZwsUqMXa3eUo-8DUhHLZKyGaRpXR3rzAeKtrH97QIAqhvEIRuti8SKUx5U31hNWkO4G0Zhk__XZt8d2uu4E4RmT51DWz7p_OxrCO0i_AJSZTdwzdgZS3PMwaDlP3orcqY3m5-Uz2bB6ui6ozTA-yTGu3eI-qMzFYt0AEpROpFQt2QXUmQfNcrDSmhs0LOKFXRuIF5eBAExXlVlryCfYyyAH2EPg_nhHau6-Z1DjWy7lasgh1SuWas78oOjNbIxYhQhO84pckz7SwmYNjtyuPcqbf8PbU3M_EwetjoSvQU-b-QMty82sFT2ucsebbf3qKTxvO4SMozQr3waD-bwGxOT8kwfnpG7TmmTJqx_qVriM3XvN2gy6IbI6NQNqB88UrsE_5buk_0pTLyVZT0bb4BO7Lp19Gv7NC_nbYpzez5UnIjiAXn1Iz5xAny4Jz99uihqUES1iZgJGoCVrhzhZn-LG0EA_0lC1aA=w960-h539-no\" alt=\"imagem\" \/>A Unidade Classista se solidariza aos companheiros do Movimento dos Trabalhadores Sem Teto (MTST) de Pernambuco, que foram duramente reprimidos na tarde de ontem, 21 de fevereiro, ap\u00f3s tentativa de ocupa\u00e7\u00e3o da Companhia Estadual de Habita\u00e7\u00e3o (CEHAB), no intuito de dar visibilidade e garantias \u00e0 Ocupa\u00e7\u00e3o Carolina de Jesus no bairro do Barro, em Recife.<!--more--><\/p>\n<p>Repudiamos a a\u00e7\u00e3o truculenta da PM, que utilizou de forte aparato repressivo, ferindo in\u00fameras pessoas, dentre idosos, mulheres e crian\u00e7as, uma pessoa inclusive est\u00e1 internada com hemorragia interna ap\u00f3s ter costela quebrada, al\u00e9m da deten\u00e7\u00e3o de 10 companheiros que usavam do direito de livre manifesta\u00e7\u00e3o, dentre eles um advogado do movimento preso arbitrariamente no exerc\u00edcio da atividade profissional.<\/p>\n<p>Os manifestantes foram detidos e acusados de associa\u00e7\u00e3o criminosa, tentativa de inc\u00eandio, dano ao patrim\u00f4nio qualificado e les\u00e3o corporal, numa clara tentativa de criminaliza\u00e7\u00e3o do movimento. Essa arbitrariedade n\u00e3o ir\u00e1 intimidar a milit\u00e2ncia! Pela liberta\u00e7\u00e3o imediata dos militantes do MTST! Lutar n\u00e3o \u00e9 crime!<\/p>\n<p><strong>Vai ter luta pela moradia!<\/strong><br \/>\n<strong>N\u00e3o \u00e0 criminaliza\u00e7\u00e3o dos movimentos sociais!<\/strong><br \/>\n<strong>Toda solidariedade ao MTST!<\/strong><\/p>\n<p><strong>UNIDADE CLASSISTA \u2013 PERNAMBUCO <\/strong><br \/>\n<strong>Recife, 22 de fevereiro de 2017<\/strong><\/p>\n<blockquote data-secret=\"HAXMPN5vI3\" class=\"wp-embedded-content\"><p><a href=\"http:\/\/unidadeclassista.org.br\/uc1\/2741\">Todo apoio ao MTST-PE! Lutar n\u00e3o \u00e9 crime!<\/a><\/p><\/blockquote>\n<p><iframe loading=\"lazy\" class=\"wp-embedded-content\" sandbox=\"allow-scripts\" security=\"restricted\" style=\"position: absolute; clip: rect(1px, 1px, 1px, 1px);\" src=\"http:\/\/unidadeclassista.org.br\/uc1\/2741\/embed#?secret=HAXMPN5vI3\" data-secret=\"HAXMPN5vI3\" width=\"600\" height=\"338\" title=\"&#8220;Todo apoio ao MTST-PE! Lutar n\u00e3o \u00e9 crime!&#8221; &#8212; Unidade Classista\" frameborder=\"0\" marginwidth=\"0\" marginheight=\"0\" scrolling=\"no\"><\/iframe><\/p>\n","protected":false},"excerpt":{"rendered":"A Unidade Classista se solidariza aos companheiros do Movimento dos Trabalhadores Sem Teto (MTST) de Pernambuco, que foram duramente reprimidos na tarde de \n<a class=\"moretag\" href=\"https:\/\/pcb.org.br\/portal2\/13642\"> <\/a>","protected":false},"author":1,"featured_media":0,"comment_status":"closed","ping_status":"closed","sticky":false,"template":"","format":"standard","meta":{"jetpack_post_was_ever_published":false,"_jetpack_newsletter_access":"","_jetpack_dont_email_post_to_subs":true,"_jetpack_newsletter_tier_id":0,"_jetpack_memberships_contains_paywalled_content":false,"_jetpack_memberships_contains_paid_content":false,"footnotes":"","jetpack_publicize_message":"","jetpack_publicize_feature_enabled":true,"jetpack_social_post_already_shared":true,"jetpack_social_options":{"image_generator_settings":{"template":"highway","default_image_id":0,"font":"","enabled":false},"version":2}},"categories":[200],"tags":[],"class_list":["post-13642","post","type-post","status-publish","format-standard","hentry","category-moradia"],"jetpack_publicize_connections":[],"jetpack_featured_media_url":"","jetpack_shortlink":"https:\/\/wp.me\/p659gw-3y2","jetpack-related-posts":[],"jetpack_likes_enabled":true,"jetpack_sharing_enabled":true,"_links":{"self":[{"href":"https:\/\/pcb.org.br\/portal2\/wp-json\/wp\/v2\/posts\/13642","targetHints":{"allow":["GET"]}}],"collection":[{"href":"https:\/\/pcb.org.br\/portal2\/wp-json\/wp\/v2\/posts"}],"about":[{"href":"https:\/\/pcb.org.br\/portal2\/wp-json\/wp\/v2\/types\/post"}],"author":[{"embeddable":true,"href":"https:\/\/pcb.org.br\/portal2\/wp-json\/wp\/v2\/users\/1"}],"replies":[{"embeddable":true,"href":"https:\/\/pcb.org.br\/portal2\/wp-json\/wp\/v2\/comments?post=13642"}],"version-history":[{"count":0,"href":"https:\/\/pcb.org.br\/portal2\/wp-json\/wp\/v2\/posts\/13642\/revisions"}],"wp:attachment":[{"href":"https:\/\/pcb.org.br\/portal2\/wp-json\/wp\/v2\/media?parent=13642"}],"wp:term":[{"taxonomy":"category","embeddable":true,"href":"https:\/\/pcb.org.br\/portal2\/wp-json\/wp\/v2\/categories?post=13642"},{"taxonomy":"post_tag","embeddable":true,"href":"https:\/\/pcb.org.br\/portal2\/wp-json\/wp\/v2\/tags?post=13642"}],"curies":[{"name":"wp","href":"https:\/\/api.w.org\/{rel}","templated":true}]}}