{"id":13660,"date":"2017-02-24T13:30:58","date_gmt":"2017-02-24T16:30:58","guid":{"rendered":"https:\/\/pcb.org.br\/portal2\/?p=13660"},"modified":"2017-03-12T03:12:13","modified_gmt":"2017-03-12T06:12:13","slug":"vitoria-dos-servidores-municipais-de-florianopolis-deixa-um-recado-para-a-burguesia-do-pais","status":"publish","type":"post","link":"https:\/\/pcb.org.br\/portal2\/13660","title":{"rendered":"Vit\u00f3ria dos servidores Municipais de Florian\u00f3polis deixa um recado para a burguesia do pa\u00eds!"},"content":{"rendered":"<p><img decoding=\"async\" class=\"imagem\" title=\"imagem\" src=\"https:\/\/lh3.googleusercontent.com\/a6zwYtfKZxB3oI3q6hgESS27Fgnm50CPel_C4HV7fnuzIp_5kuFjPCbD3jiKpCPgHdB4VgK-8gry6N0yM2CeYDqxCc3LfgZw1ukScnJu1wZTRbguTvCMUjzw9E-Ys6sGNZHeh6PXWOJEW8Ar45ZT5B0gN8HE-6uIP0auzUStT9Sogy1UnybilCBnXy7siSk93OaPym-aJV_oP9dewZsSWMiJkhqPMQ_OYvovrjkYMZn2MEqSCKI3g2do4i3Hp_zyY7GtZPLGfs5DIARgw_kuLNzeZR21VZ96kR4oblkOKc2mC4hBtilXa-E3aN8SE-RvZJMrh-4YrnRtZ4a-O6urKagj9KnEpBhZu68Vp1b9L7itCPkPQ-_5_-pz5YQ0W1jV1D45fVPCEejyuORoHWtSBBsDEObeAt9SgAx6XniZvaE3kduTxKLpFPSGQ5zWkP8n7IvLAk3EIZ5O-7cpl0fj_3MrE6UpCvdYjsn6awu2nPG8H00LqXvpTgZ22dML31xSE3nDBdpL2DUjogI8tTPAsotgxt6V9Xe9JZ-Tr5V7VAVgGxgr0fVpLtDp5DHzidxWAg89FROp6QQQ4Frt6uPlYH6DqHZhJeW5-qO_cn1iD-xx2BPCZ5HhY9wEDOUevfyx6xgho6pejY84s73RzFjLl7NOA7ElIjiTkKvX1gRd2g=w1314-h646-no\" alt=\"imagem\" \/><strong>Partido\u00a0Comunista\u00a0Brasileiro &#8211; PCB Florian\u00f3polis<\/strong><br \/>\n<strong> Unidade\u00a0Classista &#8211; Base SINTRASEM<\/strong><\/p>\n<p>Quando n\u00e3o se concilia, os trabalhadores conseguem vencer. Essa \u00e9 a li\u00e7\u00e3o que os servidores municipais de Florian\u00f3polis deixaram aos trabalhadores de todo o Brasil. Esse \u00e9 o recado que os trabalhadores deram \u00e0 burguesia, n\u00e3o s\u00f3 da cidade, como de todo o pa\u00eds. N\u00e3o aceitaremos que ataquem nossos direitos.<!--more--><\/p>\n<p>O prefeito Gean Loureiro do PMDB tentou aplicar na capital catarinense exatamente o mesmo modelo de ajuste fiscal com a retirada de direitos dos trabalhadores que o ileg\u00edtimo governo Temer tem feito em \u00e2mbito nacional.\u00a0 Da forma mais autorit\u00e1ria poss\u00edvel ele enviou os projetos que desmontavam os servi\u00e7os p\u00fablicos e retiravam direitos durante as f\u00e9rias de janeiro, convocando extraordinariamente os vereadores a votarem, sem nenhum di\u00e1logo com a sociedade. Os projetos foram aprovados, quando os servidores j\u00e1 estavam em greve, com a corajosa decis\u00e3o de que s\u00f3 voltariam a trabalhar quando o pacote de medidas fosse revogado.<\/p>\n<p>Desde o dia 17 de janeiro estavam em greve, e mesmo com as tentativas da dire\u00e7\u00e3o sindical e de todos os setores ligados \u00e0 CUT\u00a0de acabar com a greve ainda em janeiro, venceu a posi\u00e7\u00e3o de que a base n\u00e3o iria dar sossego ao prefeito, que n\u00e3o iria\u00a0conciliar quando se trata da retirada de direitos conquistados com muita luta.<\/p>\n<p><img decoding=\"async\" class=\"imagem\" title=\"imagem\" src=\"https:\/\/lh3.googleusercontent.com\/AcoslVg00ycf0xMjTUYqySwEwEweYuw5sTgal-9JJVT6FX5SDTyPmY0uV55haggzle4jduqr1mmoE-dgvumJZTkSn9PmVRVYgVf91sOFiD8ppwa9Lhzj3cJDipF_E3YiPIo50abxGnbVvJvuOmD8whF7nwz5ANGGPFEw2S1L6CRgSo6ZOpnsOETCku6Kk--QTAjZuvggS98sNwo5g2CK_48ND8nUFZk4w0U5oWDzkFQ12hC-p2Bik5OX0mnED7SOOZzzxCK2pfpYogurj--IjTqM6oKxckKKGZekQGcoyCBj6BmBv45_PRzZA4sisa_SGbkGJ737349BFme7sDn_87GVFD5za6_wZ-BBNJCamfwDw8l-G41RJHSr1Vf9V7lKwgpa5vMa5RsUTCFMxOc49xPWN3l-u00nQw05qXaSMzGOaO8vnE8l14POQ_1W71wklz9kggHB2Gao718_KlaZxs3g3H2spjhvWCJdSVxTU2iiBxYbmcHWFqv5Q9OUBjySWhUNYLMcjw6460R1r7zzYOQ55-rXoe5JLDUeSQ17yddHt5BwOqbBI0qu8pwcXSHZjQgbNuF9pDvTCZF4r6lYAPQe5lDogCIOd6WOPCfH6HcC12zHIf5bjMZBsudiwmET9l6pTIGWS95hqtOo7YTo7CdpjnOE8oX5YSwfS0iUOQ=w1032-h581-no\" alt=\"imagem\" \/>Os servidores de Florian\u00f3polis derrotaram o projeto de ajuste, mas tamb\u00e9m a m\u00eddia local, que fez campanha massiva contra a greve, venceu o Judici\u00e1rio, que decretou a greve como ilegal e foi aplicando multas que atingiram a marca de 100 mil reais por dia, venceu a amea\u00e7a de pris\u00e3o dos dirigentes sindicais e venceu at\u00e9 o manifesto das entidades empresariais que exigiam que o prefeito n\u00e3o arredasse da posi\u00e7\u00e3o tomada.<\/p>\n<p>Parab\u00e9ns aos servidores municipais de Florian\u00f3polis que conquistaram uma grande vit\u00f3ria em defesa dos seus direitos e dos servi\u00e7os p\u00fablicos t\u00e3o necess\u00e1rios ao nosso povo e a nossa classe.<\/p>\n<p>Esse \u00e9 o caminho da luta. A \u00fanica forma de derrotar o projeto de retirada de direitos e do desmonte do servi\u00e7o p\u00fablico \u00e9 a unidade dos trabalhadores, sem recuar, sem conciliar!<\/p>\n<p>Nenhum direito a menos!<br \/>\nFora Gean! Fora Temer!<br \/>\nUnidade Classista, Futuro Socialista!<\/p>\n","protected":false},"excerpt":{"rendered":"Partido\u00a0Comunista\u00a0Brasileiro &#8211; PCB Florian\u00f3polis Unidade\u00a0Classista &#8211; Base SINTRASEM Quando n\u00e3o se concilia, os trabalhadores conseguem vencer. Essa \u00e9 a li\u00e7\u00e3o que os servidores \n<a class=\"moretag\" href=\"https:\/\/pcb.org.br\/portal2\/13660\"> <\/a>","protected":false},"author":1,"featured_media":0,"comment_status":"closed","ping_status":"closed","sticky":false,"template":"","format":"standard","meta":{"jetpack_post_was_ever_published":false,"_jetpack_newsletter_access":"","_jetpack_dont_email_post_to_subs":true,"_jetpack_newsletter_tier_id":0,"_jetpack_memberships_contains_paywalled_content":false,"_jetpack_memberships_contains_paid_content":false,"footnotes":"","jetpack_publicize_message":"","jetpack_publicize_feature_enabled":true,"jetpack_social_post_already_shared":true,"jetpack_social_options":{"image_generator_settings":{"template":"highway","default_image_id":0,"font":"","enabled":false},"version":2}},"categories":[23,31],"tags":[],"class_list":["post-13660","post","type-post","status-publish","format-standard","hentry","category-c29-organizacao","category-c31-unidade-classista"],"jetpack_publicize_connections":[],"jetpack_featured_media_url":"","jetpack_shortlink":"https:\/\/wp.me\/p659gw-3yk","jetpack-related-posts":[],"jetpack_likes_enabled":true,"jetpack_sharing_enabled":true,"_links":{"self":[{"href":"https:\/\/pcb.org.br\/portal2\/wp-json\/wp\/v2\/posts\/13660","targetHints":{"allow":["GET"]}}],"collection":[{"href":"https:\/\/pcb.org.br\/portal2\/wp-json\/wp\/v2\/posts"}],"about":[{"href":"https:\/\/pcb.org.br\/portal2\/wp-json\/wp\/v2\/types\/post"}],"author":[{"embeddable":true,"href":"https:\/\/pcb.org.br\/portal2\/wp-json\/wp\/v2\/users\/1"}],"replies":[{"embeddable":true,"href":"https:\/\/pcb.org.br\/portal2\/wp-json\/wp\/v2\/comments?post=13660"}],"version-history":[{"count":0,"href":"https:\/\/pcb.org.br\/portal2\/wp-json\/wp\/v2\/posts\/13660\/revisions"}],"wp:attachment":[{"href":"https:\/\/pcb.org.br\/portal2\/wp-json\/wp\/v2\/media?parent=13660"}],"wp:term":[{"taxonomy":"category","embeddable":true,"href":"https:\/\/pcb.org.br\/portal2\/wp-json\/wp\/v2\/categories?post=13660"},{"taxonomy":"post_tag","embeddable":true,"href":"https:\/\/pcb.org.br\/portal2\/wp-json\/wp\/v2\/tags?post=13660"}],"curies":[{"name":"wp","href":"https:\/\/api.w.org\/{rel}","templated":true}]}}