{"id":13681,"date":"2017-03-01T13:52:47","date_gmt":"2017-03-01T16:52:47","guid":{"rendered":"https:\/\/pcb.org.br\/portal2\/?p=13681"},"modified":"2017-03-12T03:12:34","modified_gmt":"2017-03-12T06:12:34","slug":"eua-querem-incluir-caracas-em-sua-agenda-de-guerra-diz-vice-presidente-venezuelano","status":"publish","type":"post","link":"https:\/\/pcb.org.br\/portal2\/13681","title":{"rendered":"EUA querem incluir Caracas em sua &#8216;agenda de guerra&#8217;, diz vice-presidente venezuelano"},"content":{"rendered":"<p><img decoding=\"async\" class=\"imagem\" title=\"imagem\" src=\"https:\/\/ci6.googleusercontent.com\/proxy\/gr16Yap9ppLZLR9LnPOo24L_czX82BgfKbjpwfEdgOWcVi5C5gRpZ0ulBQYnvIwkE30FdJbGBW4jSh-2N8vyGJUQQQCkMRxCnvooxg=s0-d-e1-ft#http:\/\/www.operamundi.com.br\/media\/images\/tareck14.jpg\" alt=\"imagem\" \/>Opera Mundi &#8211; Reda\u00e7\u00e3o*<\/p>\n<p>Vice de Maduro, Tareck El Aissami \u00e9 alvo de san\u00e7\u00f5es impostas pelo Departamento de Tesouro dos EUA, que o acusa de liga\u00e7\u00e3o com narcotr\u00e1fico; &#8216;n\u00e3o h\u00e1 uma s\u00f3 prova&#8217; de tais alega\u00e7\u00f5es, diz Aissami<\/p>\n<p><!--more--><\/p>\n<p>O vice-presidente da Venezuela, Tareck El Aissami, afirmou neste domingo (26\/02) que o governo dos Estados Unidos, liderado por Donald Trump, pretende colocar seu pa\u00eds em sua \u201cagenda de guerra\u201d, em refer\u00eancia \u00e0s recentes declara\u00e7\u00f5es do presidente norte-americano e de sua administra\u00e7\u00e3o contra o governo de Nicol\u00e1s Maduro e \u00e0s san\u00e7\u00f5es impostas a Aissami pelo Departamento de Tesouro dos EUA.<\/p>\n<p>Em entrevista a um programa de TV na emissora <em>Televen<\/em>, o vice-presidente venezuelano disse que as acusa\u00e7\u00f5es dos EUA de que ele estaria vinculado ao narcotr\u00e1fico s\u00e3o um novo ataque contra o governo e o povo venezuelano, e classificou as acusa\u00e7\u00f5es como \u201ccal\u00fania e inf\u00e2mia\u201d.<\/p>\n<p>\u201cN\u00e3o h\u00e1 uma s\u00f3 prova\u201d das alega\u00e7\u00f5es norte-americanas, disse Aissami. \u201c\u00c9 uma medida arbitr\u00e1ria, ilegal, extraterritorial, que viola todo tipo de direito (&#8230;) O OFAC (Escrit\u00f3rio de Controle de Ativos Estrangeiros dos EUA) n\u00e3o emitiu uma s\u00f3 prova e n\u00e3o vai emitir porque n\u00e3o existe prova alguma&#8221;, afirmou.<\/p>\n<p>Segundo o vice-presidente venezuelano, as autoridades norte-americanas recolheram os depoimentos de quatro narcotraficantes detidos na Venezuela sob sua gest\u00e3o quando foi ministro de Interior do pa\u00eds e est\u00e3o utilizando-os em &#8220;uma farsa&#8221; para acusar o Estado venezuelano de narcotr\u00e1fico.<\/p>\n<p>O vice-presidente da Venezuela, Tareck El Aissami, durante entrevista neste domingo (26\/02); acusa\u00e7\u00f5es contra ele s\u00e3o ataques a governo e povo venezuelanos, afirmou<\/p>\n<p>No \u00faltimo dia 13 de fevereiro, o governo dos EUA imp\u00f4s san\u00e7\u00f5es econ\u00f4micas a El Aissami por supostamente &#8220;desempenhar um papel significativo no tr\u00e1fico internacional de narc\u00f3ticos&#8221;.<\/p>\n<p>As autoridades norte-americanas explicaram que estas a\u00e7\u00f5es s\u00e3o o resultado de &#8220;anos de investiga\u00e7\u00e3o&#8221; e afirmaram que n\u00e3o significam uma repres\u00e1lia diplom\u00e1tica contra o governo da Venezuela, mas se dirigem a dois indiv\u00edduos &#8220;exclusivamente&#8221;.<\/p>\n<p>Estas san\u00e7\u00f5es congelaram &#8220;dezenas de milh\u00f5es de d\u00f3lares&#8221; nos ativos do vice-presidente venezuelano \u2013 e de um empres\u00e1rio acusado de ser seu testa-de-ferro, Samark L\u00f3pez \u2013 sob jurisdi\u00e7\u00e3o norte-americana. O Departamento do Tesouro dos EUA, por\u00e9m, n\u00e3o apresentou provas das acusa\u00e7\u00f5es contra Aissami.<\/p>\n<p>O vice-presidente venezuelano afirmou que trata-se de &#8220;cal\u00fanias que se caem por si s\u00f3&#8221;, j\u00e1 que, segundo ele, n\u00e3o possui contas nos EUA nem visto norte-americano. &#8220;Nunca tive visto e tamb\u00e9m nunca o solicitei. Eu n\u00e3o tenho conta nem nos Estados Unidos, nem em nenhum lugar do mundo. Nada&#8221;, afirmou.<\/p>\n<div>O vice-presidente considerou que, por um ser alto funcion\u00e1rio do Estado venezuelano, tem o &#8220;leg\u00edtimo direito&#8221; de responder aos &#8220;ataques&#8221; por qualquer via, e por isso publicou uma carta no jornal <em>The New York Times <\/em>no \u00faltimo dia 22 de fevereiro, na qual rejeitou ter ativos nos EUA.<\/div>\n<p><strong>Trump pediu liberta\u00e7\u00e3o de Leopoldo L\u00f3pez e \u201cpresos pol\u00edticos\u201d na Venezuela<\/strong><\/p>\n<p>Dias ap\u00f3s o governo dos EUA impor as san\u00e7\u00f5es contra Aissami, o presidente norte-americano, Donald Trump, se reuniu com Lilian Tintori, esposa de <a href=\"http:\/\/operamundi.uol.com.br\/conteudo\/geral\/46395\/tribunal+supremo+de+justica+da+venezuela+rejeita+recurso+e+confirma+condenacao+de+opositor+leopoldo+lopez.shtml\" target=\"_blank\">Leopoldo L\u00f3pez<\/a>, opositor venezuelano condenado a 14 anos de pris\u00e3o pelos atos violentos durante protestos contra o governo Maduro convocados por ele que acabaram com a morte de 43 pessoas no in\u00edcio de 2014. Na ocasi\u00e3o, Trump pediu a liberta\u00e7\u00e3o de L\u00f3pez, o que foi rejeitado pelo governo Maduro como \u201cintromiss\u00e3o\u201d e \u201cagress\u00e3o\u201d norte-americana contra a Venezuela.<\/p>\n<p>Na mesma semana, os EUA divulgaram um comunicado pedindo \u201ca imediata liberta\u00e7\u00e3o\u201d de \u201cpresos pol\u00edticos\u201d na Venezuela, assim como o &#8220;respeito do Estado de direito&#8221;, &#8220;da liberdade de imprensa&#8221;, &#8220;da separa\u00e7\u00e3o dos poderes constitucionais&#8221; e &#8220;da restaura\u00e7\u00e3o de um processo democr\u00e1tico que reflita a vontade do povo da Venezuela&#8221;.<\/p>\n<p>Ilustra\u00e7\u00e3o: Reprodu\u00e7\u00e3o Twitter @TareckPSUV<\/p>\n<p><em>*Com Ag\u00eancia Efe<\/em><\/p>\n<p>http:\/\/operamundi.uol.com.br\/conteudo\/geral\/46484\/eua+querem+incluir+caracas+em+sua+agenda+de+guerra+diz+vice-presidente+venezuelano.shtml<\/p>\n","protected":false},"excerpt":{"rendered":"Opera Mundi &#8211; Reda\u00e7\u00e3o* Vice de Maduro, Tareck El Aissami \u00e9 alvo de san\u00e7\u00f5es impostas pelo Departamento de Tesouro dos EUA, que o \n<a class=\"moretag\" href=\"https:\/\/pcb.org.br\/portal2\/13681\"> <\/a>","protected":false},"author":1,"featured_media":0,"comment_status":"closed","ping_status":"closed","sticky":false,"template":"","format":"standard","meta":{"jetpack_post_was_ever_published":false,"_jetpack_newsletter_access":"","_jetpack_dont_email_post_to_subs":true,"_jetpack_newsletter_tier_id":0,"_jetpack_memberships_contains_paywalled_content":false,"_jetpack_memberships_contains_paid_content":false,"footnotes":"","jetpack_publicize_message":"","jetpack_publicize_feature_enabled":true,"jetpack_social_post_already_shared":true,"jetpack_social_options":{"image_generator_settings":{"template":"highway","default_image_id":0,"font":"","enabled":false},"version":2}},"categories":[38,45],"tags":[],"class_list":["post-13681","post","type-post","status-publish","format-standard","hentry","category-c43-imperialismo","category-c54-venezuela"],"jetpack_publicize_connections":[],"jetpack_featured_media_url":"","jetpack_shortlink":"https:\/\/wp.me\/p659gw-3yF","jetpack-related-posts":[],"jetpack_likes_enabled":true,"jetpack_sharing_enabled":true,"_links":{"self":[{"href":"https:\/\/pcb.org.br\/portal2\/wp-json\/wp\/v2\/posts\/13681","targetHints":{"allow":["GET"]}}],"collection":[{"href":"https:\/\/pcb.org.br\/portal2\/wp-json\/wp\/v2\/posts"}],"about":[{"href":"https:\/\/pcb.org.br\/portal2\/wp-json\/wp\/v2\/types\/post"}],"author":[{"embeddable":true,"href":"https:\/\/pcb.org.br\/portal2\/wp-json\/wp\/v2\/users\/1"}],"replies":[{"embeddable":true,"href":"https:\/\/pcb.org.br\/portal2\/wp-json\/wp\/v2\/comments?post=13681"}],"version-history":[{"count":0,"href":"https:\/\/pcb.org.br\/portal2\/wp-json\/wp\/v2\/posts\/13681\/revisions"}],"wp:attachment":[{"href":"https:\/\/pcb.org.br\/portal2\/wp-json\/wp\/v2\/media?parent=13681"}],"wp:term":[{"taxonomy":"category","embeddable":true,"href":"https:\/\/pcb.org.br\/portal2\/wp-json\/wp\/v2\/categories?post=13681"},{"taxonomy":"post_tag","embeddable":true,"href":"https:\/\/pcb.org.br\/portal2\/wp-json\/wp\/v2\/tags?post=13681"}],"curies":[{"name":"wp","href":"https:\/\/api.w.org\/{rel}","templated":true}]}}