{"id":13692,"date":"2017-03-01T20:26:29","date_gmt":"2017-03-01T23:26:29","guid":{"rendered":"https:\/\/pcb.org.br\/portal2\/?p=13692"},"modified":"2017-03-12T03:12:52","modified_gmt":"2017-03-12T06:12:52","slug":"militante-do-pcb-do-amazonas-denuncia-a-agressao-sofrida-por-policiais","status":"publish","type":"post","link":"https:\/\/pcb.org.br\/portal2\/13692","title":{"rendered":"Militante do PCB do Amazonas denuncia agress\u00e3o que sofreu de policiais"},"content":{"rendered":"<p><img data-recalc-dims=\"1\" decoding=\"async\" class=\"imagem\" title=\"imagem\" src=\"https:\/\/i0.wp.com\/amazonas.bncamazonia.com.br\/wp-content\/uploads\/2017\/03\/Captura-de-Tela-2017-03-01-a%CC%80s-16.01.27.png?w=747\" alt=\"imagem\" \/>Militante do PCB do Amazonas denuncia a agress\u00e3o sofrida por policiais no s\u00e1bado de carnaval. A camarada Taly Nayandra foi presa sem ter sido acusada de nada e sofreu espancamentos e torturas no c\u00e1rcere, tendo sido ainda claramente amea\u00e7ada de morte. H\u00e1 ind\u00edcios de persegui\u00e7\u00e3o pol\u00edtica \u00e0 milit\u00e2ncia comunista por parte da pol\u00edcia militar naquele estado.<!--more--><\/p>\n<p>A Comiss\u00e3o Pol\u00edtica Nacional do PCB exige rigorosa apura\u00e7\u00e3o do caso e condena\u00e7\u00e3o \u00e0s pr\u00e1ticas criminosas de tortura que continuam existindo no aparato repressivo estatal brasileiro.<\/p>\n<p>Puni\u00e7\u00e3o aos policiais torturadores!<\/p>\n<p>Abaixo a repress\u00e3o!<\/p>\n<p>Pelo fim da Pol\u00edcia Militar!<\/p>\n<p>(Ilustra\u00e7\u00e3o: BNC)<\/p>\n<hr \/>\n<p><strong>Assista os v\u00eddeos:<\/strong><\/p>\n<div class=\"fb-video\" data-allowfullscreen=\"true\" data-href=\"https:\/\/www.facebook.com\/1868592570024757\/videos\/1885888198295194\/\" style=\"background-color: #fff; display: inline-block;\"><\/div>\n<hr \/>\n<div class=\"fb-video\" data-allowfullscreen=\"true\" data-href=\"https:\/\/www.facebook.com\/bncamazonas\/videos\/533371143499982\/\" style=\"background-color: #fff; display: inline-block;\"><\/div>\n","protected":false},"excerpt":{"rendered":"Militante do PCB do Amazonas denuncia a agress\u00e3o sofrida por policiais no s\u00e1bado de carnaval. A camarada Taly Nayandra foi presa sem ter \n<a class=\"moretag\" href=\"https:\/\/pcb.org.br\/portal2\/13692\"> <\/a>","protected":false},"author":1,"featured_media":0,"comment_status":"closed","ping_status":"closed","sticky":false,"template":"","format":"standard","meta":{"jetpack_post_was_ever_published":false,"_jetpack_newsletter_access":"","_jetpack_dont_email_post_to_subs":true,"_jetpack_newsletter_tier_id":0,"_jetpack_memberships_contains_paywalled_content":false,"_jetpack_memberships_contains_paid_content":false,"footnotes":"","jetpack_publicize_message":"","jetpack_publicize_feature_enabled":true,"jetpack_social_post_already_shared":true,"jetpack_social_options":{"image_generator_settings":{"template":"highway","default_image_id":0,"font":"","enabled":false},"version":2}},"categories":[5],"tags":[],"class_list":["post-13692","post","type-post","status-publish","format-standard","hentry","category-s4-pcb"],"jetpack_publicize_connections":[],"jetpack_featured_media_url":"","jetpack_shortlink":"https:\/\/wp.me\/p659gw-3yQ","jetpack-related-posts":[],"jetpack_likes_enabled":true,"jetpack_sharing_enabled":true,"_links":{"self":[{"href":"https:\/\/pcb.org.br\/portal2\/wp-json\/wp\/v2\/posts\/13692","targetHints":{"allow":["GET"]}}],"collection":[{"href":"https:\/\/pcb.org.br\/portal2\/wp-json\/wp\/v2\/posts"}],"about":[{"href":"https:\/\/pcb.org.br\/portal2\/wp-json\/wp\/v2\/types\/post"}],"author":[{"embeddable":true,"href":"https:\/\/pcb.org.br\/portal2\/wp-json\/wp\/v2\/users\/1"}],"replies":[{"embeddable":true,"href":"https:\/\/pcb.org.br\/portal2\/wp-json\/wp\/v2\/comments?post=13692"}],"version-history":[{"count":0,"href":"https:\/\/pcb.org.br\/portal2\/wp-json\/wp\/v2\/posts\/13692\/revisions"}],"wp:attachment":[{"href":"https:\/\/pcb.org.br\/portal2\/wp-json\/wp\/v2\/media?parent=13692"}],"wp:term":[{"taxonomy":"category","embeddable":true,"href":"https:\/\/pcb.org.br\/portal2\/wp-json\/wp\/v2\/categories?post=13692"},{"taxonomy":"post_tag","embeddable":true,"href":"https:\/\/pcb.org.br\/portal2\/wp-json\/wp\/v2\/tags?post=13692"}],"curies":[{"name":"wp","href":"https:\/\/api.w.org\/{rel}","templated":true}]}}