{"id":13732,"date":"2017-03-06T11:14:49","date_gmt":"2017-03-06T14:14:49","guid":{"rendered":"https:\/\/pcb.org.br\/portal2\/?p=13732"},"modified":"2017-03-16T12:30:04","modified_gmt":"2017-03-16T15:30:04","slug":"transformar-o-grito-rebelde-do-carnaval-em-luta-organizada-contra-o-governo-corrupto","status":"publish","type":"post","link":"https:\/\/pcb.org.br\/portal2\/13732","title":{"rendered":"Transformar O Grito Rebelde Do Carnaval Em Luta Organizada Contra O Governo Golpista"},"content":{"rendered":"<p><img data-recalc-dims=\"1\" decoding=\"async\" class=\"imagem\" title=\"imagem\" src=\"https:\/\/i0.wp.com\/farm4.staticflickr.com\/3939\/32950908061_e8c88ea692_z.jpg?w=747&#038;ssl=1\" alt=\"imagem\" \/><\/p>\n<p><strong>Edmilson Costa*<\/strong><\/p>\n<p>O carnaval \u00e9 a festa mais popular do Brasil. Desde as pequenas cidades do interior \u00e0s maiores aglomera\u00e7\u00f5es metropolitanas, as pessoas saem \u00e0s ruas aos milh\u00f5es para festejar os quatro dias de folia, com muita criatividade e alegria. Como disse certa vez um ensa\u00edsta, o carnaval brasileiro \u00e9, na forma, uma revolu\u00e7\u00e3o pelo avesso, uma irrever\u00eancia <!--more-->ambulante:\u00a0os pobres se fantasiam de reis, princesas, piratas; os homens se vestem de mulher, as mulheres de homens. Todos exercem a criatividade para se afastar da dureza do cotidiano Os costumes s\u00e3o revirados pelo avesso e a liberdade sexual aflora com mais evid\u00eancia, cada um se fantasia como quer, tudo isso embalados por marchinhas rom\u00e2nticas, ir\u00f4nicas, com cr\u00edticas aos governantes, aos poderosos de plant\u00e3o, os costumes e \u00e0 ordem estabelecida.<\/p>\n<p>Esse carnaval popular difere muito do carnaval oficial, cujos governantes tentam sequestrar a festa para seus objetivos mercantilistas, praticamente privatizando o evento, com empresas patrocinando escolas de samba, camarotes vendidos a pre\u00e7os de ouro para socialites nos samb\u00f3dromos, samba-enredo sem muita criatividade, grande parte encomendados por patrocinadores. Esse tipo de carnaval, divulgado maci\u00e7amente pelas emissoras de r\u00e1dio e televis\u00e3o, se afasta cada vez mais da ess\u00eancia irreverente da folia popular e se transforma numa festa apenas para turistas. Nos \u00faltimos anos, por\u00e9m, um grande movimento espont\u00e2neo da popula\u00e7\u00e3o recuperou o carnaval de rua, com milhares e milhares de blocos carnavalescos envolvendo milh\u00f5es de foli\u00f5es, o que praticamente tornou secund\u00e1rio o carnaval oficial.<\/p>\n<p>Foi nesse carnaval popular do Brasil de 2017 que as ruas de todo o Pa\u00eds ecoaram o grito rebelde do Fora Temer, tornando-o a marca principal dos quatro dias de festa. Mais de cinco milh\u00f5es de pessoas (talvez muito mais) resolveram transformar o carnaval numa festa pol\u00edtica contra o governo usurpador. Tudo ocorreu de maneira espont\u00e2nea: N\u00e3o teve organiza\u00e7\u00e3o, nem dire\u00e7\u00e3o, apenas veio a tona o sentimento que estava engasgado na garganta, numa apropria\u00e7\u00e3o coletiva, demonstrando a indigna\u00e7\u00e3o e o descontentamento da popula\u00e7\u00e3o contra o governo ileg\u00edtimo e inimigo dos trabalhadores e da juventude. N\u00e3o \u00e9 a primeira vez que isso acontece com esse governo: nas Olimp\u00edadas, mesmo sem o locutor anunciar seu nome (para evitar vaias), quando o presidente golpista come\u00e7ou a declarar formalmente aberto os jogos ol\u00edmpicos, a massa identificou sua voz e o vaiou rotundamente por v\u00e1rios minutos.<\/p>\n<p><strong>Fora Temer em todo o Pa\u00eds<\/strong><\/p>\n<p>De Norte ao Sul do Pa\u00eds, os blocos de rua, com faixas e cartazes contra o governo, puxaram o Fora Temer, que era acompanhado pela multid\u00e3o, ressaltando-se que essas manifesta\u00e7\u00f5es ocorreram em praticamente todas as grandes concentra\u00e7\u00f5es urbanas, especialmente em Fortaleza, Natal, Recife, Salvador, Belo Horizonte, Rio de Janeiro, S\u00e3o Paulo, Paran\u00e1, Santa Catarina e Rio Grande do Sul e outras cidades menores. Al\u00e9m da palavra de ordem Fora Temer, os blocos tamb\u00e9m compuseram marchinhas criticando o governo, os conservadores e as contrarreformas anunciadas recentemente.<\/p>\n<p>Outro fen\u00f4meno importante, que j\u00e1 vem se verificando h\u00e1 alguns anos e que em 2017 se consolidou, foi a participa\u00e7\u00e3o da esquerda organizada nos blocos de carnaval. Em v\u00e1rios Estados trocaram as assembleias pelas coloridas manifesta\u00e7\u00f5es dos blocos carnavalescos, especialmente nas grandes metr\u00f3poles como Rio e S\u00e3o Paulo. No Rio de Janeiro, o Prata Preta levou para as ruas os Cem Anos da revolu\u00e7\u00e3o Russa, o Comuna Que Pariu, organizado pelo PCB e aberto \u00e0 participa\u00e7\u00e3o de outras organiza\u00e7\u00f5es de esquerda, trouxe o enredo contra a discrimina\u00e7\u00e3o de g\u00eanero e ainda teve o Bloco Fora Temer, que lotou a Cinel\u00e2ndia no Rio de Janeiro.; em S\u00e3o Paulo o Bloco Sovi\u00e9tico encheu as ruas da cidades, marcando assim uma nova fase do carnaval, onde pol\u00edtica e alegria se encontraram para lutar por justi\u00e7a e liberdade.<\/p>\n<p>Uma parte importante dessas manifesta\u00e7\u00f5es foi a participa\u00e7\u00e3o de artistas, tanto famosos quanto an\u00f4nimos. Caetano Veloso, na Bahia, puxou a palavra de ordem e foi acompanhado pela multid\u00e3o. O mesmo aconteceu com a banda Bayana Sistem que tamb\u00e9m puxou o Fora Temer no carnaval de Salvador e est\u00e1 agora amea\u00e7ada pelo governo local de n\u00e3o participar dos desfiles do ano que vem. Todavia, o mais saboroso dessas manifesta\u00e7\u00f5es foram as marchinhas: O Bloco da \u00c9gua, do Par\u00e1, criticou os coxinhas: \u201cOt\u00e1rio, coxinha, caiu no conto da carochinha. Coxinha, ot\u00e1rio, caiu no conto do vig\u00e1rio\u201d. Ou a marchinha que faz glosa com outra bastante popular no Brasil: \u201cEi, voc\u00ea a\u00ed, o Temer vai cair, o Temer vai cair. \u00c9 golpista, \u00e9 ladr\u00e3o, jamais ganharia uma elei\u00e7\u00e3o\u201d. Ou a escatol\u00f3gica de um Bloco cearense: \u201cFora, fora Temer, ningu\u00e9m te aguenta mais. Pede para KH e sai\u201d. Ou ainda a marchinha de duplo sentido um bloco de Belo Horizonte: \u201cEu tinha tudo a Temer, hoje n\u00e3o vou temer mais. J\u00e1 estanquei a sangria, a crise ficou pr\u00e1 tr\u00e1s\u201d<br \/>\nA m\u00eddia corporativa tentou esconder de todas as formas as manifesta\u00e7\u00f5es populares contra o governo, afinal uma das t\u00e1ticas de Temer para melhorar sua imagem \u00e9 aumentar escandalosamente as verbas para os meios de comunica\u00e7\u00e3o. No entanto, a pujan\u00e7a das manifesta\u00e7\u00f5es foi t\u00e3o grande que, mesmo aos poucos, a m\u00eddia foi obrigada a se render aos fatos e anunciar meio timidamente as manifesta\u00e7\u00f5es do Fora Temer. A Rede Globo, principal monop\u00f3lio das comunica\u00e7\u00f5es do Pa\u00eds, a partir da segunda feira de carnaval, foi obrigada a registrar as manifesta\u00e7\u00f5es, o que foi seguido pelas outras emissoras. Mesmo assim, n\u00e3o deixa de ser uma grande manipula\u00e7\u00e3o, pois se tivesse noticiado as manifesta\u00e7\u00f5es desde o in\u00edcio o volume do Fora Temer seria ainda maior, tendo em vista a influ\u00eancia que esse monop\u00f3lio ainda tem no Brasil.<\/p>\n<p><strong>Decifrar a mensagem do carnaval<\/strong><\/p>\n<p>Como todos sabem, o ano s\u00f3 come\u00e7a de fato no Brasil depois do carnaval. Primeiro tem as f\u00e9rias escolares de janeiro, depois todos ficam na espera do carnaval. Portanto, \u00e9 partir de agora que come\u00e7a a se dar efetivamente a disputa da luta de classe neste ano de 2017. Mas desde j\u00e1 a mensagem do carnaval tem para a esquerda o mesmo significado da mitologia da esfinge de Tebas para os gregos: decifra-me ou te devoro. Ao contr\u00e1rio do que imaginavam os pessimistas ou aqueles que t\u00eam a pressa pequeno-burguesa como norteadora de suas a\u00e7\u00f5es e ficavam aos quatro cantos se lamentando porque o povo n\u00e3o reagia aos ataques contra seus direitos, os gritos do Fora Temer aos milh\u00f5es pelo Brasil afora demonstraram e enorme indigna\u00e7\u00e3o contra o governo que existe entre os trabalhadores, a juventude e a popula\u00e7\u00e3o em geral.<\/p>\n<p>Demonstraram tamb\u00e9m que at\u00e9 agora esse enorme descontentamento ainda est\u00e1 em busca de uma refer\u00eancia organizativa para se expressar de maneira efetiva. As manifesta\u00e7\u00f5es espont\u00e2neas refletem o estado de \u00e2nimo das massas, emitem sinais sobre as possibilidades de organiza\u00e7\u00e3o desses milh\u00f5es de manifestantes em torno de refer\u00eancias comuns, palavras de ordem-s\u00edntese, que possa coloc\u00e1-los em movimento em busca de objetivos determinados e que falem direto \u00e0s suas necessidades b\u00e1sicas. Caso n\u00e3o encontre essas refer\u00eancias, poderemos verificar o mesmo fen\u00f4meno que presenciamos nas jornadas de 2013, quando a massa foi \u00e0s ruas aos milh\u00f5es protestar por melhores condi\u00e7\u00f5es de vida, sem refer\u00eancia organizativa alguma e, em v\u00e1rios momentos, se transformou em massa de manobra dos monop\u00f3lios de comunica\u00e7\u00f5es ou de grupos fascistas.<\/p>\n<p>Portanto, o grito que vinha se gestando no interior da sociedade e que explodiu no carnaval n\u00e3o pode ser menosprezado nem ignorado pela esquerda. Esse ensaio geral fantasiado de carnaval precisa de uma refer\u00eancia organizativa, um programa m\u00ednimo que reflita os anseios mais profundos dos trabalhadores e da juventude, para que esse tsunami festivo se transforme em levante social. A mensagem do carnaval deve ser interpretada como uma necessidade urgente de unidade da esquerda socialista, como coluna vertebral de uma unidade maior de todos aqueles que est\u00e3o contra essa quadrilha corrupta que tomou o poder em Bras\u00edlia.<\/p>\n<p>Agora est\u00e1 claro que existe uma base objetiva para um trabalho de base urgente. Os trabalhadores ser\u00e3o os mais prejudicados pelas reformas da previd\u00eancia e trabalhista, podendo ter sua jornada de trabalho desorganizada e aumentada, com o agravante de s\u00f3 poderem ser aposentar quando estiverem pr\u00f3ximo \u00e0 morte. A juventude est\u00e1 sendo prejudicada pela reforma do ensino m\u00e9dio e pelo corte de verbas para o ensino universit\u00e1rio p\u00fablico. E o ajuste fiscal complementa o saco de maldades que envolve corte de gastos p\u00fablicos na sa\u00fade, educa\u00e7\u00e3o e seguran\u00e7a, al\u00e9m do brutal desemprego e crise financeira dos Estados. Portanto, tema \u00e9 o que n\u00e3o falta para se agitar a massa e buscar a derrubada do governo.<\/p>\n<p>As manifesta\u00e7\u00f5es do carnaval demonstraram que h\u00e1 um descontentamento real da grande maioria da popula\u00e7\u00e3o contra a corrup\u00e7\u00e3o e os ataques contra os trabalhadores e a juventude e que esta \u00e9 a base para transformar esse descontentamento espont\u00e2neo em grandes manifesta\u00e7\u00f5es organizadas pela derrubada desse governo, revoga\u00e7\u00e3o de todas as contrarreformas, colocar todos os corruptos na cadeia e abrir caminhos para as transforma\u00e7\u00f5es sociais em nosso Pa\u00eds. M\u00e3os \u00e0 obra, camaradas!<\/p>\n<p><strong>*Edmilson Costa \u00e9 secret\u00e1rio-geral do PCB<\/strong><\/p>\n","protected":false},"excerpt":{"rendered":"Edmilson Costa* O carnaval \u00e9 a festa mais popular do Brasil. Desde as pequenas cidades do interior \u00e0s maiores aglomera\u00e7\u00f5es metropolitanas, as pessoas \n<a class=\"moretag\" href=\"https:\/\/pcb.org.br\/portal2\/13732\"> <\/a>","protected":false},"author":1,"featured_media":0,"comment_status":"closed","ping_status":"closed","sticky":false,"template":"","format":"standard","meta":{"jetpack_post_was_ever_published":false,"_jetpack_newsletter_access":"","_jetpack_dont_email_post_to_subs":true,"_jetpack_newsletter_tier_id":0,"_jetpack_memberships_contains_paywalled_content":false,"_jetpack_memberships_contains_paid_content":false,"footnotes":"","jetpack_publicize_message":"","jetpack_publicize_feature_enabled":true,"jetpack_social_post_already_shared":true,"jetpack_social_options":{"image_generator_settings":{"template":"highway","default_image_id":0,"font":"","enabled":false},"version":2}},"categories":[50,190],"tags":[],"class_list":["post-13732","post","type-post","status-publish","format-standard","hentry","category-c61-cultura-revolucionaria","category-fora-temer"],"jetpack_publicize_connections":[],"jetpack_featured_media_url":"","jetpack_shortlink":"https:\/\/wp.me\/p659gw-3zu","jetpack-related-posts":[],"jetpack_likes_enabled":true,"jetpack_sharing_enabled":true,"_links":{"self":[{"href":"https:\/\/pcb.org.br\/portal2\/wp-json\/wp\/v2\/posts\/13732","targetHints":{"allow":["GET"]}}],"collection":[{"href":"https:\/\/pcb.org.br\/portal2\/wp-json\/wp\/v2\/posts"}],"about":[{"href":"https:\/\/pcb.org.br\/portal2\/wp-json\/wp\/v2\/types\/post"}],"author":[{"embeddable":true,"href":"https:\/\/pcb.org.br\/portal2\/wp-json\/wp\/v2\/users\/1"}],"replies":[{"embeddable":true,"href":"https:\/\/pcb.org.br\/portal2\/wp-json\/wp\/v2\/comments?post=13732"}],"version-history":[{"count":0,"href":"https:\/\/pcb.org.br\/portal2\/wp-json\/wp\/v2\/posts\/13732\/revisions"}],"wp:attachment":[{"href":"https:\/\/pcb.org.br\/portal2\/wp-json\/wp\/v2\/media?parent=13732"}],"wp:term":[{"taxonomy":"category","embeddable":true,"href":"https:\/\/pcb.org.br\/portal2\/wp-json\/wp\/v2\/categories?post=13732"},{"taxonomy":"post_tag","embeddable":true,"href":"https:\/\/pcb.org.br\/portal2\/wp-json\/wp\/v2\/tags?post=13732"}],"curies":[{"name":"wp","href":"https:\/\/api.w.org\/{rel}","templated":true}]}}