{"id":13737,"date":"2017-03-07T11:50:29","date_gmt":"2017-03-07T14:50:29","guid":{"rendered":"https:\/\/pcb.org.br\/portal2\/?p=13737"},"modified":"2017-03-30T10:51:23","modified_gmt":"2017-03-30T13:51:23","slug":"o-discurso-de-angela-davis-na-marcha-das-mulheres-contra-trump","status":"publish","type":"post","link":"https:\/\/pcb.org.br\/portal2\/13737","title":{"rendered":"O discurso de Angela Davis na Marcha das Mulheres contra Trump"},"content":{"rendered":"<p><img data-recalc-dims=\"1\" decoding=\"async\" class=\"imagem\" title=\"imagem\" src=\"https:\/\/boitempoeditorial.files.wordpress.com\/2017\/01\/angela-davis-trump.jpg?w=747&#038;h=620&#038;fit=620%2C620\" alt=\"imagem\" \/>Confira abaixo o discurso proferido pela fil\u00f3sofa e ativista\u00a0<strong>Angela Davis<\/strong>, autora de\u00a0<a href=\"http:\/\/www.boitempoeditorial.com.br\/v3\/Titulos\/visualizar\/mulher-raca-e-classe\" target=\"_blank\"><em>Mulheres, ra\u00e7a e classe<\/em><\/a>,\u00a0 na Marcha das Mulheres\u00a0[<em>Women\u2019s March<\/em>] contra Donald Trump realizada no \u00faltimo s\u00e1bado, dia 21 de janeiro de 2017, em Washington. A tradu\u00e7\u00e3o \u00e9 de\u00a0<strong>Juliana Borges\u00a0<\/strong>(Blog da Boitempo)<!--more--><\/p>\n<hr \/>\n<p>Por Angela Davis<\/p>\n<p>Em um momento hist\u00f3rico desafiador, vamos nos lembrar que n\u00f3s somos centenas de milhares, milh\u00f5es de mulheres, transg\u00eaneros, homens e jovens que est\u00e3o aqui na Marcha das Mulheres. N\u00f3s representamos for\u00e7as poderosas de mudan\u00e7a que est\u00e3o determinadas a impedir as culturas moribundas do racismo e do hetero-patriarcado de levantar-se novamente.<br \/>\nN\u00f3s reconhecemos que somos agentes coletivos da hist\u00f3ria e que a hist\u00f3ria n\u00e3o pode ser apagada como p\u00e1ginas da Internet. Sabemos que esta tarde nos reunimos em terras ind\u00edgenas e seguimos a lideran\u00e7a dos povos origin\u00e1rios que, apesar da massiva viol\u00eancia genocida, nunca renunciaram a luta pela terra, pela \u00e1gua, pela cultura e pelo seu povo. N\u00f3s saudamos hoje, especialmente, o Standing Rock Sioux.<\/p>\n<p>A luta por liberdade dos negros, que moldaram a natureza deste pa\u00eds, n\u00e3o pode ser apagada com a varredela de uma m\u00e3o. N\u00f3s n\u00e3o podemos esquecer que vidas negras importam. Este \u00e9 um pa\u00eds ancorado na escravid\u00e3o e no colonialismo, o que significa, para o bem ou para o mal, a real hist\u00f3ria de imigra\u00e7\u00e3o e escraviza\u00e7\u00e3o. Espalhar a xenofobia, lan\u00e7ar acusa\u00e7\u00f5es de assassinato e estupro e construir um muro n\u00e3o apagar\u00e3o a hist\u00f3ria.<\/p>\n<p><strong>Nenhum ser humano \u00e9 ilegal!<\/strong><\/p>\n<p>A luta para salvar o planeta, interromper as mudan\u00e7as clim\u00e1ticas, para garantir acesso a \u00e1gua das terras do Standing Rock Sioux, \u00e0 Flint, Michigan, a Cisjord\u00e2nia e Gaza. A luta para salvar nossa flora e fauna, para salvar o ar \u2013 este \u00e9 o ponto zero da luta por justi\u00e7a social.<\/p>\n<p>Esta \u00e9 uma Marcha das Mulheres e ela representa a promessa de um feminismo contra o pernicioso poder da viol\u00eancia do Estado. E um feminismo inclusivo e interseccional que convoca todos n\u00f3s a resist\u00eancia contra o racismo, a islamofobia, ao anti-semitismo, a misoginia e a explora\u00e7\u00e3o capitalista.<\/p>\n<p>Sim, n\u00f3s saudamos o \u2018Fight for 15\u2019. Dedicamos n\u00f3s mesmas para a resist\u00eancia coletiva. Resist\u00eancia aos bilion\u00e1rios exploradores hipotec\u00e1rios e gentrificadores. Resist\u00eancia a privatiza\u00e7\u00e3o do sistema de Sa\u00fade. Resist\u00eancia aos ataques contra mu\u00e7ulmanos e imigrantes. Resist\u00eancia aos ataques contra as pessoas com defici\u00eancia. Resist\u00eancia a viol\u00eancia do Estado perpetrada pela pol\u00edcia e atrav\u00e9s da ind\u00fastria do complexo prisional. Resist\u00eancia a viol\u00eancia de g\u00eanero institucional e dom\u00e9stica, especialmente contra mulheres trans negras.<\/p>\n<p>Direitos das mulheres s\u00e3o direitos humanos em todo o planeta. E \u00e9 por isso que n\u00f3s dizemos \u2018Liberdade e Justi\u00e7a para a Palestina!\u2019. N\u00f3s celebramos a iminente liberta\u00e7\u00e3o de Chelsea Manning e Oscar Lopez Rivera. Mas tamb\u00e9m dizemos \u2018Liberdade para Leonard Peltier! Liberdade para Mumia Abu-Jamal! Liberdade para Assata Shakur!\u2019<br \/>\nNos pr\u00f3ximos meses e anos n\u00f3s estamos convocadas a intensificar nossas demandas por justi\u00e7a social e nos tornarmos mais militantes em nossa defesa das popula\u00e7\u00f5es vulner\u00e1veis. Aqueles que ainda defendem a supremacia masculina branca e hetero-patriarcal devem ter cuidado!<\/p>\n<p>Os pr\u00f3ximos 1459 dias da gest\u00e3o Trump ser\u00e3o 1459 dias de resist\u00eancia: Resist\u00eancia nas ruas, nas escolas, no trabalho, resist\u00eancia em nossa arte e em nossa m\u00fasica.<br \/>\nEste \u00e9 s\u00f3 o come\u00e7o. E termino nas palavras da inimit\u00e1vel Ella Baker: \u2018N\u00f3s que acreditamos na Liberdade n\u00e3o podemos descansar at\u00e9 que ela seja alcan\u00e7ada!\u2019 Obrigada.<\/p>\n<p><a href=\"https:\/\/blogdaboitempo.com.br\/2017\/01\/23\/o-discurso-de-angela-davis-na-marcha-das-mulheres-contra-trump\/\" target=\"_blank\">https:\/\/blogdaboitempo.com.br\/2017\/01\/23\/<wbr \/>o-discurso-de-angela-davis-na-marcha-das-mulheres-contra-trump\/<\/a><\/p>\n<p><span class=\"embed-youtube\" style=\"text-align:center; display: block;\"><iframe loading=\"lazy\" class=\"youtube-player\" width=\"747\" height=\"421\" src=\"https:\/\/www.youtube.com\/embed\/TTB-m2NxWzA?version=3&#038;rel=1&#038;showsearch=0&#038;showinfo=1&#038;iv_load_policy=1&#038;fs=1&#038;hl=pt-BR&#038;autohide=2&#038;wmode=transparent\" allowfullscreen=\"true\" style=\"border:0;\" sandbox=\"allow-scripts allow-same-origin allow-popups allow-presentation allow-popups-to-escape-sandbox\"><\/iframe><\/span><\/p>\n<p><span class=\"embed-youtube\" style=\"text-align:center; display: block;\"><iframe loading=\"lazy\" class=\"youtube-player\" width=\"747\" height=\"421\" src=\"https:\/\/www.youtube.com\/embed\/55mrtzUa-6I?version=3&#038;rel=1&#038;showsearch=0&#038;showinfo=1&#038;iv_load_policy=1&#038;fs=1&#038;hl=pt-BR&#038;autohide=2&#038;wmode=transparent\" allowfullscreen=\"true\" style=\"border:0;\" sandbox=\"allow-scripts allow-same-origin allow-popups allow-presentation allow-popups-to-escape-sandbox\"><\/iframe><\/span><\/p>\n","protected":false},"excerpt":{"rendered":"Confira abaixo o discurso proferido pela fil\u00f3sofa e ativista\u00a0Angela Davis, autora de\u00a0Mulheres, ra\u00e7a e classe,\u00a0 na Marcha das Mulheres\u00a0[Women\u2019s March] contra Donald Trump \n<a class=\"moretag\" href=\"https:\/\/pcb.org.br\/portal2\/13737\"> <\/a>","protected":false},"author":1,"featured_media":0,"comment_status":"closed","ping_status":"closed","sticky":false,"template":"","format":"standard","meta":{"jetpack_post_was_ever_published":false,"_jetpack_newsletter_access":"","_jetpack_dont_email_post_to_subs":true,"_jetpack_newsletter_tier_id":0,"_jetpack_memberships_contains_paywalled_content":false,"_jetpack_memberships_contains_paid_content":false,"footnotes":"","jetpack_publicize_message":"","jetpack_publicize_feature_enabled":true,"jetpack_social_post_already_shared":true,"jetpack_social_options":{"image_generator_settings":{"template":"highway","default_image_id":0,"font":"","enabled":false},"version":2}},"categories":[180],"tags":[],"class_list":["post-13737","post","type-post","status-publish","format-standard","hentry","category-feminista"],"jetpack_publicize_connections":[],"jetpack_featured_media_url":"","jetpack_shortlink":"https:\/\/wp.me\/p659gw-3zz","jetpack-related-posts":[],"jetpack_likes_enabled":true,"jetpack_sharing_enabled":true,"_links":{"self":[{"href":"https:\/\/pcb.org.br\/portal2\/wp-json\/wp\/v2\/posts\/13737","targetHints":{"allow":["GET"]}}],"collection":[{"href":"https:\/\/pcb.org.br\/portal2\/wp-json\/wp\/v2\/posts"}],"about":[{"href":"https:\/\/pcb.org.br\/portal2\/wp-json\/wp\/v2\/types\/post"}],"author":[{"embeddable":true,"href":"https:\/\/pcb.org.br\/portal2\/wp-json\/wp\/v2\/users\/1"}],"replies":[{"embeddable":true,"href":"https:\/\/pcb.org.br\/portal2\/wp-json\/wp\/v2\/comments?post=13737"}],"version-history":[{"count":0,"href":"https:\/\/pcb.org.br\/portal2\/wp-json\/wp\/v2\/posts\/13737\/revisions"}],"wp:attachment":[{"href":"https:\/\/pcb.org.br\/portal2\/wp-json\/wp\/v2\/media?parent=13737"}],"wp:term":[{"taxonomy":"category","embeddable":true,"href":"https:\/\/pcb.org.br\/portal2\/wp-json\/wp\/v2\/categories?post=13737"},{"taxonomy":"post_tag","embeddable":true,"href":"https:\/\/pcb.org.br\/portal2\/wp-json\/wp\/v2\/tags?post=13737"}],"curies":[{"name":"wp","href":"https:\/\/api.w.org\/{rel}","templated":true}]}}