{"id":13744,"date":"2017-03-07T12:08:10","date_gmt":"2017-03-07T15:08:10","guid":{"rendered":"https:\/\/pcb.org.br\/portal2\/?p=13744"},"modified":"2017-03-30T10:51:32","modified_gmt":"2017-03-30T13:51:32","slug":"100-anos-da-greve-das-tecelas-na-russia","status":"publish","type":"post","link":"https:\/\/pcb.org.br\/portal2\/13744","title":{"rendered":"100 ANOS DA GREVE DAS TECEL\u00c3S NA R\u00daSSIA"},"content":{"rendered":"<p><img decoding=\"async\" class=\"imagem\" title=\"imagem\" src=\"https:\/\/lh3.googleusercontent.com\/Cn0xjA5qZBGbu82R5AIk2hBEt-SP4n53CfZ9qxJwQIDEy2C1TSEz3HazLEZwWSEPlgQXdccWICCUEv3nDc0KIAMOtXXOcvCbVrbOrEacU0EAl8QwEPNGWk2bLjCj1QZrsOeivtWyFhZSxbVtW-Zm9SDJVkGBGcT4CvHP3gS2se8gf0nyJHjXUwgL0-067_Gj9b8O3vl0BKHiCjuQkzJ5f1c-kcEBJAE6AVUwOgdudYJGkiIjh7CGrn2c96ds01taqR56EfbvK939U9h9IzJzEF8mYo-JvNfGrpF-gJTW5pnv-NdUnJjzSXAQPWGg1o5eR1p7VYz9D6Aer5q59vRj562Z2K_3mb-F25E7YXlOmMt0ZmDWB0EMxzChykjJOqqOdCy0sHieDEpqyxNjy8gFG-NwON5s6lKsxuUdv2l8pKUAH4zYzhQanPEzsdfOswiLGfAjNQNuzTVzNx6HKUOKCRrw9GFNY6MOSFWooHkwNeTcrR91PmQ8wPipMJBzhzCFpgoQzXXMzp1AYAkB2kqwj05srY5RpdOKfJFjwHd9wAR_lxhoaHYz_LsXFt5fYR7IKdtlG3-Xzc3hNc9E9Bycwc8YnL5lX6rYZeVT2tVNuYum9s2wq0Ax=w1530-h1199-no\" alt=\"imagem\" \/>A Funda\u00e7\u00e3o Dinarco Reis e o Coletivo Feminista Classista Ana Montenegro realizam hoje (07 de mar\u00e7o) debate sobre o evento que desencadeou a Revolu\u00e7\u00e3o de Fevereiro na R\u00fassia em 1917 e marcou para sempre o Dia 08 DE MAR\u00c7O (23 de fevereiro no antigo calend\u00e1rio russo) como Dia Internacional de luta das Mulheres Trabalhadoras.<!--more--><\/p>\n<p>Al\u00e9m de comemorar a data, o evento debater\u00e1 a atualidade do Feminismo Classista e ser\u00e1 realizado, a partir das 18h30, no Audit\u00f3rio do SEPE (Sindicato Estadual dos Profissionais da Educa\u00e7\u00e3o), na Rua Evaristo da Veiga, 55, 7\u00ba andar, Centro do Rio de Janeiro).<\/p>\n<p><a href=\"https:\/\/pcb.org.br\/fdr\" target=\"_blank\">https:\/\/pcb.org.br\/fdr<\/a><\/p>\n<p><a href=\"https:\/\/www.facebook.com\/events\/271685786595559\/\" target=\"_blank\">https:\/\/www.facebook.com\/events\/271685786595559\/<\/a><\/p>\n","protected":false},"excerpt":{"rendered":"A Funda\u00e7\u00e3o Dinarco Reis e o Coletivo Feminista Classista Ana Montenegro realizam hoje (07 de mar\u00e7o) debate sobre o evento que desencadeou a \n<a class=\"moretag\" href=\"https:\/\/pcb.org.br\/portal2\/13744\"> <\/a>","protected":false},"author":1,"featured_media":0,"comment_status":"closed","ping_status":"closed","sticky":false,"template":"","format":"standard","meta":{"jetpack_post_was_ever_published":false,"_jetpack_newsletter_access":"","_jetpack_dont_email_post_to_subs":true,"_jetpack_newsletter_tier_id":0,"_jetpack_memberships_contains_paywalled_content":false,"_jetpack_memberships_contains_paid_content":false,"footnotes":"","jetpack_publicize_message":"","jetpack_publicize_feature_enabled":true,"jetpack_social_post_already_shared":true,"jetpack_social_options":{"image_generator_settings":{"template":"highway","default_image_id":0,"font":"","enabled":false},"version":2}},"categories":[74],"tags":[],"class_list":["post-13744","post","type-post","status-publish","format-standard","hentry","category-c87-revolucao-russa"],"jetpack_publicize_connections":[],"jetpack_featured_media_url":"","jetpack_shortlink":"https:\/\/wp.me\/p659gw-3zG","jetpack-related-posts":[],"jetpack_likes_enabled":true,"jetpack_sharing_enabled":true,"_links":{"self":[{"href":"https:\/\/pcb.org.br\/portal2\/wp-json\/wp\/v2\/posts\/13744","targetHints":{"allow":["GET"]}}],"collection":[{"href":"https:\/\/pcb.org.br\/portal2\/wp-json\/wp\/v2\/posts"}],"about":[{"href":"https:\/\/pcb.org.br\/portal2\/wp-json\/wp\/v2\/types\/post"}],"author":[{"embeddable":true,"href":"https:\/\/pcb.org.br\/portal2\/wp-json\/wp\/v2\/users\/1"}],"replies":[{"embeddable":true,"href":"https:\/\/pcb.org.br\/portal2\/wp-json\/wp\/v2\/comments?post=13744"}],"version-history":[{"count":0,"href":"https:\/\/pcb.org.br\/portal2\/wp-json\/wp\/v2\/posts\/13744\/revisions"}],"wp:attachment":[{"href":"https:\/\/pcb.org.br\/portal2\/wp-json\/wp\/v2\/media?parent=13744"}],"wp:term":[{"taxonomy":"category","embeddable":true,"href":"https:\/\/pcb.org.br\/portal2\/wp-json\/wp\/v2\/categories?post=13744"},{"taxonomy":"post_tag","embeddable":true,"href":"https:\/\/pcb.org.br\/portal2\/wp-json\/wp\/v2\/tags?post=13744"}],"curies":[{"name":"wp","href":"https:\/\/api.w.org\/{rel}","templated":true}]}}