{"id":1375,"date":"2011-04-06T20:43:36","date_gmt":"2011-04-06T20:43:36","guid":{"rendered":"http:\/\/pcb.org.br\/portal2\/?p=1375"},"modified":"2011-04-06T20:43:36","modified_gmt":"2011-04-06T20:43:36","slug":"concurso-hq-partidao","status":"publish","type":"post","link":"https:\/\/pcb.org.br\/portal2\/1375","title":{"rendered":"CONCURSO HQ PARTID\u00c3O"},"content":{"rendered":"\n<p>O PCB (Partido Comunista Brasileiro), por motivo de seus 90 anos de funda\u00e7\u00e3o a serem comemorados em 2012, editar\u00e1\u00a0<strong>uma Hist\u00f3ria em Quadrinhos que contar\u00e1, em dois volumes, a trajet\u00f3ria hist\u00f3rica do Partid\u00e3o<\/strong> desde os prim\u00f3rdios de sua funda\u00e7\u00e3o at\u00e9 os dias de hoje. Para tanto, estamos selecionando desenhistas para participarem do projeto. Fazemos, assim, um chamado aos\u00a0<strong>militantes, simpatizantes e amigos ilustradores do PCB<\/strong>,\u00a0<strong>para que enviem <\/strong>amostras de suas artes at\u00e9 o dia 01 de junho de 2011.<\/p>\n<p><strong>Aten\u00e7\u00e3o: trata-se de um trabalho volunt\u00e1rio,\u00a0militante, daqueles camaradas que ou fazem parte dos nossos quadros partid\u00e1rios ou que, mesmo n\u00e3o fazendo parte do nosso Partido, queiram contribuir para divulgar a rica hist\u00f3ria de lutas do PCB em nosso pa\u00eds, atrav\u00e9s de um meio de propaganda que cont\u00e9m uma linguagem de grande aceita\u00e7\u00e3o junto \u00e0 juventude, principalmente. Portanto, o trabalho n\u00e3o ser\u00e1 remunerado, mas, repetindo, volunt\u00e1rio, seguindo atradi\u00e7\u00e3o revolucion\u00e1ria dos comunistas, de\u00a0assumirem\u00a0tarefas e compromissos pol\u00edticos\u00a0em prol das\u00a0causas populares e pela afirma\u00e7\u00e3o dos nossos ideais. <\/strong><\/p>\n<p>Para facilitar o trabalho dos camaradas que desejem participar do concurso, segue abaixo desta mensagem um esbo\u00e7o do roteiro do cap\u00edtulo 01 da HQ, do qual poder\u00e1 se aproveitar alguma(s) cena(s) para a confec\u00e7\u00e3o da arte do desenhista concorrente.\u00a0<strong>O\u00a0desenhista selecionado ter\u00e1 seu nome constando dos cr\u00e9ditos da obra.<\/strong><\/p>\n<p>O e-mail para o envio dos trabalhos \u00e9 <a rel=\"nofollow\"><strong>daniludens@yahoo.com.br<\/strong><\/a>, aos cuidados de\u00a0<strong>Daniel Oliveira<\/strong>. N\u00e3o fique de fora deste momento hist\u00f3rico! PARTICIPE!<\/p>\n<p><strong>Roteiro do cap\u00edtulo 01<\/strong><\/p>\n<p>Primeira p\u00e1gina<\/p>\n<p>S\u00e3o Paulo \u2013 Julho de 1917<\/p>\n<p>Um jovem oper\u00e1rio corre. \u00c9 mostrado da cintura para cima. Tem o bon\u00e9 nas m\u00e3os e usa agasalho. No fundo, o Br\u00e1s de 1917.<\/p>\n<p>\u201cCorre, M\u00e1rio. Assim perdemos o cortejo do Martinez.\u201d<\/p>\n<p>Outro jovem oper\u00e1rio se esfor\u00e7a para acompanhar a corrida do companheiro, que est\u00e1 \u00a0fora do quadro.<\/p>\n<p>\u201cCom a barriga vazia fica dif\u00edcil, Luigi.\u201d<\/p>\n<p>Um bal\u00e3o \u00e0 direita aponta para fora do quadro.<\/p>\n<p>\u201cMas como reclama!\u201d<\/p>\n<p>Close no rosto de M\u00e1rio que continua correndo.<\/p>\n<p>\u201cE como n\u00e3o? Se ganho dez mil r\u00e9is&#8230;\u201d<\/p>\n<p>Ainda o rosto, mas com a m\u00e3o erguida e os<\/p>\n<p>fechados como um italiano.<\/p>\n<p>\u201c&#8230; e gasto 207 mil com a mulher e os<\/p>\n<p>meninos?\u201d<\/p>\n<p>Os dois juntos, no lado direito da p\u00e1gina, avistam a multid\u00e3o que j\u00e1 havia se formado.<\/p>\n<p>\u201c\u00c9 por isso que estamos aqui, M\u00e1rio.<\/p>\n<p>Hoje come\u00e7a a greve geral.\u201d<\/p>\n<p>Segunda p\u00e1gina<\/p>\n<p>Em um palanque de madeira encontra-se um orador cercado por uma verdadeira multid\u00e3o.<\/p>\n<p>\u201cMorreu para que fosse respeitado o mais absoluto direito de associa\u00e7\u00e3o entre os trabalhadores&#8230;\u201d<\/p>\n<p>Um cord\u00e3o de policiais armados acompanha o ato.<\/p>\n<p>\u201c&#8230; para que sejam postas em liberdade todas as pessoas detidas por direito de greve&#8230;\u201d<\/p>\n<p>No centro do quadro, os dois oper\u00e1rios se olham, emoldurados pela multid\u00e3o.<\/p>\n<p>M\u00e1rio diz:<\/p>\n<p>\u201cSer\u00e1 que a vit\u00f3ria est\u00e1 pr\u00f3xima, Luigi?\u201d<\/p>\n<p>Luigi responde:<\/p>\n<p>\u201cN\u00e3o sei, M\u00e1rio, n\u00e3o sei&#8230;\u201d<\/p>\n","protected":false},"excerpt":{"rendered":"\n\n\nCr\u00e9dito: PCB\n\n\n\n\n\n\n\n\nCONCURSO HIST\u00d3RIA EM QUADRINHOS DO PCB\n<a class=\"moretag\" href=\"https:\/\/pcb.org.br\/portal2\/1375\"> <\/a>","protected":false},"author":1,"featured_media":0,"comment_status":"open","ping_status":"open","sticky":false,"template":"","format":"standard","meta":{"jetpack_post_was_ever_published":false,"_jetpack_newsletter_access":"","_jetpack_dont_email_post_to_subs":false,"_jetpack_newsletter_tier_id":0,"_jetpack_memberships_contains_paywalled_content":false,"_jetpack_memberships_contains_paid_content":false,"footnotes":"","jetpack_publicize_message":"","jetpack_publicize_feature_enabled":true,"jetpack_social_post_already_shared":false,"jetpack_social_options":{"image_generator_settings":{"template":"highway","default_image_id":0,"font":"","enabled":false},"version":2}},"categories":[99],"tags":[],"class_list":["post-1375","post","type-post","status-publish","format-standard","hentry","category-c112-hq"],"jetpack_publicize_connections":[],"jetpack_featured_media_url":"","jetpack_shortlink":"https:\/\/wp.me\/p659gw-mb","jetpack-related-posts":[],"jetpack_likes_enabled":true,"jetpack_sharing_enabled":true,"_links":{"self":[{"href":"https:\/\/pcb.org.br\/portal2\/wp-json\/wp\/v2\/posts\/1375","targetHints":{"allow":["GET"]}}],"collection":[{"href":"https:\/\/pcb.org.br\/portal2\/wp-json\/wp\/v2\/posts"}],"about":[{"href":"https:\/\/pcb.org.br\/portal2\/wp-json\/wp\/v2\/types\/post"}],"author":[{"embeddable":true,"href":"https:\/\/pcb.org.br\/portal2\/wp-json\/wp\/v2\/users\/1"}],"replies":[{"embeddable":true,"href":"https:\/\/pcb.org.br\/portal2\/wp-json\/wp\/v2\/comments?post=1375"}],"version-history":[{"count":0,"href":"https:\/\/pcb.org.br\/portal2\/wp-json\/wp\/v2\/posts\/1375\/revisions"}],"wp:attachment":[{"href":"https:\/\/pcb.org.br\/portal2\/wp-json\/wp\/v2\/media?parent=1375"}],"wp:term":[{"taxonomy":"category","embeddable":true,"href":"https:\/\/pcb.org.br\/portal2\/wp-json\/wp\/v2\/categories?post=1375"},{"taxonomy":"post_tag","embeddable":true,"href":"https:\/\/pcb.org.br\/portal2\/wp-json\/wp\/v2\/tags?post=1375"}],"curies":[{"name":"wp","href":"https:\/\/api.w.org\/{rel}","templated":true}]}}