{"id":13759,"date":"2017-03-08T08:20:04","date_gmt":"2017-03-08T11:20:04","guid":{"rendered":"https:\/\/pcb.org.br\/portal2\/?p=13759"},"modified":"2017-03-30T10:51:40","modified_gmt":"2017-03-30T13:51:40","slug":"milhares-de-professores-vao-as-ruas-na-argentina-e-iniciam-paralisacao-de-48-horas-por-aumento-nacional-de-salarios","status":"publish","type":"post","link":"https:\/\/pcb.org.br\/portal2\/13759","title":{"rendered":"Milhares de professores v\u00e3o \u00e0s ruas na Argentina e iniciam paralisa\u00e7\u00e3o de 48 horas por aumento nacional de sal\u00e1rios"},"content":{"rendered":"<p><img decoding=\"async\" class=\"imagem\" title=\"imagem\" src=\"https:\/\/ci3.googleusercontent.com\/proxy\/EMWxLq2FizZXTMz6mqynnSyt5ctBCMfHZ5HDNDe5xyM8idVEtNleWNSlMVlsZKyRyA7aKyA6YOK4hrI_GcaudwIAr6fjNCCFkFFFc3Y90p41lA=s0-d-e1-ft#http:\/\/www.operamundi.com.br\/media\/images\/paroargentina1.jpg\" alt=\"imagem\" \/>Opera Mundi<\/p>\n<p>Ades\u00e3o \u00e0 paralisa\u00e7\u00e3o chega a 92% em todo o pa\u00eds, diz Frente Nacional Docente; manifesta\u00e7\u00e3o em Buenos Aires se dirigiu \u00e0 sede do Minist\u00e9rio da Educa\u00e7\u00e3o para exigir negocia\u00e7\u00e3o salarial nacional e 35% de reajuste para compensar 40% de infla\u00e7\u00e3o em 2016<\/p>\n<p><!--more--><\/p>\n<p>Milhares de professores argentinos da rede p\u00fablica de ensino iniciaram nesta segunda-feira (06\/03) uma paralisa\u00e7\u00e3o de 48 horas em todo o pa\u00eds, exigindo um aumento de sal\u00e1rio para a categoria em n\u00edvel nacional que compense a infla\u00e7\u00e3o de 40% no ano passado.<\/p>\n<p>Segundo a Frente Nacional Docente, que agrupa os cinco maiores sindicatos de professores do pa\u00eds, a ades\u00e3o \u00e0 greve chega a 92%.<\/p>\n<p>Em Buenos Aires, a marcha de professores, apoiados por representantes da ATE (Associa\u00e7\u00e3o de Trabalhadores do Estado), percorreu as principais ruas da capital argentina e se dirigiu desde o Congresso Nacional at\u00e9 o Minist\u00e9rio da Educa\u00e7\u00e3o. \u201cEsta marcha com mais de 50 mil professores deve fazer o governo refletir\u201d, declarou a representante sindical Sonia Alesso.<\/p>\n<p>Os professores exigem uma negocia\u00e7\u00e3o salarial em n\u00edvel nacional, se opondo \u00e0 exist\u00eancia de sal\u00e1rios diferentes nas 23 prov\u00edncias e na capital federal, depois da decis\u00e3o do Executivo nacional de deixar nas m\u00e3os das gobernaciones (Estados) o montante do m\u00ednimo salarial segundo as possibilidades de cada uma.<\/p>\n<p>A grande maioria dos governos locais prop\u00f5e 18% a pagar em quatro quotas, atreladas ao \u00edndice da infla\u00e7\u00e3o, enquanto os professores pedem um reajuste de 35% para compensar a perda pela infla\u00e7\u00e3o, que em 2016 se elevou a mais de 40%.<\/p>\n<p>Ap\u00f3s v\u00e1rias tentativas frustradas de di\u00e1logo com o governo de Mauricio Macri, os professores convocaram a paralisa\u00e7\u00e3o de 48 horas nos dois primeiros dias do ano letivo de 2017 na Argentina.<\/p>\n<p>Enquanto Macri inaugurava o ano letivo na prov\u00edncia de Jujuy junto ao ministro da pasta, Esteban Bullrich, no restante do pa\u00eds, neste primeiro dia de aulas, as salas das escolas p\u00fablicas permaneceram vazias.<\/p>\n<p>Apenas tr\u00eas prov\u00edncias, Jujuy, Santiago do Estero e San Luis, come\u00e7aram as aulas. No resto, em todos os n\u00edveis, 12 milh\u00f5es de alunos ficaram em suas casas.<\/p>\n<p>Os professores apontaram que depois da paralisa\u00e7\u00e3o de 48 horas e a outra marcha a ser realizada amanh\u00e3 acompanhando a Confedera\u00e7\u00e3o Geral do Trabalho, preparam um plano de luta por melhores sal\u00e1rios e condi\u00e7\u00f5es de trabalho.<\/p>\n<p>\u201cParit\u00e1ria nacional ou segue a greve\u201d, declarou Hugo Yasky, da CTA (Confedera\u00e7\u00e3o de Trabalhadores da Argentina). \u201cIr contra a escola p\u00fablica \u00e9 analfabetismo pol\u00edtico, seja na Casa Rosada ou no Minist\u00e9rio da Educa\u00e7\u00e3o. N\u00e3o h\u00e1 nada mais nobre para os argentinos do que a escola\u201d, disse o sindicalista.<\/p>\n<p>http:\/\/operamundi.uol.com.br\/conteudo\/geral\/46560\/<wbr \/>milhares+de+professores+vao+as+ruas+na+argentina+e+iniciam+paralisacao+de+48+horas+por+aumento+nacional+de+salarios.shtml<\/p>\n","protected":false},"excerpt":{"rendered":"Opera Mundi Ades\u00e3o \u00e0 paralisa\u00e7\u00e3o chega a 92% em todo o pa\u00eds, diz Frente Nacional Docente; manifesta\u00e7\u00e3o em Buenos Aires se dirigiu \u00e0 \n<a class=\"moretag\" href=\"https:\/\/pcb.org.br\/portal2\/13759\"> <\/a>","protected":false},"author":1,"featured_media":0,"comment_status":"closed","ping_status":"closed","sticky":false,"template":"","format":"standard","meta":{"jetpack_post_was_ever_published":false,"_jetpack_newsletter_access":"","_jetpack_dont_email_post_to_subs":true,"_jetpack_newsletter_tier_id":0,"_jetpack_memberships_contains_paywalled_content":false,"_jetpack_memberships_contains_paid_content":false,"footnotes":"","jetpack_publicize_message":"","jetpack_publicize_feature_enabled":true,"jetpack_social_post_already_shared":true,"jetpack_social_options":{"image_generator_settings":{"template":"highway","default_image_id":0,"font":"","enabled":false},"version":2}},"categories":[57],"tags":[],"class_list":["post-13759","post","type-post","status-publish","format-standard","hentry","category-c68-argentina"],"jetpack_publicize_connections":[],"jetpack_featured_media_url":"","jetpack_shortlink":"https:\/\/wp.me\/p659gw-3zV","jetpack-related-posts":[],"jetpack_likes_enabled":true,"jetpack_sharing_enabled":true,"_links":{"self":[{"href":"https:\/\/pcb.org.br\/portal2\/wp-json\/wp\/v2\/posts\/13759","targetHints":{"allow":["GET"]}}],"collection":[{"href":"https:\/\/pcb.org.br\/portal2\/wp-json\/wp\/v2\/posts"}],"about":[{"href":"https:\/\/pcb.org.br\/portal2\/wp-json\/wp\/v2\/types\/post"}],"author":[{"embeddable":true,"href":"https:\/\/pcb.org.br\/portal2\/wp-json\/wp\/v2\/users\/1"}],"replies":[{"embeddable":true,"href":"https:\/\/pcb.org.br\/portal2\/wp-json\/wp\/v2\/comments?post=13759"}],"version-history":[{"count":0,"href":"https:\/\/pcb.org.br\/portal2\/wp-json\/wp\/v2\/posts\/13759\/revisions"}],"wp:attachment":[{"href":"https:\/\/pcb.org.br\/portal2\/wp-json\/wp\/v2\/media?parent=13759"}],"wp:term":[{"taxonomy":"category","embeddable":true,"href":"https:\/\/pcb.org.br\/portal2\/wp-json\/wp\/v2\/categories?post=13759"},{"taxonomy":"post_tag","embeddable":true,"href":"https:\/\/pcb.org.br\/portal2\/wp-json\/wp\/v2\/tags?post=13759"}],"curies":[{"name":"wp","href":"https:\/\/api.w.org\/{rel}","templated":true}]}}