{"id":13761,"date":"2017-03-08T08:23:44","date_gmt":"2017-03-08T11:23:44","guid":{"rendered":"https:\/\/pcb.org.br\/portal2\/?p=13761"},"modified":"2017-03-30T10:51:43","modified_gmt":"2017-03-30T13:51:43","slug":"mulheres-sem-terra-paralisam-vale-por-calote-na-previdencia","status":"publish","type":"post","link":"https:\/\/pcb.org.br\/portal2\/13761","title":{"rendered":"Mulheres sem-terra paralisam Vale por calote na Previd\u00eancia"},"content":{"rendered":"<p><img decoding=\"async\" class=\"imagem\" title=\"imagem\" src=\"https:\/\/ci3.googleusercontent.com\/proxy\/JcaMVwaIWlOVzdnnZ08ohgcyUFLNlMxkGHRbgsB_id6nPUFyvGENxxWOgctOEvvjqvmHMXbz7DmPJuQ8-Z2KPy94axUWY2ts5HaHWh3PfSBr2Ysd6Q=s0-d-e1-ft#https:\/\/farm1.staticflickr.com\/765\/33174672061_096d541dc2_z.jpg\" alt=\"imagem\" \/><strong>A a\u00e7\u00e3o faz parte da Jornada Nacional de Lutas do 8 de mar\u00e7o<\/strong><\/p>\n<p>Rute Pina e Julia Dolce<\/p>\n<p>Brasil de Fato<!--more--><\/p>\n<p>Na manh\u00e3 desta ter\u00e7a-feira (7), cerca de 1,5 mil mulheres do Movimento dos Trabalhadores Rurais Sem Terra (MST) paralisaram o complexo industrial da empresa Vale Fertilizantes, em Cubat\u00e3o (SP), para denunciar a d\u00edvida da mineradora com a Previd\u00eancia. A Vale est\u00e1 na lista da Procuradoria Geral da Fazenda Nacional (PGFN), como uma das maiores credoras do sistema previdenci\u00e1rio. A empresa deve R$ 276 milh\u00f5es ao INSS.<\/p>\n<p>A a\u00e7\u00e3o fez parte da Jornada Nacional de Lutas das Mulheres Sem Terra, que\u00a0iniciou na \u00faltima segunda-feira (6) e ocorre at\u00e9 o dia 10 deste m\u00eas. A principal pauta do movimento \u00e9 a critica \u00e0 reforma da Previd\u00eancia que tramita no Congresso Nacional na forma da Proposta de Emenda Constitucional (PEC) 287. O tema tamb\u00e9m \u00e9 o foco de a\u00e7\u00f5es de diversas outras organiza\u00e7\u00f5es e movimentos populares neste\u00a0mesmo dia.<\/p>\n<p>Segundo N\u00edvia da Silva, coordenadora estadual do MST no Rio de Janeiro, a d\u00edvida de empresas privadas com o INSS contraria o discurso do governo Temer sobre o d\u00e9ficit na Previd\u00eancia.<\/p>\n<p>&#8220;\u00c9 muito oportuno que nessa crise [as empresas queiram] diminuir sua contribui\u00e7\u00e3o previdenci\u00e1ria para aumentar a taxa de lucro&#8221;, afirmou a dirigente.<\/p>\n<p>A d\u00edvida de empresas p\u00fablicas, privadas, funda\u00e7\u00f5es e entes da federa\u00e7\u00e3o com o Regime Geral da Previd\u00eancia Social soma mais de R$ 426 bilh\u00f5es. O valor \u00e9 quase o triplo do d\u00e9ficit do INSS, que foi de cerca de R$ 250 bilh\u00f5es em 2016, de acordo com o governo federal. Entre as maiores devedoras est\u00e3o o Bradesco, Caixa, Marfrig, JBS e Vale.<\/p>\n<p>&#8220;N\u00e3o temos que fazer uma reforma da Previd\u00eancia, mas uma cobran\u00e7a a essas empresas para que elas cumpram com seu compromisso junto \u00e0\u00a0classe trabalhadora&#8221;, continuou.<\/p>\n<p>A\u00e7\u00e3o<\/p>\n<p>Por volta das 6h, as mulheres chegaram \u00e0 unidade 2 do complexo da Vale Fertilizantes, onde permaneceram por 20 minutos entoando palavras de ordem e de den\u00fancia contra a empresa. Ap\u00f3s a a\u00e7\u00e3o, as militantes paralisaram a entrada de todo o complexo industrial.<\/p>\n<p>Segundo Silva, a a\u00e7\u00e3o teve car\u00e1ter pedag\u00f3gico, com o objetivo de explicitar que &#8220;as principais impactadas na reforma da Previd\u00eancia s\u00e3o as mulheres do campo&#8221;. A PEC 287 pretende equiparar a idade de aposentadoria entre mulheres e homens e trabalhadores urbanos e do campo.<\/p>\n<p>Ela pondera que o movimento defende um sistema de previd\u00eancia social p\u00fablico, universal e solid\u00e1rio.<\/p>\n<p>A Jornada denuncia tamb\u00e9m o capital estrangeiro na agricultura brasileira por meio de empresas transnacionais.<\/p>\n<p>Hist\u00f3rico<\/p>\n<p>O movimento de mulheres sem-terra tem ganhado cada vez mais import\u00e2ncia dentro do MST, e as a\u00e7\u00f5es de enfrentamento protagonizadas pelas camponesas na v\u00e9spera do 8 de mar\u00e7o v\u00eam acontecendo desde 2006, quando foi realizada uma interven\u00e7\u00e3o na empresa Aracruz, no Rio Grande do Sul.<\/p>\n<p>Edi\u00e7\u00e3o: Vivian Fernandes<\/p>\n<p>Ilustra\u00e7\u00e3o: Mulheres sem-terra fazem a\u00e7\u00e3o em frente \u00e0 sede da Vale Fertilizantes, em Cubat\u00e3o (SP). Julia Dolce<\/p>\n<p>https:\/\/www.brasildefato.com.br\/2017\/03\/07\/mulheres-sem-terra-paralisam-vale-por-calote-na-previdencia\/<\/p>\n","protected":false},"excerpt":{"rendered":"A a\u00e7\u00e3o faz parte da Jornada Nacional de Lutas do 8 de mar\u00e7o Rute Pina e Julia Dolce Brasil de Fato\n<a class=\"moretag\" href=\"https:\/\/pcb.org.br\/portal2\/13761\"> <\/a>","protected":false},"author":1,"featured_media":0,"comment_status":"closed","ping_status":"closed","sticky":false,"template":"","format":"standard","meta":{"jetpack_post_was_ever_published":false,"_jetpack_newsletter_access":"","_jetpack_dont_email_post_to_subs":true,"_jetpack_newsletter_tier_id":0,"_jetpack_memberships_contains_paywalled_content":false,"_jetpack_memberships_contains_paid_content":false,"footnotes":"","jetpack_publicize_message":"","jetpack_publicize_feature_enabled":true,"jetpack_social_post_already_shared":true,"jetpack_social_options":{"image_generator_settings":{"template":"highway","default_image_id":0,"font":"","enabled":false},"version":2}},"categories":[180],"tags":[],"class_list":["post-13761","post","type-post","status-publish","format-standard","hentry","category-feminista"],"jetpack_publicize_connections":[],"jetpack_featured_media_url":"","jetpack_shortlink":"https:\/\/wp.me\/p659gw-3zX","jetpack-related-posts":[],"jetpack_likes_enabled":true,"jetpack_sharing_enabled":true,"_links":{"self":[{"href":"https:\/\/pcb.org.br\/portal2\/wp-json\/wp\/v2\/posts\/13761","targetHints":{"allow":["GET"]}}],"collection":[{"href":"https:\/\/pcb.org.br\/portal2\/wp-json\/wp\/v2\/posts"}],"about":[{"href":"https:\/\/pcb.org.br\/portal2\/wp-json\/wp\/v2\/types\/post"}],"author":[{"embeddable":true,"href":"https:\/\/pcb.org.br\/portal2\/wp-json\/wp\/v2\/users\/1"}],"replies":[{"embeddable":true,"href":"https:\/\/pcb.org.br\/portal2\/wp-json\/wp\/v2\/comments?post=13761"}],"version-history":[{"count":0,"href":"https:\/\/pcb.org.br\/portal2\/wp-json\/wp\/v2\/posts\/13761\/revisions"}],"wp:attachment":[{"href":"https:\/\/pcb.org.br\/portal2\/wp-json\/wp\/v2\/media?parent=13761"}],"wp:term":[{"taxonomy":"category","embeddable":true,"href":"https:\/\/pcb.org.br\/portal2\/wp-json\/wp\/v2\/categories?post=13761"},{"taxonomy":"post_tag","embeddable":true,"href":"https:\/\/pcb.org.br\/portal2\/wp-json\/wp\/v2\/tags?post=13761"}],"curies":[{"name":"wp","href":"https:\/\/api.w.org\/{rel}","templated":true}]}}