{"id":13763,"date":"2017-03-08T08:30:46","date_gmt":"2017-03-08T11:30:46","guid":{"rendered":"https:\/\/pcb.org.br\/portal2\/?p=13763"},"modified":"2018-03-06T17:26:30","modified_gmt":"2018-03-06T20:26:30","slug":"a-origem-socialista-do-dia-08-de-marco","status":"publish","type":"post","link":"https:\/\/pcb.org.br\/portal2\/13763","title":{"rendered":"A origem socialista do dia 08 de Mar\u00e7o"},"content":{"rendered":"<p><img decoding=\"async\" class=\"imagem\" title=\"imagem\" src=\"https:\/\/lh3.googleusercontent.com\/3dz7EeAFWGui3ONmS3y1FPHJhp7JrWLj0bOQFIy_erH7MHZHkNoR1j0OaY0A6WTQLHcM6ieZr3Zr0fCkmTTc7p1Fvt1Y8wnKEnZ0X11GzsAnqoG8tzzlqgwD6FzS8Qa3nuItLfdHwv3HRcMgdQjuwDyhIuhcggIAW_kX1eQWH3pn_2n3tFiYUMlfUkFrRFn68gnFUfOM5at5WSwMFEAsSvL8wuwDFwBKJ9uTvG7gydIVh0Y_L6goj8OwSCE-eiqIRH7d4nxakUehwRvbL5dNCmBK-hMRqxo1fT503X3_uPJep6Fh7SrQrYmIa9qAh2PJhiM6IkQSob_FPFSui7kr9aUoWe7QjMDMVIgeMUI2xPEfsvUrQrvRPsZ-wzIfcFP6dkzRujjCEfhvh4NDU-X5O1AOO1SNloHf0qUwKenFrnXkQDvAeqgu3rPhHD5Yr7YJR8uLCqYzn7VGFf8lmskUbGa22vfbdHUAu4MHy80bi-DBUMFaY_4P9CxmN1WnLb51SZYb2dJ5pZuuLfO-y_gmlgE1c4lk5yp4TDpIwum9JeOHtELkxuF1NsBH17lb3g5G0L5RnklFrAxTnzw3L5SggW0L-c33sa_y2w5DNS04jjJPCfdfkOWjy6uIjfMAY_KwQq7nxisGye9BENwtIKVusTyXT7M5yJ_WhELLpCo5Ww=w1401-h718-no\" alt=\"imagem\" \/><!--more--><strong>(O PODER POPULAR N\u00ba 18)<\/strong><\/p>\n<p>H\u00e1 cem anos, 200 mil tecel\u00e3s russas em greve percorreram as ruas de Petrogrado em luta pelo fim da I Guerra Mundial, pelo aumento dos sal\u00e1rios, contra a fome e em comemora\u00e7\u00e3o ao Dia Internacional da Mulher Trabalhadora. Era o dia 23 de fevereiro de 1917, 08 de mar\u00e7o pelo calend\u00e1rio ocidental. Poucos dias depois, ocorreu a Revolu\u00e7\u00e3o de Fevereiro, que derrubou o Czar e instalou um governo provis\u00f3rio democr\u00e1tico-burgu\u00eas. Uma etapa decisiva para a Revolu\u00e7\u00e3o Bolchevique de Outubro.<\/p>\n<p>Essa greve deu in\u00edcio a diversos levantes, com as mulheres russas tomando a frente de lutas pelo p\u00e3o e pelo fim da guerra, as quais contribu\u00edram para construir a Revolu\u00e7\u00e3o Socialista. Clara Zetkin, militante do Partido Comunista Alem\u00e3o, j\u00e1 havia proposto em 1910, durante o II Congresso da Mulher Trabalhadora, a necessidade de ser criado um dia em homenagem \u00e0 luta das mulheres. Foi decidido realizar o primeiro Dia Internacional da Mulher em 19 de mar\u00e7o de 1911. Em 1913, a comemora\u00e7\u00e3o foi transferida para 08 de mar\u00e7o.<\/p>\n<blockquote><p>O Oito de Mar\u00e7o \u00e9 o dia que comemora a hist\u00f3ria de luta das mulheres em todo o mundo, uma luta por dignidade, igualdade de direitos e sal\u00e1rios, e tamb\u00e9m por uma sociedade justa e igualit\u00e1ria.<\/p><\/blockquote>\n<p>Hoje, no Brasil, as mulheres recebem os piores sal\u00e1rios e est\u00e3o submetidas \u00e0s piores condi\u00e7\u00f5es de trabalho. As terceiriza\u00e7\u00f5es atingem principalmente as mulheres, em fun\u00e7\u00f5es semelhantes ao servi\u00e7o dom\u00e9stico: s\u00e3o faxineiras, cozinheiras, crecheiras, cuidadoras, copeiras, auxiliares de enfermagem e outras fun\u00e7\u00f5es subalternas.<\/p>\n<p>O desemprego atinge principalmente as mulheres, as primeiras a serem demitidas, pois podem engravidar e \u201conerar\u201d a empresa. Ainda se considera que o sal\u00e1rio da mulher \u00e9 complementar ao do homem, quando, de fato, muitas mulheres s\u00e3o hoje a \u00fanica fonte de renda da casa e sustentam as fam\u00edlias mais pobres. A situa\u00e7\u00e3o se agrava para a mulher negra, que recebe os sal\u00e1rios mais baixos do pa\u00eds e realiza os trabalhos mais prec\u00e1rios.<br \/>\nAs medidas de ajuste, adotadas desde o governo Dilma, atingem frontalmente as trabalhadoras, que t\u00eam mais dificuldade em conseguir o seguro desemprego e restri\u00e7\u00f5es \u00e0 pens\u00e3o por morte do marido. No governo Temer, o congelamento por vinte anos dos gastos p\u00fablicos prejudicar\u00e1 setores j\u00e1 combalidos como a sa\u00fade e a educa\u00e7\u00e3o. A retirada de direitos trabalhistas e a proposta de reforma da previd\u00eancia atingir\u00e3o em cheio as trabalhadoras, cuja idade m\u00ednima para aposentadoria passar\u00e1 para 65 anos, mesma idade dos homens. Alega-se que as mulheres vivem mais que os homens, sem considerar as m\u00faltiplas jornadas enfrentadas por elas no seu dia a dia.<\/p>\n<p>A legaliza\u00e7\u00e3o do aborto continua um tabu e enfrenta retrocessos no Congresso Nacional, com a proposta do Direito do Nascituro, que pretende criar obst\u00e1culos para que as v\u00edtimas de estupro possam abortar. Querem criminalizar os profissionais de sa\u00fade que assistem as mulheres nesses casos e proibir a distribui\u00e7\u00e3o da p\u00edlula do dia seguinte para as v\u00edtimas, ignorando que o aborto clandestino \u00e9 a quarta causa de mortalidade materna no pa\u00eds.<\/p>\n<p>As mulheres continuam sendo submetidas a v\u00e1rias viol\u00eancias cotidianas: a viol\u00eancia dom\u00e9stica, caracterizada por agress\u00f5es f\u00edsicas e psicol\u00f3gicas, estupros e muitas vezes feminic\u00eddio, o ass\u00e9dio moral e sexual nos ambientes de trabalho, o abuso cotidiano dentro dos transportes coletivos, a cultura do estupro. O patriarcado e a consequente opress\u00e3o das mulheres \u00e9 milenar e antecede em muito o capitalismo, mas este sistema aumenta a explora\u00e7\u00e3o das mulheres, colocando-as em situa\u00e7\u00e3o de inferioridade. Por isso, as comunistas afirmam que a luta pela igualdade das mulheres passa pela luta contra o capitalismo.<\/p>\n<blockquote><p>Somente numa sociedade sem explora\u00e7\u00e3o, a sociedade socialista, mulheres e homens poder\u00e3o se emancipar de todas as opress\u00f5es e da domina\u00e7\u00e3o de classe, g\u00eanero e ra\u00e7a\/etnia<\/p><\/blockquote>\n<p>O Dia Internacional de Mulher traz \u00e0 luz a coragem de grandes feministas e comunistas que sacrificaram seu trabalho, sua fam\u00edlia e suas pr\u00f3prias vidas na luta pela dignidade de todas as mulheres e pela emancipa\u00e7\u00e3o humana. Deve, tamb\u00e9m, nos lembrar das dificuldades di\u00e1rias de nossas companheiras, amigas, m\u00e3es, irm\u00e3s e de todas as mulheres da classe trabalhadora, nos mostrando que ainda h\u00e1 muito a se fazer, nos fortalecendo para nos organizarmos coletivamente e darmos continuidade a essa grande batalha.<\/p>\n","protected":false},"excerpt":{"rendered":"<a class=\"moretag\" href=\"https:\/\/pcb.org.br\/portal2\/13763\"> <\/a>","protected":false},"author":1,"featured_media":0,"comment_status":"closed","ping_status":"closed","sticky":false,"template":"","format":"standard","meta":{"jetpack_post_was_ever_published":false,"_jetpack_newsletter_access":"","_jetpack_dont_email_post_to_subs":true,"_jetpack_newsletter_tier_id":0,"_jetpack_memberships_contains_paywalled_content":false,"_jetpack_memberships_contains_paid_content":false,"footnotes":"","jetpack_publicize_message":"","jetpack_publicize_feature_enabled":true,"jetpack_social_post_already_shared":true,"jetpack_social_options":{"image_generator_settings":{"template":"highway","default_image_id":0,"font":"","enabled":false},"version":2}},"categories":[180,140],"tags":[221],"class_list":["post-13763","post","type-post","status-publish","format-standard","hentry","category-feminista","category-c140-jornal-o-poder-popular","tag-2a"],"jetpack_publicize_connections":[],"jetpack_featured_media_url":"","jetpack_shortlink":"https:\/\/wp.me\/p659gw-3zZ","jetpack-related-posts":[],"jetpack_likes_enabled":true,"jetpack_sharing_enabled":true,"_links":{"self":[{"href":"https:\/\/pcb.org.br\/portal2\/wp-json\/wp\/v2\/posts\/13763","targetHints":{"allow":["GET"]}}],"collection":[{"href":"https:\/\/pcb.org.br\/portal2\/wp-json\/wp\/v2\/posts"}],"about":[{"href":"https:\/\/pcb.org.br\/portal2\/wp-json\/wp\/v2\/types\/post"}],"author":[{"embeddable":true,"href":"https:\/\/pcb.org.br\/portal2\/wp-json\/wp\/v2\/users\/1"}],"replies":[{"embeddable":true,"href":"https:\/\/pcb.org.br\/portal2\/wp-json\/wp\/v2\/comments?post=13763"}],"version-history":[{"count":0,"href":"https:\/\/pcb.org.br\/portal2\/wp-json\/wp\/v2\/posts\/13763\/revisions"}],"wp:attachment":[{"href":"https:\/\/pcb.org.br\/portal2\/wp-json\/wp\/v2\/media?parent=13763"}],"wp:term":[{"taxonomy":"category","embeddable":true,"href":"https:\/\/pcb.org.br\/portal2\/wp-json\/wp\/v2\/categories?post=13763"},{"taxonomy":"post_tag","embeddable":true,"href":"https:\/\/pcb.org.br\/portal2\/wp-json\/wp\/v2\/tags?post=13763"}],"curies":[{"name":"wp","href":"https:\/\/api.w.org\/{rel}","templated":true}]}}