{"id":13886,"date":"2017-03-19T15:21:46","date_gmt":"2017-03-19T18:21:46","guid":{"rendered":"https:\/\/pcb.org.br\/portal2\/?p=13886"},"modified":"2017-03-31T13:37:11","modified_gmt":"2017-03-31T16:37:11","slug":"a-podridao-do-agronegocio-e-a-necessidade-de-defender-a-agribras","status":"publish","type":"post","link":"https:\/\/pcb.org.br\/portal2\/13886","title":{"rendered":"A podrid\u00e3o do agroneg\u00f3cio e a necessidade de defender a \u201cAgriBras\u201d"},"content":{"rendered":"<p><img decoding=\"async\" class=\"imagem\" title=\"imagem\" src=\"https:\/\/pbs.twimg.com\/media\/CKEAxaLXAAABj82.png:large\" alt=\"imagem\" \/>Gabriel M. Colombo de Freitas*<\/p>\n<p>A opera\u00e7\u00e3o &#8220;Carne Fraca&#8221; da PF exaspera a necessidade de se criar uma empresa p\u00fablico-estatal de agricultura e alimenta\u00e7\u00e3o, a \u201cAgriBras\u201d, para colocar a produ\u00e7\u00e3o de alimentos ao servi\u00e7o dos trabalhadores.<!--more--><\/p>\n<p>A venda de carnes vencidas e podres \u00e9 um dos resultados do dom\u00ednio do capital sobre a produ\u00e7\u00e3o da nossa comida. Passa a predominar o interesse em elevar os lucros por quaisquer meios, enquanto a qualidade dos alimentos e a conserva\u00e7\u00e3o dos recursos naturais passam a segundo plano ou se restringem a produtos que atendem &#8220;nichos de mercado&#8221;.<\/p>\n<p>Por outro lado, a liberaliza\u00e7\u00e3o da agricultura acompanhada da subordina\u00e7\u00e3o aos mercados globais de <em>commodities<\/em> aliena a produ\u00e7\u00e3o de alimentos das necessidades da popula\u00e7\u00e3o. A cada ano, aumentam as \u00e1reas plantadas com soja, cana-de-a\u00e7\u00facar e eucalipto, por exemplo, enquanto diminuem as \u00e1reas de arroz e feij\u00e3o [1]. Como consequ\u00eancia, passamos a depender mais da importa\u00e7\u00e3o de alimentos b\u00e1sicos e ficamos mais vulner\u00e1veis \u00e0s oscila\u00e7\u00f5es de pre\u00e7o do mercado internacional, como o sens\u00edvel aumento do pre\u00e7o do feij\u00e3o em 2016. Outra consequ\u00eancia da liberaliza\u00e7\u00e3o da agricultura \u00e9 a &#8220;queima de produ\u00e7\u00e3o&#8221; para diminuir os estoques e elevar o pre\u00e7o de mercado, a fim de assegurar os lucros. \u00c9 o que acontece frequentemente com o tomate.<br \/>\nA quest\u00e3o central para defender a estatiza\u00e7\u00e3o da agricultura, me parece, \u00e9 que os pilares da hegemonia do capitalismo no campo, a grande propriedade da terra e a moderniza\u00e7\u00e3o da agricultura, s\u00e3o PODRES como as carnes da JBS:<\/p>\n<p>&#8211; As grandes propriedades de terra s\u00e3o resultado da expropria\u00e7\u00e3o violenta de camponeses e popula\u00e7\u00f5es tradicionais [2] e da grilagem de terras p\u00fablicas [3]. N\u00e3o bastasse, muitas vezes s\u00e3o produto do desmatamento ilegal.<\/p>\n<p>&#8211; A expans\u00e3o do capital no campo foi consolidada com a Ditadura Civil-Militar e \u00e9 calcada no Estado at\u00e9 hoje, a partir de subs\u00eddios fiscais e cr\u00e9ditos p\u00fablicos. Por exemplo: o Plano Safra 2016\/2017 \u00e9 de 185 bilh\u00f5es de reais [4]; os investimentos do BNDES nas agroind\u00fastrias [5]; a isen\u00e7\u00e3o de ICMS sobre a soja em gr\u00e3o e processada destinada \u00e0 exporta\u00e7\u00e3o [6].<\/p>\n<p>Ao inv\u00e9s de atender os interesses privados dos propriet\u00e1rios de terra e capitalistas da agricultura, o Estado deve expropriar as terras griladas e investir os recursos que hoje financiam o agroneg\u00f3cio na \u201cAgriBras\u201d. O objetivo desta empresa estatal \u00e9 organizar a produ\u00e7\u00e3o de alimentos, fibras e madeiras nas terras p\u00fablicas, de acordo com as necessidades da popula\u00e7\u00e3o e interesse dos trabalhadores; gerar condi\u00e7\u00f5es dignas de trabalho e empregos com remunera\u00e7\u00e3o adequada no campo; produzir alimentos de qualidade preservando o meio ambiente e sem pressionar as terras do campesinato e das popula\u00e7\u00f5es tradicionais.<\/p>\n<p>Cabe observar que a \u201cAgriBras\u201d \u00e9 uma das propostas para a resolu\u00e7\u00e3o da quest\u00e3o agr\u00e1ria brasileira, adequada ao atual est\u00e1gio de desenvolvimento das for\u00e7as produtivas na agricultura, em que est\u00e3o dadas as condi\u00e7\u00f5es tecnol\u00f3gicas da produ\u00e7\u00e3o em solo nacionalizado.<\/p>\n<p>[1] <a href=\"http:\/\/www.conab.gov.br\/OlalaCMS\/uploads\/arquivos\/17_02_24_11_49_40_revista_indicadores_da_agropecuaria_-_versao_final_internet.pdf\" target=\"_blank\">http:\/\/www.conab.gov.br\/<wbr \/>OlalaCMS\/uploads\/arquivos\/17_<wbr \/>02_24_11_49_40_revista_<wbr \/>indicadores_da_agropecuaria_-_<wbr \/>versao_final_internet.pdf<\/a><br \/>\n[2] <a href=\"https:\/\/www.cptnacional.org.br\/index.php\/component\/jdownloads\/send\/41-conflitos-no-campo-brasil-publicacao\/14019-conflitos-no-campo-brasil-2015?option=com_jdownloads\" target=\"_blank\">https:\/\/www.cptnacional.<wbr \/>org.br\/index.php\/component\/<wbr \/>jdownloads\/send\/41-conflitos-<wbr \/>no-campo-brasil-publicacao\/<wbr \/>14019-conflitos-no-campo-<wbr \/>brasil-2015?option=com_<wbr \/>jdownloads<\/a><br \/>\n[3] <a href=\"https:\/\/www.cartacapital.com.br\/sustentabilidade\/metade-dos-documentos-de-posse-de-terra-no-brasil-e-ilegal-7116.html\" target=\"_blank\" data-saferedirecturl=\"https:\/\/www.google.com\/url?hl=pt-BR&amp;q=https:\/\/www.cartacapital.com.br\/sustentabilidade\/metade-dos-documentos-de-posse-de-terra-no-brasil-e-ilegal-7116.html&amp;source=gmail&amp;ust=1490028736037000&amp;usg=AFQjCNE8CP2w1AvAuEn1uyCQhbFSvGXpMA\">https:\/\/www.cartacapital.<wbr \/>com.br\/sustentabilidade\/<wbr \/>metade-dos-documentos-de-<wbr \/>posse-de-terra-no-brasil-e-<wbr \/>ilegal-7116.html<\/a><br \/>\n[4] <a href=\"http:\/\/www.sistemafaep.org.br\/mapa-redimensiona-o-plano-safra-e-valor-cai-r-17-bi.html\" target=\"_blank\">http:\/\/www.sistemafaep.<wbr \/>org.br\/mapa-redimensiona-o-<wbr \/>plano-safra-e-valor-cai-r-17-<wbr \/>bi.html<\/a><br \/>\n[5] <a href=\"http:\/\/oglobo.globo.com\/economia\/gigantes-do-setor-jbs-brf-tiveram-empurrao-do-bndes-21078821\" target=\"_blank\">http:\/\/oglobo.globo.com\/<wbr \/>economia\/gigantes-do-setor-<wbr \/>jbs-brf-tiveram-empurrao-do-<wbr \/>bndes-21078821<\/a><br \/>\n[6] <a href=\"http:\/\/www.gazetadopovo.com.br\/agronegocio\/agricultura\/tributacao-assombra-setor-da-soja-6hg75nzr5a6lqbhu3ehx1ghy5\" target=\"_blank\">http:\/\/www.gazetadopovo.<wbr \/>com.br\/agronegocio\/<wbr \/>agricultura\/tributacao-<wbr \/>assombra-setor-da-soja-<wbr \/>6hg75nzr5a6lqbhu3ehx1ghy5<\/a><\/p>\n<div>\n<hr \/>\n<p>*Engenheiro Agr\u00f4nomo, mestrando em Ecologia Aplicada na ESALQ\/USP; secret\u00e1rio pol\u00edtico do PCB-Piracicaba<\/p>\n<\/div>\n","protected":false},"excerpt":{"rendered":"Gabriel M. Colombo de Freitas* A opera\u00e7\u00e3o &#8220;Carne Fraca&#8221; da PF exaspera a necessidade de se criar uma empresa p\u00fablico-estatal de agricultura e \n<a class=\"moretag\" href=\"https:\/\/pcb.org.br\/portal2\/13886\"> <\/a>","protected":false},"author":1,"featured_media":0,"comment_status":"closed","ping_status":"closed","sticky":false,"template":"","format":"standard","meta":{"jetpack_post_was_ever_published":false,"_jetpack_newsletter_access":"","_jetpack_dont_email_post_to_subs":true,"_jetpack_newsletter_tier_id":0,"_jetpack_memberships_contains_paywalled_content":false,"_jetpack_memberships_contains_paid_content":false,"footnotes":"","jetpack_publicize_message":"","jetpack_publicize_feature_enabled":true,"jetpack_social_post_already_shared":true,"jetpack_social_options":{"image_generator_settings":{"template":"highway","default_image_id":0,"font":"","enabled":false},"version":2}},"categories":[7],"tags":[],"class_list":["post-13886","post","type-post","status-publish","format-standard","hentry","category-s8-brasil"],"jetpack_publicize_connections":[],"jetpack_featured_media_url":"","jetpack_shortlink":"https:\/\/wp.me\/p659gw-3BY","jetpack-related-posts":[],"jetpack_likes_enabled":true,"jetpack_sharing_enabled":true,"_links":{"self":[{"href":"https:\/\/pcb.org.br\/portal2\/wp-json\/wp\/v2\/posts\/13886","targetHints":{"allow":["GET"]}}],"collection":[{"href":"https:\/\/pcb.org.br\/portal2\/wp-json\/wp\/v2\/posts"}],"about":[{"href":"https:\/\/pcb.org.br\/portal2\/wp-json\/wp\/v2\/types\/post"}],"author":[{"embeddable":true,"href":"https:\/\/pcb.org.br\/portal2\/wp-json\/wp\/v2\/users\/1"}],"replies":[{"embeddable":true,"href":"https:\/\/pcb.org.br\/portal2\/wp-json\/wp\/v2\/comments?post=13886"}],"version-history":[{"count":0,"href":"https:\/\/pcb.org.br\/portal2\/wp-json\/wp\/v2\/posts\/13886\/revisions"}],"wp:attachment":[{"href":"https:\/\/pcb.org.br\/portal2\/wp-json\/wp\/v2\/media?parent=13886"}],"wp:term":[{"taxonomy":"category","embeddable":true,"href":"https:\/\/pcb.org.br\/portal2\/wp-json\/wp\/v2\/categories?post=13886"},{"taxonomy":"post_tag","embeddable":true,"href":"https:\/\/pcb.org.br\/portal2\/wp-json\/wp\/v2\/tags?post=13886"}],"curies":[{"name":"wp","href":"https:\/\/api.w.org\/{rel}","templated":true}]}}