{"id":13909,"date":"2017-03-23T14:57:02","date_gmt":"2017-03-23T17:57:02","guid":{"rendered":"https:\/\/pcb.org.br\/portal2\/?p=13909"},"modified":"2017-04-08T16:24:26","modified_gmt":"2017-04-08T19:24:26","slug":"a-odebrecht-e-o-trabalho-escravo","status":"publish","type":"post","link":"https:\/\/pcb.org.br\/portal2\/13909","title":{"rendered":"A Odebrecht e o trabalho escravo"},"content":{"rendered":"<p><img decoding=\"async\" class=\"imagem\" title=\"imagem\" src=\"https:\/\/lh3.googleusercontent.com\/xLt5mMHok9SkRC5ogC2WT8gmbqJb4ZSUtT1eyRKJCpcJ10I3zbmN0i8QZGamdxL9uoRKSaf_-mGe3GuHFYLYHX1BPPC5ZxYLGQ5zqc4Yw3ZfSE8wiVEsBkpVZPg1BEb3puzWJkIg0HBpDJEvPN27x-ex4LMty-mxIZgqbLzUmA-KVy0o_rYZiN5EU09yxyCbDrh_DrIzQJ-42MzSEv2yMKicvQ2f8SMoeMNqfQ_bolSRUKusTV0TV2tdCAu_3D1nODlbE6dbOAe6bqS-rfTqlfmIum2rpQPbdkr__gdloz22Ef_mkBm-KoveaXmJ2CDBJLf9SJU5mJLeiga1facyh_G4v4-BD78pjCBigxfIaa0euFLsG0xLi-b34bWPBKgOc5v3zrmH-D1Y-ImDfYLOaLyzXsHNdangiPxxCC4oZd3-2VdGlFh2PmY9oZHHaYUoAe6DCX38dsYYi7yPRVJDlmkwMUgsFliniU1dPB_Gq8YuwbTvGiHZ-jNjYtjkBcGCKycORD5IzkY1cbfpbpmkotCJXaUO2E2G4X8ULOeANk5oahSxmV-6o43LFuWgpuhlkaOlt2wboomVw5s5ZShsYGW39oWuyO-mMZrsYSzwZb4dX65gWWOR=w600-h453-no\" alt=\"imagem\" \/>Em resposta a a\u00e7\u00e3o movida pelo Minist\u00e9rio P\u00fablico do Trabalho, a construtora Odebrecht optou por fechar um acordo de R$ 30 milh\u00f5es com o governo para evitar uma condena\u00e7\u00e3o pelo uso de trabalho escravo em suas obras em Angola. Esse acordo se d\u00e1 ao mesmo tempo em que deixou de ser publicada pelo governo federal, desde 2015, a \u201clista suja\u201d que continha indica\u00e7\u00f5es de trabalho escravo no Brasil, o que causou uma redu\u00e7\u00e3o de 61% no n\u00famero de trabalhadores resgatados, tendo ca\u00eddo, tamb\u00e9m, o n\u00famero de condena\u00e7\u00f5es dos respons\u00e1veis. Em 2014, o n\u00famero de trabalhadores resgatados foi de 1.752, em 175 opera\u00e7\u00f5es policiais.<!--more--><\/p>\n<p>A exist\u00eancia de trabalho escravo no Brasil, assim como o uso de escravos por empresas brasileiras em outros pa\u00edses, \u00e9 inaceit\u00e1vel. Trata-se de crime hediondo, causado pela busca do lucro a qualquer pre\u00e7o pelas empresas sem qualquer respeito \u00e0 sociedade e \u00e0 condi\u00e7\u00e3o humana. Empresas que cometem esse crime devem ser estatizadas. Para os empres\u00e1rios envolvidos, o c\u00e1rcere.<\/p>\n<p>No momento atual, em que alguns grupamentos de \u201cesquerda\u201d chegam ao c\u00famulo de fazer a defesa de empres\u00e1rios brasileiros contra uma pretensa tramoia do imperialismo \u00e0 \u201cind\u00fastria nacional\u201d, esquecendo-se de que o jogo do capitalismo \u00e9 esse mesmo, em que prevalece a competi\u00e7\u00e3o desenfreada e sem escr\u00fapulos em todo o mundo, nossa postura continuar\u00e1 sendo a de, acima de tudo, defender os interesses da classe trabalhadora contra a explora\u00e7\u00e3o capitalista e denunciar sempre os ataques do capital aos direitos duramente conquistados pelos trabalhadores.<\/p>\n<hr \/>\n<p><strong>Trump corta verbas sociais<\/strong><\/p>\n<p>A proposta or\u00e7ament\u00e1ria enviada pelo presidente estadunidense Donald Trump ao Congresso confirma as grandes linhas de sua plataforma pol\u00edtica. Foram cortadas, em 31%, verbas da Ag\u00eancia Ambiental, do Departamento de Estado, em 29% (com destaque para os programas de aux\u00edlio no exterior), da Agricultura, em 21%, do Trabalho, em 21% e da Sa\u00fade e Servi\u00e7os Humanos, em 18%. Ao mesmo tempo, aumentam em 7%, os gastos com os Veteranos de guerra, da Seguran\u00e7a interna, em 6%, e em 9% na Defesa.<\/p>\n<p>O movimento \u00e9 claro: menos gastos sociais, desprezo pela agenda ambiental, mais militarismo (para impulsionar a economia privada e fortalecer a proje\u00e7\u00e3o de poder no exterior pela via militar), com o fortalecimento do car\u00e1ter policialesco do Estado Americano.<\/p>\n<p>O discurso pseudopopulista de Trump, marcado pela express\u00e3o \u201cAmerica First\u201d (EUA em primeiro lugar), proferido aparentemente com a inten\u00e7\u00e3o de beneficiar os trabalhadores americanos desempregados, que levou a tentativas de fechar as fronteiras para imigrantes, entre outras iniciativas, caiu por terra. Trump governa para o grande capital.<\/p>\n<p><strong>STF retira sigilo de julgamentos da ditadura<\/strong><\/p>\n<p>Conforme mat\u00e9ria de <em>O Globo<\/em>, de 17 de mar\u00e7o \u00faltimo, o Supremo Tribunal Federal concedeu a um advogado o direito de ter acesso a todos os julgamentos realizados na d\u00e9cada de 1970 pelo superior Tribunal Militar. \u00c9 a primeira vez que se permitir\u00e1 o acesso aos registros dos julgamentos secretos realizados pelo STM, o que poder\u00e1 abrir caminho para outras a\u00e7\u00f5es semelhantes e, em seguida, para a consulta p\u00fablica a todos os arquivos da ditadura, mantidos fechados, at\u00e9 hoje, devido, principalmente, \u00e0 forma pela qual se deu a transi\u00e7\u00e3o para o fim da ditadura, no Brasil, de car\u00e1ter negociado, mantendo intocados os torturadores e garantindo sigilo para outras a\u00e7\u00f5es repressivas empreendidas pelo Estado naquele per\u00edodo.<\/p>\n","protected":false},"excerpt":{"rendered":"Em resposta a a\u00e7\u00e3o movida pelo Minist\u00e9rio P\u00fablico do Trabalho, a construtora Odebrecht optou por fechar um acordo de R$ 30 milh\u00f5es com \n<a class=\"moretag\" href=\"https:\/\/pcb.org.br\/portal2\/13909\"> <\/a>","protected":false},"author":1,"featured_media":0,"comment_status":"closed","ping_status":"closed","sticky":false,"template":"","format":"standard","meta":{"jetpack_post_was_ever_published":false,"_jetpack_newsletter_access":"","_jetpack_dont_email_post_to_subs":true,"_jetpack_newsletter_tier_id":0,"_jetpack_memberships_contains_paywalled_content":false,"_jetpack_memberships_contains_paid_content":false,"footnotes":"","jetpack_publicize_message":"","jetpack_publicize_feature_enabled":true,"jetpack_social_post_already_shared":true,"jetpack_social_options":{"image_generator_settings":{"template":"highway","default_image_id":0,"font":"","enabled":false},"version":2}},"categories":[100],"tags":[],"class_list":["post-13909","post","type-post","status-publish","format-standard","hentry","category-c113-a-semana-no-olhar-comunista"],"jetpack_publicize_connections":[],"jetpack_featured_media_url":"","jetpack_shortlink":"https:\/\/wp.me\/p659gw-3Cl","jetpack-related-posts":[],"jetpack_likes_enabled":true,"jetpack_sharing_enabled":true,"_links":{"self":[{"href":"https:\/\/pcb.org.br\/portal2\/wp-json\/wp\/v2\/posts\/13909","targetHints":{"allow":["GET"]}}],"collection":[{"href":"https:\/\/pcb.org.br\/portal2\/wp-json\/wp\/v2\/posts"}],"about":[{"href":"https:\/\/pcb.org.br\/portal2\/wp-json\/wp\/v2\/types\/post"}],"author":[{"embeddable":true,"href":"https:\/\/pcb.org.br\/portal2\/wp-json\/wp\/v2\/users\/1"}],"replies":[{"embeddable":true,"href":"https:\/\/pcb.org.br\/portal2\/wp-json\/wp\/v2\/comments?post=13909"}],"version-history":[{"count":0,"href":"https:\/\/pcb.org.br\/portal2\/wp-json\/wp\/v2\/posts\/13909\/revisions"}],"wp:attachment":[{"href":"https:\/\/pcb.org.br\/portal2\/wp-json\/wp\/v2\/media?parent=13909"}],"wp:term":[{"taxonomy":"category","embeddable":true,"href":"https:\/\/pcb.org.br\/portal2\/wp-json\/wp\/v2\/categories?post=13909"},{"taxonomy":"post_tag","embeddable":true,"href":"https:\/\/pcb.org.br\/portal2\/wp-json\/wp\/v2\/tags?post=13909"}],"curies":[{"name":"wp","href":"https:\/\/api.w.org\/{rel}","templated":true}]}}