{"id":13921,"date":"2017-03-24T08:26:18","date_gmt":"2017-03-24T11:26:18","guid":{"rendered":"https:\/\/pcb.org.br\/portal2\/?p=13921"},"modified":"2017-04-08T16:24:30","modified_gmt":"2017-04-08T19:24:30","slug":"95-anos-do-pcb-viva-o-partido-comunista-brasileiro","status":"publish","type":"post","link":"https:\/\/pcb.org.br\/portal2\/13921","title":{"rendered":"95 anos do PCB. Viva o Partido Comunista Brasileiro!"},"content":{"rendered":"<p><img decoding=\"async\" class=\"imagem\" title=\"imagem\" src=\"https:\/\/lh3.googleusercontent.com\/k92LWh49IbjsKbIDopHwEJushqYTBPXA0xl3vsHdbVqJR39SId_OdQXkVJ7mMo_6LjjUNyw2qNEqa_Ltn9g0KSXHCJUOJkl60Qo25-UJdTYTlHIaXJHmOL9EJR4ABxXWmQufYIaoahXfDz04AWXW_ZmDd0WeQtoTD3adK_oe62L5XUX8fXYsUInZE-mWUzHrrBp41gGj0r2ZfAspQctdbxEHCdBFNUqlnx89a_0oFknHc2yftZoUVf42s9pvFHejEiZx2Rwv3dOssTpucGZi0FiTQkNntLrcz5gWrsIsE2v5bhC8EiH8gMJFGHUfq05_S3GyKIk72A0XCC6rq6GYO1KYJaqPY3OKBZDeaumOYBx-RyC8SObVJGwZ6DZUDTdQvhiPieWLSdX-VOEOdK6hxEGj7PVRmSO4MBNPqu28CfG5-6Ri1S0MbebHJ0yINtLRB94unrsat4UH90tAWYGY5pKAI8VifuydPcfgrahsTbc9ZL21WHk2fZm_DE4oaYJlEa3hSzYdDQ-Zy81o9BocHe1GytM4DjOITjV0m1BbWSVPmjxgVEAsi0J8VCa_NtdmxpGvBriJT3fuJNFWyZJNeGDZxrjtafP6IFyO1BHYUXAFP1ikwrHS3JqTeiyVJGooYZ0D_MjeqTFBwMnazOhN6Q2DM3GII7aVtBejlGAFPw=w1285-h984-no\" alt=\"imagem\" \/>Oneider Vargas*<\/p>\n<p>Comemorar os 95 anos de exist\u00eancia do PCB significa mais que um j\u00fabilo, \u00e9 um tributo de honra aos homens e mulheres que, no distante ano de 1922, embalados por um ideal revolucion\u00e1rio, ousaram organizar-se em Partido com o prop\u00f3sito de construir uma sociedade livre da explora\u00e7\u00e3o do homem pelo<\/p>\n<p><!--more--><\/p>\n<p>homem, uma sociedade socialista. A vit\u00f3ria da revolu\u00e7\u00e3o bolchevique na R\u00fassia alimentou a esperan\u00e7a dos trabalhadores brasileiros e do mundo de supera\u00e7\u00e3o\u00a0do capitalismo, vencendo as for\u00e7as retr\u00f3gradas da\u00a0burguesia\u00a0em uma luta de classes at\u00e9 as \u00faltimas consequ\u00eancias.<\/p>\n<p>No per\u00edodo seguinte, o\u00a0PCB se torna importante for\u00e7a pol\u00edtica na luta contra o Estado Novo e pela redemocratiza\u00e7\u00e3o, considerando-se que foi basicamente a partir de 1942 que o Partido come\u00e7ou\u00a0a se reorganizar logo ap\u00f3s longo per\u00edodo de clandestinidade que se seguiu\u00a0ap\u00f3s o levante de 1935. A obstina\u00e7\u00e3o dos comunistas em sua luta junto \u00e0\u00a0classe oper\u00e1ria\u00a0os impelia\u00a0a se reorganizar, e foi assim na chamada Confer\u00eancia da Mantiqueira, que clandestinamente reuniu delegados de todo o pa\u00eds\u00a0para dar continuidade \u00e0 organiza\u00e7\u00e3o partid\u00e1ria em n\u00edvel nacional.\u00a0Por\u00e9m, seus militantes n\u00e3o teriam\u00a0muito tempo de vida legal, pois logo ser\u00e3o surpreendidos com as cassa\u00e7\u00f5es em 1948 e a volta \u00e0\u00a0clandestinidade, perda de todos os mandatos parlamentares e repress\u00e3o.<\/p>\n<p>A hist\u00f3ria do Partido tornou-se uma saga de vit\u00f3rias e derrotas, contudo, sempre encontrando for\u00e7as que mantivessem sua vig\u00eancia, sendo o mais antigo partido\u00a0em atividade\u00a0no Brasil. Assim, dessa forma, a reconstru\u00e7\u00e3o do Partido chega at\u00e9 nosso dias, quando decidimos estar com aqueles que lutam at\u00e9 a vit\u00f3ria, comemorando os cem anos da primeira revolu\u00e7\u00e3o que edificou o poder dos sovietes, sob a dire\u00e7\u00e3o revolucion\u00e1ria de oper\u00e1rios, camponeses e soldados e da juventude.<\/p>\n<p>Comemoramos lutando, pois, enquanto no Brasil 17,6 milh\u00f5es de crian\u00e7as vivem ainda em prec\u00e1rias habita\u00e7\u00f5es, onde a corrup\u00e7\u00e3o capitalista saqueia a popula\u00e7\u00e3o, e a repress\u00e3o\u00a0 volta-se contra esse mesmo povo, os comunistas estar\u00e3o na luta junto aos trabalhadores e trabalhadoras brasileiros e solid\u00e1rios com\u00a0todos os povos do mundo que enfrentam as guerras imperialistas e a barb\u00e1rie da sociedade burguesa.<\/p>\n<p>Vida longa aos que lutam! Viva o PCB! Viva o socialismo,\u00a0rumo ao comunismo!<\/p>\n<p>*\u00c9 membro do Comit\u00ea Central do PCB.<\/p>\n","protected":false},"excerpt":{"rendered":"Oneider Vargas* Comemorar os 95 anos de exist\u00eancia do PCB significa mais que um j\u00fabilo, \u00e9 um tributo de honra aos homens e \n<a class=\"moretag\" href=\"https:\/\/pcb.org.br\/portal2\/13921\"> <\/a>","protected":false},"author":1,"featured_media":0,"comment_status":"closed","ping_status":"closed","sticky":false,"template":"","format":"standard","meta":{"jetpack_post_was_ever_published":false,"_jetpack_newsletter_access":"","_jetpack_dont_email_post_to_subs":true,"_jetpack_newsletter_tier_id":0,"_jetpack_memberships_contains_paywalled_content":false,"_jetpack_memberships_contains_paid_content":false,"footnotes":"","jetpack_publicize_message":"","jetpack_publicize_feature_enabled":true,"jetpack_social_post_already_shared":true,"jetpack_social_options":{"image_generator_settings":{"template":"highway","default_image_id":0,"font":"","enabled":false},"version":2}},"categories":[5],"tags":[],"class_list":["post-13921","post","type-post","status-publish","format-standard","hentry","category-s4-pcb"],"jetpack_publicize_connections":[],"jetpack_featured_media_url":"","jetpack_shortlink":"https:\/\/wp.me\/p659gw-3Cx","jetpack-related-posts":[],"jetpack_likes_enabled":true,"jetpack_sharing_enabled":true,"_links":{"self":[{"href":"https:\/\/pcb.org.br\/portal2\/wp-json\/wp\/v2\/posts\/13921","targetHints":{"allow":["GET"]}}],"collection":[{"href":"https:\/\/pcb.org.br\/portal2\/wp-json\/wp\/v2\/posts"}],"about":[{"href":"https:\/\/pcb.org.br\/portal2\/wp-json\/wp\/v2\/types\/post"}],"author":[{"embeddable":true,"href":"https:\/\/pcb.org.br\/portal2\/wp-json\/wp\/v2\/users\/1"}],"replies":[{"embeddable":true,"href":"https:\/\/pcb.org.br\/portal2\/wp-json\/wp\/v2\/comments?post=13921"}],"version-history":[{"count":0,"href":"https:\/\/pcb.org.br\/portal2\/wp-json\/wp\/v2\/posts\/13921\/revisions"}],"wp:attachment":[{"href":"https:\/\/pcb.org.br\/portal2\/wp-json\/wp\/v2\/media?parent=13921"}],"wp:term":[{"taxonomy":"category","embeddable":true,"href":"https:\/\/pcb.org.br\/portal2\/wp-json\/wp\/v2\/categories?post=13921"},{"taxonomy":"post_tag","embeddable":true,"href":"https:\/\/pcb.org.br\/portal2\/wp-json\/wp\/v2\/tags?post=13921"}],"curies":[{"name":"wp","href":"https:\/\/api.w.org\/{rel}","templated":true}]}}