{"id":13930,"date":"2017-03-27T20:05:06","date_gmt":"2017-03-27T23:05:06","guid":{"rendered":"https:\/\/pcb.org.br\/portal2\/?p=13930"},"modified":"2017-04-08T16:24:44","modified_gmt":"2017-04-08T19:24:44","slug":"deficit-da-previdencia-temer-tem-15-dias-para-explicar-o-inexplicavel","status":"publish","type":"post","link":"https:\/\/pcb.org.br\/portal2\/13930","title":{"rendered":"D\u00e9ficit da Previd\u00eancia: Temer tem 15 dias para explicar o inexplic\u00e1vel"},"content":{"rendered":"<p><img decoding=\"async\" class=\"imagem\" title=\"imagem\" src=\"https:\/\/ci4.googleusercontent.com\/proxy\/ypd7MDgGuWhBfEZfVD0N1kSXmR08bhCGBEsRVUbFR1gHxPt8743dGKvrG7OSf5IRq5ozRWuHe2DZn0QxNjiS3GCzKak0Hb8T6u-loG10Av2Gxgrgnc1HRPP1SRh3SHm3uqKEhJ9GMl5aXfnOg1uCrw=s0-d-e1-ft#https:\/\/jornalistaslivres.org\/wp-content\/uploads\/2017\/03\/03_previdencia_geral-1250x596.jpg\" alt=\"imagem\" \/>por <a href=\"https:\/\/jornalistaslivres.org\/author\/cesarlocatelli\/\" target=\"_blank\" rel=\"author\">Cesar Locatelli<\/a><\/p>\n<p>H\u00e1 anos, v\u00e1rios especialistas v\u00eam afirmando que o d\u00e9ficit da Previd\u00eancia Social \u00e9 uma pe\u00e7a de fic\u00e7\u00e3o. As receitas superam as despesas, mesmo com em momentos de crise, como de verifica no gr\u00e1fico abaixo, elaborado pela Associa\u00e7\u00e3o Nacional dos Auditores-Fiscais da Receita Federal do Brasil (ANFIP).<!--more--><\/p>\n<p>O governo, apoiado por empres\u00e1rios e muitos economistas neoliberais, t\u00eam insistido no contr\u00e1rio: \u201ch\u00e1 d\u00e9ficit e \u00e9 insustent\u00e1vel\u201d. Eis que chega a hora da verdade: o juiz federal Rolando Valcir Spanholo determinou que o Governo, em 15 dias, explique esse pretenso \u201cd\u00e9ficit\u201d.<\/p>\n<p>Em A\u00e7\u00e3o Civil P\u00fablica, a Federa\u00e7\u00e3o Nacional dos Servidores da Justi\u00e7a Federal e do Minist\u00e9rio P\u00fablico da Uni\u00e3o (Fenajufe) postulou que a Uni\u00e3o Federal comprove os dados que vem divulgando e que embasam a \u201cPEC da Reforma da Previd\u00eancia\u201d. Requereu, ainda, que fosse proibida a propaganda do Governo favor\u00e1vel \u00e0 reforma. E foi atendida.<\/p>\n<p>O juiz Spanholo captou o exato ponto discrepante: o governo n\u00e3o considera no seu c\u00e1lculo as receitas da Contribui\u00e7\u00e3o Social sobre o Lucro L\u00edquido (CSLL) e da Contribui\u00e7\u00e3o Social para o Financiamento da Seguridade Social (COFINS). Duas contribui\u00e7\u00f5es criadas, pelos que os constituintes de 1988, para financiar a Previd\u00eancia Social, a Sa\u00fade e a Assist\u00eancia Social.<\/p>\n<p>Afirma o juiz: \u201cPara o Executivo, na coluna \u201creceitas\u201d somente poderiam figurar os ingressos oriundos de fatos geradores intimamente ligados \u00e0 seara previdenci\u00e1ria (ou seja, basicamente, as contribui\u00e7\u00f5es sociais correspondentes \u00e0s quotas patronais e das quotas inerentes aos respectivos segurados)\u201d.<\/p>\n<p><img decoding=\"async\" class=\"imagem100a\" src=\"https:\/\/ci6.googleusercontent.com\/proxy\/HaF0thqwy1I2w0ZnnFgIGG1Z4GQWLoJpN0_OZznxYK7x6FbYbAGf5ZW4PqHlKzyy5Idxu-S5YrvGtE0uiK_4MEC74x922BrzigRBXQoWapVgDD2NlRJv-ntyjQQFzodH=s0-d-e1-ft#https:\/\/jornalistaslivres.org\/wp-content\/uploads\/2017\/03\/superavit2203.jpg\" alt=\"\" \/><\/p>\n<p>Extra\u00eddo do documento \u201cPrevid\u00eancia: reformar para excluir?\u201d<\/p>\n<p>Ora, considerar como receitas somente as contribui\u00e7\u00f5es dos patr\u00f5es e dos segurados, certamente resulta em d\u00e9ficit. Se, no entanto, s\u00e3o adicionadas as receitas dos impostos criados para financiar a Previd\u00eancia, chega-se a um super\u00e1vit.<\/p>\n<p>A Constitui\u00e7\u00e3o determinou que o financiamento da Seguridade Social fosse feito de forma pelas tr\u00eas partes: empregados, empresas e governo. Al\u00e9m disso, a Constitui\u00e7\u00e3o criou a arrecada\u00e7\u00e3o para o governo colocar a sua parte da Previd\u00eancia. Mas o Governo chama essa parte de \u201cd\u00e9ficit\u201d.<\/p>\n<p>\u201cEm outras palavras: o governo chama de \u201cd\u00e9ficit\u201d a parte cujo aporte \u00e9 dever do Estado no esquema de financiamento tripartite institu\u00eddo pela Constitui\u00e7\u00e3o \u2013 mas que o governo n\u00e3o aporta.\u201d Como assinala o relat\u00f3rio \u201cPrevid\u00eancia: reformar para excluir?\u201d<\/p>\n<p>Spanholo determinou a interrup\u00e7\u00e3o da veicula\u00e7\u00e3o de propaganda da seguinte forma: \u201cNoutras palavras, imp\u00f5e-se, tamb\u00e9m, reconhecer como plaus\u00edvel a necessidade de se fazer cessar a explora\u00e7\u00e3o daquela informa\u00e7\u00e3o aparentemente distorcida (exist\u00eancia de d\u00e9ficit ou desequil\u00edbrio financeiro), no m\u00ednimo, at\u00e9 que a r\u00e9 carreie nos autos a prova cabal de que seu dado estat\u00edstico n\u00e3o \u00e9 estapaf\u00fardio, conforme tantos cr\u00edticos t\u00eam defendido.<\/p>\n<p>Temer e seus aliados est\u00e3o com a palavra.<\/p>\n<p><strong>Notas<\/strong><\/p>\n<p>1 O documento <strong><em>Previd\u00eancia: reformar para excluir<\/em><\/strong>? Contribui\u00e7\u00e3o t\u00e9cnica ao debate sobre a reforma da previd\u00eancia social brasileira, produzido por ANFIP\/DIEESE, est\u00e1 dispon\u00edvel em: <a href=\"http:\/\/plataformapoliticasocial.com.br\/previdencia-reformar-para-excluir-completo\/\" target=\"_blank\">http:\/\/<wbr \/>plataformapoliticasocial.com.<wbr \/>br\/previdencia-reformar-para-<wbr \/>excluir-completo\/<\/a><\/p>\n<p>2 A A\u00e7\u00e3o Civil P\u00fablica, da Federa\u00e7\u00e3o Nacional dos Servidores da Justi\u00e7a Federal e do Minist\u00e9rio P\u00fablico da Uni\u00e3o (Fenajufe), est\u00e1 em: <a href=\"http:\/\/www.fenajufe.org.br\/images\/ACP%20-%20FENAJUFE%20-%20Reforma%20da%20Previc%C3%AAncia.pdf\" target=\"_blank\">http:\/\/www.fenajufe.org.<wbr \/>br\/images\/ACP%20-%20FENAJUFE%<wbr \/>20-%20Reforma%20da%20Previc%<wbr \/>C3%AAncia.pdf<\/a><\/p>\n<p>3 A senten\u00e7a do juiz federal Rolando Valcir Spanholo pode ser encontrada em: <a href=\"http:\/\/www.fenajufe.org.br\/images\/senten%C3%A7a.pdf\" target=\"_blank\">http:\/\/www.fenajufe.org.<wbr \/>br\/images\/senten%C3%A7a.pdf<\/a><\/p>\n<p>https:\/\/jornalistaslivres.org\/<wbr \/>2017\/03\/30383\/<\/p>\n","protected":false},"excerpt":{"rendered":"por Cesar Locatelli H\u00e1 anos, v\u00e1rios especialistas v\u00eam afirmando que o d\u00e9ficit da Previd\u00eancia Social \u00e9 uma pe\u00e7a de fic\u00e7\u00e3o. As receitas superam \n<a class=\"moretag\" href=\"https:\/\/pcb.org.br\/portal2\/13930\"> <\/a>","protected":false},"author":1,"featured_media":0,"comment_status":"closed","ping_status":"closed","sticky":false,"template":"","format":"standard","meta":{"jetpack_post_was_ever_published":false,"_jetpack_newsletter_access":"","_jetpack_dont_email_post_to_subs":true,"_jetpack_newsletter_tier_id":0,"_jetpack_memberships_contains_paywalled_content":false,"_jetpack_memberships_contains_paid_content":false,"footnotes":"","jetpack_publicize_message":"","jetpack_publicize_feature_enabled":true,"jetpack_social_post_already_shared":true,"jetpack_social_options":{"image_generator_settings":{"template":"highway","default_image_id":0,"font":"","enabled":false},"version":2}},"categories":[190],"tags":[],"class_list":["post-13930","post","type-post","status-publish","format-standard","hentry","category-fora-temer"],"jetpack_publicize_connections":[],"jetpack_featured_media_url":"","jetpack_shortlink":"https:\/\/wp.me\/p659gw-3CG","jetpack-related-posts":[],"jetpack_likes_enabled":true,"jetpack_sharing_enabled":true,"_links":{"self":[{"href":"https:\/\/pcb.org.br\/portal2\/wp-json\/wp\/v2\/posts\/13930","targetHints":{"allow":["GET"]}}],"collection":[{"href":"https:\/\/pcb.org.br\/portal2\/wp-json\/wp\/v2\/posts"}],"about":[{"href":"https:\/\/pcb.org.br\/portal2\/wp-json\/wp\/v2\/types\/post"}],"author":[{"embeddable":true,"href":"https:\/\/pcb.org.br\/portal2\/wp-json\/wp\/v2\/users\/1"}],"replies":[{"embeddable":true,"href":"https:\/\/pcb.org.br\/portal2\/wp-json\/wp\/v2\/comments?post=13930"}],"version-history":[{"count":0,"href":"https:\/\/pcb.org.br\/portal2\/wp-json\/wp\/v2\/posts\/13930\/revisions"}],"wp:attachment":[{"href":"https:\/\/pcb.org.br\/portal2\/wp-json\/wp\/v2\/media?parent=13930"}],"wp:term":[{"taxonomy":"category","embeddable":true,"href":"https:\/\/pcb.org.br\/portal2\/wp-json\/wp\/v2\/categories?post=13930"},{"taxonomy":"post_tag","embeddable":true,"href":"https:\/\/pcb.org.br\/portal2\/wp-json\/wp\/v2\/tags?post=13930"}],"curies":[{"name":"wp","href":"https:\/\/api.w.org\/{rel}","templated":true}]}}