{"id":13942,"date":"2017-03-27T20:22:12","date_gmt":"2017-03-27T23:22:12","guid":{"rendered":"https:\/\/pcb.org.br\/portal2\/?p=13942"},"modified":"2017-04-08T16:25:02","modified_gmt":"2017-04-08T19:25:02","slug":"nota-publica-do-mst-sobre-a-operacao-carne-fraca-e-a-corrupcao-no-ministerio-da-agricultura","status":"publish","type":"post","link":"https:\/\/pcb.org.br\/portal2\/13942","title":{"rendered":"NOTA P\u00daBLICA DO MST SOBRE A OPERA\u00c7\u00c3O CARNE FRACA E A CORRUP\u00c7\u00c3O NO MINIST\u00c9RIO DA AGRICULTURA"},"content":{"rendered":"<p><img data-recalc-dims=\"1\" decoding=\"async\" class=\"imagem\" title=\"imagem\" src=\"https:\/\/thmota.files.wordpress.com\/2015\/02\/bandeira-mst.jpg?w=747\" alt=\"imagem\" \/>1. O Movimento dos Trabalhadores Rurais Sem Terra manifesta ao povo brasileiro o seu posicionamento diante das den\u00fancias envolvendo o Agroneg\u00f3cio e o modelo de produ\u00e7\u00e3o agropecu\u00e1rio movidos apenas pela l\u00f3gica do lucro m\u00e1ximo e imediato.<!--more--><\/p>\n<p>A irracional e crescente degrada\u00e7\u00e3o ambiental, a explora\u00e7\u00e3o intensiva de for\u00e7a de trabalho assalariada, a monopoliza\u00e7\u00e3o do territ\u00f3rio e despovoamento do interior do pa\u00eds, al\u00e9m dos crimes contra os povos ind\u00edgenas, quilombolas, pescadores e camponeses, caracterizam o modelo de agroneg\u00f3cio, cujo mercado capitalista impulsiona ou desacelera a produ\u00e7\u00e3o em face da demanda global.<\/p>\n<p>2. A produ\u00e7\u00e3o agropecu\u00e1ria baseada na monocultura extensiva e no uso intensivo de agrot\u00f3xicos, destr\u00f3i a biodiversidade, contamina os solos e as \u00e1guas, alteram as condi\u00e7\u00f5es clim\u00e1ticas e envenenam os alimentos da popula\u00e7\u00e3o brasileira.<\/p>\n<p>Para garantir e ampliar seus privil\u00e9gios, o agroneg\u00f3cio financia as elei\u00e7\u00f5es da bancada dos parlamentares mais reacion\u00e1rios, a \u201cbancada do boi\u201d, respons\u00e1vel pelo retrocesso na legisla\u00e7\u00e3o dos direitos sociais, trabalhistas e de preserva\u00e7\u00e3o ambiental.<\/p>\n<p>3. O golpe em curso no pa\u00eds, resultante de um conluio entre a Pol\u00edcia Federal, Minist\u00e9rio P\u00fablico, Poder Judici\u00e1rio e meios de comunica\u00e7\u00e3o de massa, liderados pela Globo, atenta brutalmente contra os direitos das trabalhadoras e dos trabalhadores, e dos bens naturais, entregando essa riqueza para o mercado e as empresas transnacionais, num forte ataque \u00e0 soberania popular.<\/p>\n<p>4. As den\u00fancias da opera\u00e7\u00e3o da Pol\u00edcia Federal\u00a0 denominada Carne Fraca servem como argumento para reafirmar as contradi\u00e7\u00f5es do Modelo do Agroneg\u00f3cio, principalmente em rela\u00e7\u00e3o \u00e0 sa\u00fade humana e \u00e0 destrui\u00e7\u00e3o ambiental. Defendemos que as empresas envolvidas sejam punidas e responsabilizadas.<\/p>\n<p>5. Denunciamos que, mais uma vez, a conta est\u00e1 sendo paga pelas trabalhadoras e trabalhadores da agroind\u00fastria da carne, expostos \u00e0 precariza\u00e7\u00e3o imposta pelas empresas, e que agora com as den\u00fancias sofrem com as demiss\u00f5es em massa.<\/p>\n<p>6. Denunciamos o conluio entre a m\u00eddia e o governo golpista para escamotear o processo de corrup\u00e7\u00e3o entre as empresas do agroneg\u00f3cio e os fiscais do Minist\u00e9rio da Agricultura (MAPA). Exigimos que que seja investigada a apropria\u00e7\u00e3o privada desse Minist\u00e9rio pelo Agroneg\u00f3cio!<\/p>\n<p>7. Reafirmamos nosso projeto de Reforma Agr\u00e1ria Popular, a produ\u00e7\u00e3o de alimentos saud\u00e1veis, o respeito \u00e0 diversidade dos povos e a defesa dos bens naturais. Combateremos sem tr\u00e9guas o modelo de produ\u00e7\u00e3o do agroneg\u00f3cio e seguimos na defesa de um modelo de desenvolvimento para o campo, baseado na coopera\u00e7\u00e3o agr\u00edcola, agroecologia e na soberania popular.<\/p>\n<p>8. Com a for\u00e7a crescente do apoio popular, seguimos denunciando que o Agroneg\u00f3cio mata, envenena e sequestra o Estado Brasileiro! Nenhum Direito a\u00a0Menos! Fora Temer! Diretas J\u00e1!<\/p>\n<p><strong>Dire\u00e7\u00e3o Nacional do MST<\/strong><\/p>\n","protected":false},"excerpt":{"rendered":"1. O Movimento dos Trabalhadores Rurais Sem Terra manifesta ao povo brasileiro o seu posicionamento diante das den\u00fancias envolvendo o Agroneg\u00f3cio e o \n<a class=\"moretag\" href=\"https:\/\/pcb.org.br\/portal2\/13942\"> <\/a>","protected":false},"author":1,"featured_media":0,"comment_status":"closed","ping_status":"closed","sticky":false,"template":"","format":"standard","meta":{"jetpack_post_was_ever_published":false,"_jetpack_newsletter_access":"","_jetpack_dont_email_post_to_subs":true,"_jetpack_newsletter_tier_id":0,"_jetpack_memberships_contains_paywalled_content":false,"_jetpack_memberships_contains_paid_content":false,"footnotes":"","jetpack_publicize_message":"","jetpack_publicize_feature_enabled":true,"jetpack_social_post_already_shared":true,"jetpack_social_options":{"image_generator_settings":{"template":"highway","default_image_id":0,"font":"","enabled":false},"version":2}},"categories":[190],"tags":[],"class_list":["post-13942","post","type-post","status-publish","format-standard","hentry","category-fora-temer"],"jetpack_publicize_connections":[],"jetpack_featured_media_url":"","jetpack_shortlink":"https:\/\/wp.me\/p659gw-3CS","jetpack-related-posts":[],"jetpack_likes_enabled":true,"jetpack_sharing_enabled":true,"_links":{"self":[{"href":"https:\/\/pcb.org.br\/portal2\/wp-json\/wp\/v2\/posts\/13942","targetHints":{"allow":["GET"]}}],"collection":[{"href":"https:\/\/pcb.org.br\/portal2\/wp-json\/wp\/v2\/posts"}],"about":[{"href":"https:\/\/pcb.org.br\/portal2\/wp-json\/wp\/v2\/types\/post"}],"author":[{"embeddable":true,"href":"https:\/\/pcb.org.br\/portal2\/wp-json\/wp\/v2\/users\/1"}],"replies":[{"embeddable":true,"href":"https:\/\/pcb.org.br\/portal2\/wp-json\/wp\/v2\/comments?post=13942"}],"version-history":[{"count":0,"href":"https:\/\/pcb.org.br\/portal2\/wp-json\/wp\/v2\/posts\/13942\/revisions"}],"wp:attachment":[{"href":"https:\/\/pcb.org.br\/portal2\/wp-json\/wp\/v2\/media?parent=13942"}],"wp:term":[{"taxonomy":"category","embeddable":true,"href":"https:\/\/pcb.org.br\/portal2\/wp-json\/wp\/v2\/categories?post=13942"},{"taxonomy":"post_tag","embeddable":true,"href":"https:\/\/pcb.org.br\/portal2\/wp-json\/wp\/v2\/tags?post=13942"}],"curies":[{"name":"wp","href":"https:\/\/api.w.org\/{rel}","templated":true}]}}