{"id":1399,"date":"2011-04-17T01:33:52","date_gmt":"2011-04-17T01:33:52","guid":{"rendered":"http:\/\/pcb.org.br\/portal2\/?p=1399"},"modified":"2011-04-17T01:33:52","modified_gmt":"2011-04-17T01:33:52","slug":"27-ativistas-de-direitos-humanos-foram-detidos-em-frente-a-casa-branca","status":"publish","type":"post","link":"https:\/\/pcb.org.br\/portal2\/1399","title":{"rendered":"27 ativistas de Direitos Humanos foram detidos em frente \u00e0 Casa Branca"},"content":{"rendered":"\n<p>No domingo, 10 de abril de 2011, centenas de ativistas protestaram em frente \u00e0 Casa Branca, Washington DC, em mem\u00f3ria das milhares de v\u00edtimas da Am\u00e9rica Latina que foram assassinadas pelos treinamento militar que os EUA forneceram a militares latino-americanos na Escola das Am\u00e9ricas.<\/p>\n<p>Em ato p\u00fablico, mulheres ativistas lembravam as M\u00e3es da Pra\u00e7a de Maio, Argentina, usando panos brancos como s\u00edmbolos do que sucedeu na maioria dos povos da Am\u00e9rica Latina. S\u00f3 na Argentina, foram 30 mil pessoas assassinadas pelos militares, muitas das quais est\u00e3o desaparecidas.<\/p>\n<p>Dentre os ativistas detidos neste domingo, figura o padre cat\u00f3lico Roy Bourgeois, que em 1990 fundou o movimento dos Observadores da Escola das Am\u00e9ricas (SOAW em Ingl\u00eas). Roy e mais de duzentos ativistas estadunidenses s\u00e3o presos de consci\u00eancia, com pris\u00f5es que podem variar de 3 meses a v\u00e1rios anos, por protestos o treinamento que \u00e9 realizado pela tamb\u00e9m conhecida como \u201cEscola de Assassinos\u201d.<\/p>\n<p>Anteriormente, em 8 de abril, 25 ativistas foram detidos em outro protesto pac\u00edfico realizado no Pent\u00e1gono contra a militariza\u00e7\u00e3o estadunidense na Am\u00e9rica Latina.<\/p>\n<p align=\"JUSTIFY\">Os detidos deste domingo, 10 de abril, s\u00e3o:<\/p>\n<p>Alice Gerard, Grand Island, New York;<\/p>\n<p>Ann Tiffany, Syracuse, New York;<\/p>\n<p>Becca Polk, Bloomfield Hill, Michigan;<\/p>\n<p>Chris Gaunt, Grinnell, Iowa;<\/p>\n<p>David Barrows, Washington, DC;<\/p>\n<p>David McPhail, Kensington, California;<\/p>\n<p>Ed Kinane, Syracuse, New York;<\/p>\n<p>Eve Tetaz, Washington, DC;<\/p>\n<p>Father Roy Bourgeois, Columbus, Georgia;<\/p>\n<p>Jack Gilroy, Endwell, New York;<\/p>\n<p>Janice Sevre-Duszynska, Nicholasville, Kentucky;<\/p>\n<p>Jim Forfythe, Heyward, California;<\/p>\n<p>Judith Kelly, Arlington, Virginia;<\/p>\n<p>Kathleen Desautels, SP, Chicago, Illinois;<\/p>\n<p>Kevin Moran, Atlanta, Georgia;<\/p>\n<p>Kirsten Wittkowski, Bethesda, Maryland;<\/p>\n<p>Liz Deligio, Chicago, Illinois;<\/p>\n<p>Maia Rodriguez, Arlington, Virginia;<\/p>\n<p>Megan Felt, Des Moines, Iowa;<\/p>\n<p>Nicholas Alexander, Washington, DC;<\/p>\n<p>Nico Udu-gama, Washington, DC;<\/p>\n<p>Paki Wieland, Massachusets;<\/p>\n<p>Palmer Legare, Burlington, Vermont;<\/p>\n<p>Priscilla Treska, Cleveland, Ohio;<\/p>\n<p>Sarah Sommers, Cleveland, Ohio;<\/p>\n<p>Scott Wright, Washington, DC;<\/p>\n<p>Silvia Brandon-Perez, Heyward, California.<\/p>\n<p>Fotos: Helen Jaccard.\u00a0Mais fotos da repress\u00e3o em: <a href=\"https:\/\/picasaweb.google.com\/Helen.Jaccard\/SOAWatchLatinAmericaSolidarityCoalitionMarchRallyArrestsApril102011\">https:\/\/picasaweb.google.com\/Helen.Jaccard\/<\/a><\/p>\n<p>Fonte: <a href=\"http:\/\/www.soawlatina.org\/\">http:\/\/www.soawlatina.org\/<\/a><\/p>\n<p>Nota do tradutor:<\/p>\n<p>1. O jornal panamenho La Prensa a chama de Escola de Assassinos. Leia mais em:\u00a0<a href=\"http:\/\/pt.wikipedia.org\/wiki\/Escola_das_Am\u00e9ricas\">http:\/\/pt.wikipedia.org\/wiki\/Escola_das_Am%C3%A9ricas<\/a><\/p>\n<p>Traduzido por Dario da Silva<\/p>\n","protected":false},"excerpt":{"rendered":"\n\n\nCr\u00e9dito: Helen Jaccard\n\n\n\n\n\n\n\n\nNuma a\u00e7\u00e3o violenta, 27 ativistas de Direitos Humanos foram detidos em frente \u00e0 Casa Branca, Estados Unidos, por exigir o fechamento da Escola das Am\u00e9ricas1 e o fim da interven\u00e7\u00e3o militar dos EUA na Am\u00e9rica Latina.\n<a class=\"moretag\" href=\"https:\/\/pcb.org.br\/portal2\/1399\"> <\/a>","protected":false},"author":1,"featured_media":0,"comment_status":"open","ping_status":"open","sticky":false,"template":"","format":"standard","meta":{"jetpack_post_was_ever_published":false,"_jetpack_newsletter_access":"","_jetpack_dont_email_post_to_subs":false,"_jetpack_newsletter_tier_id":0,"_jetpack_memberships_contains_paywalled_content":false,"_jetpack_memberships_contains_paid_content":false,"footnotes":"","jetpack_publicize_message":"","jetpack_publicize_feature_enabled":true,"jetpack_social_post_already_shared":false,"jetpack_social_options":{"image_generator_settings":{"template":"highway","default_image_id":0,"font":"","enabled":false},"version":2}},"categories":[71],"tags":[],"class_list":["post-1399","post","type-post","status-publish","format-standard","hentry","category-c84-solidariedade"],"jetpack_publicize_connections":[],"jetpack_featured_media_url":"","jetpack_shortlink":"https:\/\/wp.me\/p659gw-mz","jetpack-related-posts":[],"jetpack_likes_enabled":true,"jetpack_sharing_enabled":true,"_links":{"self":[{"href":"https:\/\/pcb.org.br\/portal2\/wp-json\/wp\/v2\/posts\/1399","targetHints":{"allow":["GET"]}}],"collection":[{"href":"https:\/\/pcb.org.br\/portal2\/wp-json\/wp\/v2\/posts"}],"about":[{"href":"https:\/\/pcb.org.br\/portal2\/wp-json\/wp\/v2\/types\/post"}],"author":[{"embeddable":true,"href":"https:\/\/pcb.org.br\/portal2\/wp-json\/wp\/v2\/users\/1"}],"replies":[{"embeddable":true,"href":"https:\/\/pcb.org.br\/portal2\/wp-json\/wp\/v2\/comments?post=1399"}],"version-history":[{"count":0,"href":"https:\/\/pcb.org.br\/portal2\/wp-json\/wp\/v2\/posts\/1399\/revisions"}],"wp:attachment":[{"href":"https:\/\/pcb.org.br\/portal2\/wp-json\/wp\/v2\/media?parent=1399"}],"wp:term":[{"taxonomy":"category","embeddable":true,"href":"https:\/\/pcb.org.br\/portal2\/wp-json\/wp\/v2\/categories?post=1399"},{"taxonomy":"post_tag","embeddable":true,"href":"https:\/\/pcb.org.br\/portal2\/wp-json\/wp\/v2\/tags?post=1399"}],"curies":[{"name":"wp","href":"https:\/\/api.w.org\/{rel}","templated":true}]}}