{"id":140,"date":"2009-11-04T01:44:27","date_gmt":"2009-11-04T04:44:27","guid":{"rendered":"http:\/\/pcb.org.br\/portal2\/?p=140"},"modified":"2017-08-24T23:13:42","modified_gmt":"2017-08-25T02:13:42","slug":"camaradas-do-partido-comunista-brasileiro","status":"publish","type":"post","link":"https:\/\/pcb.org.br\/portal2\/140","title":{"rendered":"Camaradas do Partido Comunista Brasileiro"},"content":{"rendered":"<p><img decoding=\"async\" class=\"imagem\" title=\"imagem\" src=\"https:\/\/i0.wp.com\/pcb.org.br\/portal\/images\/stories\/logoxivcongresso.png\" alt=\"imagem\" \/><!--more--><\/p>\n<p>Sobre Nossa Am\u00e9rica hoje faz o seu v\u00f4o de amea\u00e7a a \u00e1guia da Doutrina Monroe. A instala\u00e7\u00e3o de v\u00e1rias bases militares dos Estados Unidos no territ\u00f3rio da Col\u00f4mbia \u00e9 um ato repulsivo de trai\u00e7\u00e3o do regime direitista de Uribe \u00e0 p\u00e1tria latino americana. Seu objetivo \u00e9 tentar o avan\u00e7o do projeto pol\u00edtico e social do libertador Simon Bolivar e dos patriarcas e her\u00f3is de nossa independ\u00eancia, atrav\u00e9s de instala\u00e7\u00f5es militares e uso da tecnologia.<\/p>\n<p>Trata-se de uma tentativa desesperada de salvar de uma progressiva decomposi\u00e7\u00e3o seu dom\u00ednio continental e assegurar pela for\u00e7a o roubo de nossas riquezas e a explora\u00e7\u00e3o humana.<\/p>\n<p>Unidos seremos fortes e mereceremos respeito; divididos e isolados, pereceremos, \u00e9 a li\u00e7\u00e3o do Libertador, hoje mais vigente do que nunca. \u00c9 hora da unidade dos povos da Am\u00e9rica para defender num s\u00f3 punho nosso direito \u00e0 liberdade, \u00e0 op\u00e7\u00e3o pol\u00edtica pelo socialismo, \u00e0 luta por rela\u00e7\u00f5es sociais que dignifiquem o ser humano.<\/p>\n<p>Por via do Partido Comunista Brasileiro, que realiza seu XIV Congresso, saudamos desde a mem\u00f3ria de Luiz Carlos Prestes, o invenc\u00edvel Cavaleiro da Esperan\u00e7a, aos oper\u00e1rios, aos camponeses, \u00e0s organiza\u00e7\u00f5es pol\u00edticas e sociais do imenso Brasil, aos partidos e movimentos convidados, com a certeza de que encontrem o caminho da unidade que possibilitam a constru\u00e7\u00e3o de uma P\u00e1tria melhor para todos.<\/p>\n<p>Viva o Partido Comunista Brasileiro!<\/p>\n<p>Nenhum Soldado Ianque na Nossa Am\u00e9rica!<\/p>\n<p>Juramos vencer; e venceremos.<\/p>\n<p>Iv\u00e1n M\u00e1rquez<\/p>\n<p>Comiss\u00e3o Internacional das FARC-EP<\/p>\n<p>Montanhas da Col\u00f4mbia, Outubro de 2009<\/p>\n","protected":false},"excerpt":{"rendered":"Desde as Montanhas da Col\u00f4mbia, em nome dos Guerrilheiros das FARC, de seu Estado Maior, saudamos com afeto o XIV Congresso do PCB, abra\u00e7ando seus sonhos com nossos desejos inextingu\u00edveis da P\u00e1tria Grande e do Socialismo.\n<a class=\"moretag\" href=\"https:\/\/pcb.org.br\/portal2\/140\"> <\/a>","protected":false},"author":1,"featured_media":0,"comment_status":"closed","ping_status":"closed","sticky":false,"template":"","format":"standard","meta":{"jetpack_post_was_ever_published":false,"_jetpack_newsletter_access":"","_jetpack_dont_email_post_to_subs":false,"_jetpack_newsletter_tier_id":0,"_jetpack_memberships_contains_paywalled_content":false,"_jetpack_memberships_contains_paid_content":false,"footnotes":"","jetpack_publicize_message":"","jetpack_publicize_feature_enabled":true,"jetpack_social_post_already_shared":false,"jetpack_social_options":{"image_generator_settings":{"template":"highway","default_image_id":0,"font":"","enabled":false},"version":2}},"categories":[29],"tags":[],"class_list":["post-140","post","type-post","status-publish","format-standard","hentry","category-c30-xiv-congresso"],"jetpack_publicize_connections":[],"jetpack_featured_media_url":"","jetpack_shortlink":"https:\/\/wp.me\/p659gw-2g","jetpack-related-posts":[],"jetpack_likes_enabled":true,"jetpack_sharing_enabled":true,"_links":{"self":[{"href":"https:\/\/pcb.org.br\/portal2\/wp-json\/wp\/v2\/posts\/140","targetHints":{"allow":["GET"]}}],"collection":[{"href":"https:\/\/pcb.org.br\/portal2\/wp-json\/wp\/v2\/posts"}],"about":[{"href":"https:\/\/pcb.org.br\/portal2\/wp-json\/wp\/v2\/types\/post"}],"author":[{"embeddable":true,"href":"https:\/\/pcb.org.br\/portal2\/wp-json\/wp\/v2\/users\/1"}],"replies":[{"embeddable":true,"href":"https:\/\/pcb.org.br\/portal2\/wp-json\/wp\/v2\/comments?post=140"}],"version-history":[{"count":0,"href":"https:\/\/pcb.org.br\/portal2\/wp-json\/wp\/v2\/posts\/140\/revisions"}],"wp:attachment":[{"href":"https:\/\/pcb.org.br\/portal2\/wp-json\/wp\/v2\/media?parent=140"}],"wp:term":[{"taxonomy":"category","embeddable":true,"href":"https:\/\/pcb.org.br\/portal2\/wp-json\/wp\/v2\/categories?post=140"},{"taxonomy":"post_tag","embeddable":true,"href":"https:\/\/pcb.org.br\/portal2\/wp-json\/wp\/v2\/tags?post=140"}],"curies":[{"name":"wp","href":"https:\/\/api.w.org\/{rel}","templated":true}]}}