{"id":1404,"date":"2011-04-19T19:52:15","date_gmt":"2011-04-19T19:52:15","guid":{"rendered":"http:\/\/pcb.org.br\/portal2\/?p=1404"},"modified":"2011-04-19T19:52:15","modified_gmt":"2011-04-19T19:52:15","slug":"fsm-realiza-congresso-anticapitalista-e-antiimperialista","status":"publish","type":"post","link":"https:\/\/pcb.org.br\/portal2\/1404","title":{"rendered":"FSM REALIZA CONGRESSO ANTICAPITALISTA E ANTIIMPERIALISTA"},"content":{"rendered":"\n<p>Realizou-se em Atenas, de 6 a 10 de abril, o 16\u00ba Congresso da Federa\u00e7\u00e3o Sindical Mundial (FSM). O congresso contou com a participa\u00e7\u00e3o de 675 delegados efetivos e 225 observadores, vindos dos cinco continentes, representando mais de 80 milh\u00f5es de trabalhadores ligados a centrais, confedera\u00e7\u00f5es e federa\u00e7\u00f5es de diferentes pa\u00edses.<\/p>\n<p>Foi, sem sombra de d\u00favidas, o evento internacional que reuniu a maior representa\u00e7\u00e3o sindical classista dos \u00faltimos tempos. A tese inicial (Pacto de Atenas) foi amplamente debatida durante tr\u00eas dias, por mais de uma centena de oradores de diferentes nacionalidades. O conte\u00fado das interven\u00e7\u00f5es versou sobre a crise mundial do capitalismo, que na busca de sobrevida como modelo econ\u00f4mico, ataca povos, depreda o meio ambiente, precariza a contrata\u00e7\u00e3o da for\u00e7a de trabalho, privatiza servi\u00e7os p\u00fablicos al\u00e9m de destruir as redes de prote\u00e7\u00e3o social nos quatro cantos do mundo.<\/p>\n<p>Por tudo que foi dito, foi aprovado na resolu\u00e7\u00e3o final que, para al\u00e9m da a\u00e7\u00e3o sindical em defesa dos direitos e das necessidades da classe trabalhadora, est\u00e1 na ordem do dia desenvolver-se de forma globalizada uma ofensiva ideol\u00f3gica que desmistifique a economia de mercado, que vem propiciando uma astron\u00f4mica concentra\u00e7\u00e3o mundial de renda de uns poucos bilion\u00e1rios capitalistas enquanto aumenta a mis\u00e9ria, para mais de um bilh\u00e3o seres humanos.<\/p>\n<table border=\"0\" width=\"200\" align=\"left\">\n<tbody>\n<tr>\n<td width=\"170\" bgcolor=\"#f1f1f1\"><img data-recalc-dims=\"1\" decoding=\"async\" src=\"https:\/\/i0.wp.com\/lh6.googleusercontent.com\/_mugKmPIvoYE\/Ta3nG5CtZ8I\/AAAAAAAABOU\/L516lllecSk\/s640\/congresso-2011-fsm-grecia-4.jpg?w=170&#038;ssl=1\" border=\"0\" alt=\"imagem\"  align=\"left\" \/><em>Cr\u00e9dito: <a href=\"..\/\/\" target=\"_blank\">PCB<\/a><\/p>\n<p><\/em>Atividades paralelas ao Congresso<\/td>\n<td><\/td>\n<\/tr>\n<tr>\n<td><\/td>\n<td><\/td>\n<\/tr>\n<\/tbody>\n<\/table>\n<p>Em todo o planeta, trabalhadores do campo e da cidade sofrem com o desemprego, ass\u00e9dio moral, falta de terras. Os sal\u00e1rios pagos s\u00e3o insuficientes para suprir as necessidades m\u00ednimas de uma fam\u00edlia. Enquanto isso os governos a servi\u00e7o do capital, entregam o patrim\u00f4nio p\u00fablico e destinam bilh\u00f5es para salvar industriais, banqueiros e latifundi\u00e1rios n\u00e3o s\u00f3 na Comunidade Europ\u00e9ia, mas em todos os continentes.<\/p>\n<p>A quest\u00e3o das lutas no Oriente M\u00e9dio e as guerras no Afeganist\u00e3o, Iraque e L\u00edbia foram muito discutidas. Todos foram un\u00e2nimes na defesa das lutas pela democracia dentro da perspectiva da autodetermina\u00e7\u00e3o dos povos. No caso da Guerra da L\u00edbia, a interven\u00e7\u00e3o da OTAN capitaneada pelos Estados Unidos, foi denunciada como sendo uma a\u00e7\u00e3o que, ao contr\u00e1rio do que vem sendo anunciado pela m\u00eddia capitalista mundial, nada tem de a\u00e7\u00e3o humanit\u00e1ria, tratando-se, a exemplo do Iraque, de uma tentativa mascarada de manter sobre o controle das transnacionais, a explora\u00e7\u00e3o das reservas de petr\u00f3leo daquele pa\u00eds. Na vis\u00e3o de muitos oradores, o movimento de oposi\u00e7\u00e3o ao regime comandado pelo coronel Kadafi come\u00e7ou a ser orquestrada de fora depois do l\u00edder l\u00edbio ter anunciado a possibilidade da n\u00e3o renova\u00e7\u00e3o dos contratos de explora\u00e7\u00e3o por parte das empresas estrangeiras. Por fim, todas as guerras imperialistas foram vistas como uma necessidade do capital subjugar na\u00e7\u00f5es mantendo sob seu controle riquezas naturais e sob regime de explora\u00e7\u00e3o os trabalhadores.<\/p>\n<p>Durante o transcorrer do evento aconteceram diversas a\u00e7\u00f5es paralelas: como o encontro de mulheres (representavam 40% das delegadas); por setor de produ\u00e7\u00e3o; por continentes; entre outras. A delega\u00e7\u00e3o do continente americano discutiu sobre a necessidade da cria\u00e7\u00e3o de novas se\u00e7\u00f5es da FSM na Am\u00e9rica. Houve tamb\u00e9m um chamado para o encontro sindical continental (ENCUENTRO SINDICAL NUESTRA AM\u00c9RICA) a ser realizado em agosto na Nicar\u00e1gua. V\u00e1rios encontros bilaterais tamb\u00e9m ocorreram. Os Camaradas da Unidade Classista-Intersindical, na condi\u00e7\u00e3o de observadores, mantiveram contatos bilaterais com representantes de outras delega\u00e7\u00f5es.<\/p>\n<table border=\"0\" width=\"200\" align=\"right\">\n<tbody>\n<tr>\n<td><\/td>\n<td width=\"170\" bgcolor=\"#f1f1f1\"><img data-recalc-dims=\"1\" decoding=\"async\" src=\"https:\/\/i0.wp.com\/lh4.googleusercontent.com\/_mugKmPIvoYE\/Ta3nKhgYHqI\/AAAAAAAABOg\/tG8NGMPRt4s\/s640\/congresso-2011-fsm-grecia-7.jpg?w=170&#038;ssl=1\" border=\"0\" alt=\"imagem\"  align=\"left\" \/><em>Cr\u00e9dito: <a href=\"..\/\/\" target=\"_blank\">PCB<\/a><\/p>\n<p><\/em>Na Foto: Marta Bar\u00e7ante, dirigente sindical e dirigente do PCB com Mavrikos, eleito Secret\u00e1rio Geral da FSM<\/td>\n<\/tr>\n<tr>\n<td><\/td>\n<td><\/td>\n<\/tr>\n<\/tbody>\n<\/table>\n<p>O camarada Sidney Moura, Secret\u00e1rio Sindical (PCB) e a camarada Marta Bar\u00e7ante, ambos da Coordena\u00e7\u00e3o da Unidade Classista (PCB) e da INTERSINDICAL, estiveram presentes ao evento, na condi\u00e7\u00e3o de observadores, j\u00e1 que a Intersindical n\u00e3o \u00e9 filiada \u00e0 FSM. Durante o congresso foram feitos diversos contatos, com destaque para a bilateral com dirigente do PAME. Na oportunidade o Secret\u00e1rio Sindical do PCB prop\u00f4s um interc\u00e2mbio para troca de experi\u00eancias entre sindicalistas gregos e brasileiros, com o objetivo de trocar experi\u00eancias e aprofundar rela\u00e7\u00f5es internacionalistas entre trabalhadores.<\/p>\n<table border=\"0\" width=\"200\" align=\"left\">\n<tbody>\n<tr>\n<td width=\"170\" bgcolor=\"#f1f1f1\"><img data-recalc-dims=\"1\" decoding=\"async\" src=\"https:\/\/i0.wp.com\/lh5.googleusercontent.com\/_mugKmPIvoYE\/Ta3nF5XU62I\/AAAAAAAABOQ\/0JYJDgthtKk\/congresso-2011-fsm-grecia-3.jpg?w=170&#038;ssl=1\" border=\"0\" alt=\"imagem\"  align=\"left\" \/><em>Cr\u00e9dito: <a href=\"..\/\/\" target=\"_blank\">PCB<\/a><\/p>\n<p><\/em>Na foto: Sidney com Christos Katsotis, Secret\u00e1rio Sindical do Partido Comunista Grego e da Dire\u00e7\u00e3o do PAME<\/td>\n<td><\/td>\n<\/tr>\n<tr>\n<td><\/td>\n<td><\/td>\n<\/tr>\n<\/tbody>\n<\/table>\n<p>Duas atividades importantes aconteceram durante o congresso. Uma das maiores e mais ativa central sindical classista do mundo, O PAME (Gr\u00e9cia) recepcionou os congressista na sede do Partido Comunista Grego (KKE).<\/p>\n<p>A outra foi a homenagem feito pelo PAME a Simon Bol\u00edvar, que contou com a participa\u00e7\u00e3o de representantes de pa\u00edses da Am\u00e9rica Latina.<\/p>\n<p>O congresso transcorreu num clima fraterno e democr\u00e1tico. As diverg\u00eancias foram resolvidas atrav\u00e9s votos abertos e \u00e0s vezes secretos.<\/p>\n<p>O Camarada grego Mavrikos foi reeleito secret\u00e1rio geral da FSM e dever\u00e1 coordenar as a\u00e7\u00f5es de enfrentamento entre capital e trabalho nesta pr\u00f3xima gest\u00e3o.<\/p>\n","protected":false},"excerpt":{"rendered":"\n\n\nCr\u00e9dito: PCB\n\n\n\n\n\n\n\n\nGr\u00e9cia\n<a class=\"moretag\" href=\"https:\/\/pcb.org.br\/portal2\/1404\"> <\/a>","protected":false},"author":1,"featured_media":0,"comment_status":"open","ping_status":"open","sticky":false,"template":"","format":"standard","meta":{"jetpack_post_was_ever_published":false,"_jetpack_newsletter_access":"","_jetpack_dont_email_post_to_subs":false,"_jetpack_newsletter_tier_id":0,"_jetpack_memberships_contains_paywalled_content":false,"_jetpack_memberships_contains_paid_content":false,"footnotes":"","jetpack_publicize_message":"","jetpack_publicize_feature_enabled":true,"jetpack_social_post_already_shared":false,"jetpack_social_options":{"image_generator_settings":{"template":"highway","default_image_id":0,"font":"","enabled":false},"version":2}},"categories":[24],"tags":[],"class_list":["post-1404","post","type-post","status-publish","format-standard","hentry","category-c28-intersindical"],"jetpack_publicize_connections":[],"jetpack_featured_media_url":"","jetpack_shortlink":"https:\/\/wp.me\/p659gw-mE","jetpack-related-posts":[],"jetpack_likes_enabled":true,"jetpack_sharing_enabled":true,"_links":{"self":[{"href":"https:\/\/pcb.org.br\/portal2\/wp-json\/wp\/v2\/posts\/1404","targetHints":{"allow":["GET"]}}],"collection":[{"href":"https:\/\/pcb.org.br\/portal2\/wp-json\/wp\/v2\/posts"}],"about":[{"href":"https:\/\/pcb.org.br\/portal2\/wp-json\/wp\/v2\/types\/post"}],"author":[{"embeddable":true,"href":"https:\/\/pcb.org.br\/portal2\/wp-json\/wp\/v2\/users\/1"}],"replies":[{"embeddable":true,"href":"https:\/\/pcb.org.br\/portal2\/wp-json\/wp\/v2\/comments?post=1404"}],"version-history":[{"count":0,"href":"https:\/\/pcb.org.br\/portal2\/wp-json\/wp\/v2\/posts\/1404\/revisions"}],"wp:attachment":[{"href":"https:\/\/pcb.org.br\/portal2\/wp-json\/wp\/v2\/media?parent=1404"}],"wp:term":[{"taxonomy":"category","embeddable":true,"href":"https:\/\/pcb.org.br\/portal2\/wp-json\/wp\/v2\/categories?post=1404"},{"taxonomy":"post_tag","embeddable":true,"href":"https:\/\/pcb.org.br\/portal2\/wp-json\/wp\/v2\/tags?post=1404"}],"curies":[{"name":"wp","href":"https:\/\/api.w.org\/{rel}","templated":true}]}}