{"id":14065,"date":"2017-04-09T16:26:00","date_gmt":"2017-04-09T19:26:00","guid":{"rendered":"https:\/\/pcb.org.br\/portal2\/?p=14065"},"modified":"2017-04-25T18:22:10","modified_gmt":"2017-04-25T21:22:10","slug":"greve-geral-na-argentina","status":"publish","type":"post","link":"https:\/\/pcb.org.br\/portal2\/14065","title":{"rendered":"GREVE GERAL NA ARGENTINA"},"content":{"rendered":"<p><img data-recalc-dims=\"1\" decoding=\"async\" class=\"imagem\" title=\"imagem\" src=\"https:\/\/i0.wp.com\/www.resumenlatinoamericano.org\/wp-content\/uploads\/2017\/04\/21-e1491598140481.jpg?w=747\" alt=\"imagem\" \/><strong>Resumen Latinoamericano \u2013 <\/strong>Uma nova se\u00e7\u00e3o informativa das lutas sindicais e sociais do povo argentino contra as medidas neoliberais do governo de Mauricio Macri.<!--more--><\/p>\n<p>Com informa\u00e7\u00e3o pr\u00f3pria e do Mundo Gremial, Info Gremial, Noticias Gremiales, Gremiales del Sur, Corriente Sindical Federal.<\/p>\n<p>Convidamos \u00e0queles que quiserem informar sobre demiss\u00f5es, greves, ocupa\u00e7\u00f5es, mobiliza\u00e7\u00f5es e conflitos sindicais diversos, que nos enviem seus boletins e comunicados para <a href=\"mailto:resumenrebel@gmail.com\" target=\"_blank\">resumenrebel@gmail.com<\/a><\/p>\n<p>Por LAUTARO FERNANDEZ ELEM<\/p>\n<p>A greve geral de atividades foi sentida fortemente em todo o pa\u00eds. Convocada pela CGT e com a ades\u00e3o de todas as centrais de trabalhadores, a aceita\u00e7\u00e3o foi quase total. As ruas com um escasso movimento deram conta disso. A medida de for\u00e7a reclamada h\u00e1 muito tempo pelas bases sindicais organizadas e tamb\u00e9m por diferentes setores afetados pela pol\u00edtica econ\u00f4mica do macrismo, se estendeu por todo o pa\u00eds e, diferentemente do que assinalou o Ministro Triaca e repetido por muitos meios concentrados, se massificou pela \u201corganiza\u00e7\u00e3o, disciplina e solidariedade\u201d dos trabalhadores e n\u00e3o pela deten\u00e7\u00e3o do transporte p\u00fablico.<\/p>\n<p>\u00c0s 15 horas come\u00e7ou a coletiva de imprensa do Conselho Diretivo da CGT. Na presen\u00e7a das v\u00e1rias refer\u00eancias sindicais, Juan Carlos Schmid, H\u00e9ctor Daer e Carlos Acu\u00f1a avaliaram a medida de for\u00e7a desenvolvida durante a jornada, as causas e os passos a serem seguidos ap\u00f3s 06 de abril. O confronto por parte do Governo nacional cresce e os trabalhadores n\u00e3o retrocedem na investida que j\u00e1 dura mais de um ano e recrudesce com as acusa\u00e7\u00f5es e amea\u00e7as por parte do presidente da Na\u00e7\u00e3o e do ministro de Trabalho, Jorge Triaca aos dirigentes sindicais.<\/p>\n<p>Juan Carlos Schmid come\u00e7ou assinalando: \u201c\u00c9 importante assinalar a contund\u00eancia, a organiza\u00e7\u00e3o e a disciplina na jornada de hoje, al\u00e9m de destacar a participa\u00e7\u00e3o de PeMEs [Pequenas e M\u00e9dias Empresas], trabalhadores informais, e todos aqueles que n\u00e3o est\u00e3o sindicalizados, que sofrem a agress\u00e3o deste modelo\u201d e, entre outras coisas, assinalou respondendo ao presidente que \u201cse visam as m\u00e1fias na Argentina, que agem na especula\u00e7\u00e3o financeira\u201d. Por outra parte, a lideran\u00e7a dos Transportes indicou que a medida foi acordada previamente pelos diferentes \u00e2mbitos org\u00e2nicos da Confedera\u00e7\u00e3o com reuni\u00f5es no interior do pa\u00eds, que legitimaram e deram for\u00e7a \u00e0 medida.<\/p>\n<p>A CGT defendeu sua jornada de luta exigindo a mudan\u00e7a do rumo econ\u00f4mico. A virul\u00eancia das declara\u00e7\u00f5es e a\u00e7\u00f5es do poder executivo v\u00e3o crescendo e a resposta se torna mais dura. Os secret\u00e1rios gerais anunciaram que a centra est\u00e1 disposta ao di\u00e1logo, por\u00e9m que devem ser respeitados os acordos e devem se tomadas medidas para restabelecer tanto o poder aquisitivo, como os empregos e as condi\u00e7\u00f5es trabalhistas perdidas durante o \u00faltimo ano.<\/p>\n<p>\u201cA greve \u00e9 contundente. Hoje escutamos alguns que estavam contentes porque estavam trabalhando. No entanto, n\u00f3s estamos tristes porque existem milh\u00f5es que continuam sem trabalho\u201d, assinalou Daer, que ante a consulta acerca da rela\u00e7\u00e3o entre a forte aceita\u00e7\u00e3o e a ades\u00e3o dos transportes, respondeu que \u201cse n\u00e3o se trabalhou em uma ind\u00fastria, em um com\u00e9rcio, em uma f\u00e1brica, n\u00e3o se entende a consci\u00eancia sindical dos trabalhadores que hoje tiveram uma atitude solid\u00e1ria e coletiva. Ficaram apenas com a imagem da Panamericana. A greve \u00e9 em todo o pa\u00eds\u201d. Em resposta \u00e0 iniciativa da carteira de trabalho regular com maior firmeza as organiza\u00e7\u00f5es sindicais quanto ao contingente feminino e ao eleitoral, comentou: \u201cse o governo acredita que o problema \u00e9 o voto eletr\u00f4nico, come\u00e7amos mal o di\u00e1logo\u201d.<\/p>\n<p>No sal\u00e3o Felipe Vallese de Azopardo 802, o triunvirato destacou em v\u00e1rias oportunidades as causas e reivindica\u00e7\u00f5es que levaram \u00e0 suspens\u00e3o das tarefas. \u201cNo ano passado, nos falavam de 24% e, finalmente, a infla\u00e7\u00e3o superou os 40%, enquanto os sindicatos acordavam entre uns 30 e 35%. No congresso se deu passagem positiva para a Lei Antidemiss\u00f5es e, depois, o presidente a votou. Tampouco se respeitou o di\u00e1logo, os empres\u00e1rios n\u00e3o cumpriram com o acordo de frear as demiss\u00f5es. A greve de hoje re\u00fane tudo isso. T\u00eam que escutar o que o povo diz\u201d, destacou Carlos Acu\u00f1a. \u201cO governo disse que esta greve faz com que perdessem 15 bilh\u00f5es de pesos. Ningu\u00e9m faz as contas de quanto perderam os trabalhadores no ano passado. Entre 8 e 10% de perda do poder aquisitivo, representa uma cifra muit\u00edssimo maior que a apresentada\u201d.<\/p>\n<p>Na sexta-feira, o conselho diretivo da central se reunir\u00e1 para avaliar a jornada e definir\u00e1 a convocat\u00f3ria ou n\u00e3o, para a pr\u00f3xima semana, para um Comit\u00ea Central Confederal como solicitou h\u00e1 semanas a Corriente Federal, que prop\u00f5e e avalia as a\u00e7\u00f5es que empreender\u00e1 daqui em diante, refor\u00e7ando a \u00faltima decis\u00e3o e \u00e0 espera da jogada do governo. No dia 06 de abril, deixou alto o poder de barganha da CGT e j\u00e1 n\u00e3o \u00e9 poss\u00edvel baixar dali.<\/p>\n<p><strong>A primeira greve geral convocada pela CGT contra as pol\u00edticas do macrismo foi sentida muito forte<\/strong><\/p>\n<p>O dia em que o pa\u00eds parou contra Macri<\/p>\n<p>A CGT considerou que a medida foi contundente e reclamou di\u00e1logo e mudan\u00e7as das pol\u00edticas econ\u00f4micas de Macri. O Governo colocou em a\u00e7\u00e3o o protocolo antipiquetes na Panamericana, onde ocorreu repress\u00e3o e feridos.<\/p>\n<p><img alt=\"Los integrantes de la CGT dieron dos conferencias de prensa para analizar la marcha de la medida de fuerza.\" \/><br \/>\nOs integrantes da CGT fizeram duas coletivas de imprensa para analisar a marcha da medida de for\u00e7a. (Imagem: T\u00e9lam)<\/p>\n<p>Haviam transcorrido 15 horas desde o come\u00e7o da greve geral quando o dirigente da CGT, H\u00e9ctor Daer, qualificou a jornada como \u201ccontundente\u201d e reclamou di\u00e1logo, por\u00e9m tamb\u00e9m uma mudan\u00e7a nas pol\u00edticas econ\u00f4micas do presidente Mauricio Macri. Um pouco antes, as duas CTA, a de Hugo Yasky e a de Pablo Micheli, coincidiram na an\u00e1lise, por\u00e9m se animaram a calcular que a aceita\u00e7\u00e3o foi de uns 90%. O Governo, no entanto, n\u00e3o s\u00f3 minimizou a reivindica\u00e7\u00e3o, como tamb\u00e9m reprimiu com dureza os piquetes organizados pelos partidos de esquerda, especialmente na Panamericana, onde ocorreram feridos e detidos.<\/p>\n<p>Contidos e sem refletir alegria pelo \u00eaxito da medida de for\u00e7a, os tr\u00eas membros da condu\u00e7\u00e3o da CGT, H\u00e9ctor Daer (Sa\u00fade), Juan Carlos Schmid (Dragagem) e Carlos Acu\u00f1a (Esta\u00e7\u00f5es de Servi\u00e7o), se prepararam para avaliar a medida de for\u00e7a no hist\u00f3rico sal\u00e3o Felipe Vallese. Daer n\u00e3o s\u00f3 qualificou a jornada como \u201ccontundente\u201d, como chamou o Governo para escutar a reivindica\u00e7\u00e3o que exige \u201ca retifica\u00e7\u00e3o das pol\u00edticas econ\u00f4micas e sociais\u201d. O dirigente cegetista n\u00e3o evitou a ironia na frase lan\u00e7ada por Macri, horas antes, na inaugura\u00e7\u00e3o do mini Davos portenho: \u201cBem-vindos a todos. Que bom que todos estejam aqui\u201d, disse o presidente. Daer respondeu com um lac\u00f4nico \u201ctodavia, estamos tristes porque existem milh\u00f5es de compatriotas nossos que n\u00e3o t\u00eam trabalho\u201d.<\/p>\n<p>Por sua vez, Acu\u00f1a se concentrou na hist\u00f3ria da greve, que incluiu a logo vetada Lei Antidemiss\u00f5es, a Ata de Novembro, assinada entre o governo e as centrais empresariais para evitar perdas de postos de trabalho, e o b\u00f4nus de 2.000 pesos (\u201cOs empres\u00e1rios n\u00e3o cumpriram, por\u00e9m o governo n\u00e3o se ocupou em garantir que fosse cumprido\u201d), a mobiliza\u00e7\u00e3o de 07 de mar\u00e7o e agora a greve, para concluir que \u201co presidente tem a responsabilidade de escutar o povo, a alta aceita\u00e7\u00e3o \u00e9 para que escute e n\u00f3s estamos dispostos a acompanhar, para melhorar vida dos argentinos e n\u00e3o de uns poucos\u201d.<\/p>\n<p>Schmid se preocupou em descartar a tese desestabilizadora do governo macrista. \u201cN\u00e3o estamos promovendo nenhum inc\u00eandio social, n\u00e3o est\u00e1 no \u00e2nimo dos homens e mulheres terminar o mandato de ningu\u00e9m\u201d. Logo, afirmou que a CGT tem \u201cvoca\u00e7\u00e3o de defender o governo eleito, por\u00e9m isso n\u00e3o significa resigna\u00e7\u00e3o. N\u00e3o confundam nossa prud\u00eancia com a leni\u00eancia e a espantosa aus\u00eancia de encontrar solu\u00e7\u00f5es para os problemas do pa\u00eds\u201d. N\u00e3o se esqueceu da acusa\u00e7\u00e3o presidencial sobre a exist\u00eancia de m\u00e1fias nos sindicatos e, por isso, disse que \u201cse existe m\u00e1fia neste pa\u00eds, que sejam buscadas na especula\u00e7\u00e3o financeira. \u00c9 ali onde v\u00e3o encontrar mais de um mafioso\u201d.<\/p>\n<p>Quando os jornalistas quiseram saber sobre a inexist\u00eancia, segundo afirmou o pr\u00f3prio Presidente, de um plano B no governo, Daer tomou o microfone e assinalou que \u201cn\u00e3o somos n\u00f3s que temos que empreender um plano alternativo. N\u00e3o governamos, por\u00e9m, sim, somos v\u00edtimas de pol\u00edticas que n\u00e3o trazem consequ\u00eancias favor\u00e1veis para a maioria da sociedade\u201d.<\/p>\n<p>A greve nacional, que come\u00e7ou \u00e0 meia-noite de quarta-feira, foi sentida com for\u00e7a em todo o pa\u00eds e por sua magnitude surpreendeu os pr\u00f3prios organizadores. A ades\u00e3o dos sindicatos de transporte foi estrat\u00e9gica, por\u00e9m tamb\u00e9m resultou importante o respaldo de organiza\u00e7\u00f5es empresariais e das PeMES [Pequenas e M\u00e9dias Empresas], que colaboraram junto aos sindicatos para emudecer e esvaziar as zonas comerciais de cada cidade. Apesar do esfor\u00e7o exercido pelo governo, como a libera\u00e7\u00e3o de passagens e o livre estacionamento na cidade de Buenos Aires, n\u00e3o conseguiu responder a efetividade da medida de for\u00e7a.<\/p>\n<p>A CGT realizou duas coletivas de imprensa. Quando ocorreu a primeira a\u00e7\u00e3o da Gendarmeria, sob a condu\u00e7\u00e3o do secret\u00e1rio de Seguran\u00e7a, Eugenio Burzaco, j\u00e1 havia ordem de repress\u00e3o aos piquetes organizados pelos partidos e sindicatos de esquerda. N\u00e3o existiu piedade com os manifestantes. Os cassetetes, a \u00e1gua e o g\u00e1s de pimenta foram distribu\u00eddos sem distin\u00e7\u00e3o. A repress\u00e3o deixou feridos e detidos.<\/p>\n<p>Durante a primeira coletiva de imprensa, o caminhoneiro Pablo Moyano, disse confiar na rea\u00e7\u00e3o do governo e na convoca\u00e7\u00e3o de uma mesa de di\u00e1logo, por\u00e9m advertiu: \u201cN\u00e3o como ocorreu antes, onde s\u00f3 era para a foto, onde assinavam atas que depois n\u00e3o se cumpriram. Se isso n\u00e3o ocorrer, existir\u00e3o medidas mais contundentes porque at\u00e9 agora as medidas do governo n\u00e3o foram a favor dos trabalhadores. Creio que est\u00e1 claro que o governo beneficia um pequeno setor\u201d. Inclusive, prognosticou que os investimentos que a Casa Rosada anuncia n\u00e3o vir\u00e3o, por\u00e9m n\u00e3o por culpa da greve, \u201cmas pelas pol\u00edticas do governo que baixam a produ\u00e7\u00e3o pela abertura das importa\u00e7\u00f5es e provocam a queda do sal\u00e1rio. Isso afugenta os investimentos\u201d.<\/p>\n<p>As duas CTA se reuniram na sede que t\u00eam no bairro portenho de Monserrat, onde coincidiram em qualificar a medida como \u201cuma jornada hist\u00f3rica\u201d. Yasky disse que \u201cexiste um pa\u00eds que plebiscitou, com a ades\u00e3o \u00e0 greve, as pol\u00edticas de ajuste do governo de Macri, que disse basta de colocar teto \u00e0s parit\u00e1rias, de aumentos salariais abaixo da infla\u00e7\u00e3o e \u00e0s numerosas demiss\u00f5es\u201d. Micheli, no entanto, afirmou que \u201cos trabalhadores deram uma resposta contundente frente ao aprofundamento das pol\u00edticas econ\u00f4micas de ajuste deste governo e o \u00fanico lugar que teve zero aceita\u00e7\u00e3o \u00e0 greve foi o \u2018mini Davos\u2019 de Macri\u201d.<\/p>\n<p>A resposta do Governo \u00e0 greve nacional, que incluiu a decis\u00e3o jur\u00eddica que o obriga a convocar a parit\u00e1ria nacional docente, foi a provocativa ironia presidencial, a repress\u00e3o aos piquetes e uma serie de declara\u00e7\u00f5es dos principais funcion\u00e1rios do governo. O chefe de Gabinete, Marcos Pe\u00f1a, se limitou a dizer que a aus\u00eancia de transporte p\u00fablico impediu \u201cos que acompanham a mudan\u00e7a\u201d de irem trabalhar. Por sua parte, o ministro do Trabalho, Jorge Triaca, disse que a greve \u201cfoi desnecess\u00e1ria e inoportuna\u201d e se animou a dizer que em v\u00e1rias prov\u00edncias a greve n\u00e3o afetou a vida cotidiana. No entanto, os informes que chegaram do restante do pa\u00eds contradizem o funcion\u00e1rio. Por acaso, em Jujuy, um dos distritos que com m\u00e3o de ferro controla Cambiemos atrav\u00e9s do radical Gerardo Morales, a greve teve uma alta aceita\u00e7\u00e3o, assim como em C\u00f3rdoba, Tucum\u00e1n, Santiago del Estero, Santa Fe, Chubut, Misiones e La Rioja, entre outras.<\/p>\n<p><strong>Com\u00e9rcio informou alta aceita\u00e7\u00e3o \u00e0 greve na zona oeste da regi\u00e3o urbana<\/strong><\/p>\n<p>O sindicato tamb\u00e9m denunciou o Carrefour por press\u00f5es a trabalhadores.<\/p>\n<p>Greve no setor do com\u00e9rcio. Foto: Easy de Moreno<\/p>\n<p>O <strong>Sindicato de Empregados e Trabalhadores do Com\u00e9rcio e Afins da Zona Oeste (SEOCA<\/strong>, sigla em espanhol<strong>) <\/strong>informou que foi \u201ccontundente\u201d a ades\u00e3o \u00e0 greve nacional em grandes com\u00e9rcios dos seis distritos, onde tem inger\u00eancia o sindicato que conduz <strong>Julio Rub\u00e9n Ledesma<\/strong>. No entanto, se realizou uma den\u00fancia \u00e0 empresa Carrefour porque n\u00e3o respeitaram o direito \u00e0 greve.<\/p>\n<p>Integrantes da comiss\u00e3o diretora e delegados do SEOCA realizaram uma caminhada pelos diferentes centros comerciais, cadeias de hipermercados, supermercados e atacadistas para conhecer o impacto da medida, que qualificam \u201ccomo exitosa porque existe uma alta aceita\u00e7\u00e3o em <strong>La Matanza, Mor\u00f3n, Ituzaing\u00f3, Merlo, Moreno<\/strong> e<strong> Marcos Paz<\/strong>\u201d.<\/p>\n<p>No entanto, os empregados do Carrefour est\u00e3o sofrendo press\u00f5es por parte do patronato com o envio de gernarmeria, a pol\u00edcia e um escrevente. \u201c<strong>Realizamos uma den\u00fancia formal ao Carrefour<\/strong> por todas as press\u00f5es que est\u00e1 implantando contra os trabalhadores, porque n\u00e3o respeita o direito \u00e0 greve, coisa que n\u00e3o existe com as outras empresas da zona\u201d, disse a secret\u00e1ria sindical Ana L\u00eda Vaz.<\/p>\n<p>O SEOCA se somou \u00e0 greve nacional em protesto \u00e0 pol\u00edtica social e econ\u00f4mica em marcha, em defesa das fontes trabalhistas, a produ\u00e7\u00e3o nacional e por parit\u00e1rias livres.<\/p>\n<p><strong>Chubut: A CGT Ubaldini converteu a greve nacional em jornada solid\u00e1ria<\/strong><\/p>\n<p>Os trabalhadores ajudaram os vizinhos que perderam tudo por conta do temporal que assolou a localidade de Comodoro Rivadavia, em Chubut.<\/p>\n<p>A <strong>CGT de Chubut \u201cSa\u00fal Ubaldini\u201d<\/strong>, conduzida por <strong>Gustavo Fita<\/strong>, converteu a jornada de greve nacional em uma jornada de solidariedade para ajudar os vizinhos da regi\u00e3o a reconstruir a cidade de Comorodo Rivadavia, afetada pelas chuvas e transbordamento do cerro.<\/p>\n<p>Fita, titular da CGT, comunicou ontem que a central que comanda n\u00e3o ia aderir \u00e0 greve nacional disposta pelas associa\u00e7\u00f5es gremiais e sindicais do pa\u00eds para trabalhar \u2013 \u201cmais que nunca\u201d \u2013 para ajudar \u00e0 popula\u00e7\u00e3o de Comodoro ap\u00f3s o temporal que derrubou mais de 2.000 casas e colocou em emerg\u00eancia toda a regi\u00e3o.<\/p>\n<p>O dirigente sindical destacou que <strong>os trabalhadores acompanharam os cidad\u00e3os que perderam tudo <\/strong>e, por este motivo, o conjunto da CGT nacional e a \u201cSa\u00fal Ubaldini\u201d n\u00e3o aderiram \u00e0 greve por considerar que a situa\u00e7\u00e3o atravessada por Comodoro Rivadavia, faz com sejam postergados outros interesses setoriais, ainda que louv\u00e1veis, para acudir em ajuda do povo nesta conjuntura t\u00e3o grave.<\/p>\n<p>O Prefeito de Comodoro Rivadavia,<strong> Carlos Linares<\/strong>, agradeceu publicamente os dirigentes da CGT, a atitude colaborativa e solid\u00e1ria que t\u00eam com o povo de Comodoro; ainda assim, Fita disse que do lugar que ocupam v\u00e3o continuar lutando para que se terminem as demiss\u00f5es. \u201cPor\u00e9m, nesta oportunidade \u2013 manifestou \u2013 vamos acompanhar o Prefeito da cidade na reconstru\u00e7\u00e3o de Comodoro\u201d, concluiu.<\/p>\n<p><strong>O SiPreBA repudia junto a ARGRA as agress\u00f5es a dois cinegrafistas<\/strong><\/p>\n<p><img width=\"565\" height=\"612\" border=\"0\" \/><\/p>\n<p>\u201cARGRA repudia agress\u00f5es a cinegrafistas<\/p>\n<p>(ARGRA \u2013 quinta-feira, 06 de abril de 2017) Durante a Greve geral de hoje, em meio \u00e0s coberturas jornal\u00edsticas que se desenvolveram em distintos pontos da cidade, dois companheiros cinegrafistas foram agredidos. Um deles foi privado de sua liberdade.<\/p>\n<p>Maxi Failla, cinegrafista do di\u00e1rio Clar\u00edn, foi agredido fisicamente na ponte de La Noria por um bando. O bando, al\u00e9m de atac\u00e1-lo covardemente, tomou-lhe os cart\u00f5es de mem\u00f3ria onde se encontravam as fotos que Maxi tirou at\u00e9 esse momento.<\/p>\n<p>\u201cHoje estive trabalhando no corte na zona da ponte de La Noria. Cheguei em torno das 6:45 e j\u00e1 havia um grupo de 4 a 10 pessoas cortando. Quando comecei a fazer as fotos de cima de uma caminhonete da Pol\u00edcia, 4 pessoas me cercaram e disseram que n\u00e3o fizesse fotos. Expliquei que estava fazendo fotos gerais, sem primeiros planos e come\u00e7aram a me rodear e a bater na c\u00e2mera. Consegui descer e continuaram os empurr\u00f5es, at\u00e9 que conseguiram me tirar a c\u00e2mera e come\u00e7aram a me bater. Tentei me defender, me separei e pedi que me devolvessem a c\u00e2mera. Pensei que j\u00e1 tinham roubado, por\u00e9m, n\u00e3o por sorte, convenci um e me devolveram. No entanto, sem os 2 cart\u00f5es de mem\u00f3ria que tinha dentro. Tenho o nariz um pouco inchado, embaixo do olho machucado e dor no pesco\u00e7o. Tive que ir aos empurr\u00f5es, peguei o retorno e voltei a fazer as fotos.\u201d<\/p>\n<p>Daniel Lara, cinegrafista e estudante da ARGRA escola, foi ilegal e ilegitimamente detido durante a cobertura do corte de rota que ocorria na Panamericana e rota 197.<\/p>\n<p>Ambos os casos se enquadram em uma clara submiss\u00e3o do trabalho jornal\u00edstico e da liberdade de express\u00e3o. Repudiamos os fatos descritos e exigimos das autoridades competentes o esclarecimento dos mesmos.<\/p>\n<p>Comiss\u00e3o Diretora ARGRA\u201d<\/p>\n<p><strong>Justi\u00e7a ordena o governo a convocar a parit\u00e1ria nacional docente<\/strong><\/p>\n<p>Por parte do Executivo, j\u00e1 disseram que apelar\u00e3o da decis\u00e3o judicial. Os sindicatos do setor realizam outra greve em todo o pa\u00eds.<\/p>\n<p>Bullrich recebeu sindicatos docentes<\/p>\n<p>O tribunal de primeira inst\u00e2ncia do Trabalho N\u00b0 58 aceitou um mandado de seguran\u00e7a apresentado pela <strong>Uni\u00e3o de Docentes Argentinos (UDA)<\/strong>, conduzida por <strong>Sergio Romero<\/strong>, e ordenou ao minist\u00e9rio do Trabalho da Na\u00e7\u00e3o para que no prazo de cinco dias convoque uma negocia\u00e7\u00e3o a n\u00edvel nacional com os sindicatos docentes.<\/p>\n<p>O texto defende que a lei de educa\u00e7\u00e3o nacional ordena que o Governo implante o planejamento or\u00e7ament\u00e1rio para cumprir com o objetivo da educa\u00e7\u00e3o p\u00fablica. Da parte do minist\u00e9rio de Educa\u00e7\u00e3o, adiantaram que <strong>a<\/strong> <strong>decis\u00e3o ser\u00e1 apelada e esperam que seja posta em suspenso a medida<\/strong>, informou El Cronista.<\/p>\n<p>Segundo fontes oficiais, tanto o ministro do Trabalho, <strong>Jorge Triaca<\/strong>, como o da Educa\u00e7\u00e3o, Esteban Bullrich, preparam uma apela\u00e7\u00e3o da decis\u00e3o. Deste modo, v\u00e3o de encontro com a pol\u00edtica implantada pelo macrismo diante das negocia\u00e7\u00f5es salariais, onde prefere que cada sindicato negocie provincialmente.<\/p>\n<p>\u00c0 margem da exig\u00eancia de aumento salarial que supere o n\u00edvel da cesta b\u00e1sica familiar, os sindicatos docentes do pa\u00eds, desde o princ\u00edpio do conflito, demandam do governo a convocat\u00f3ria de uma parit\u00e1ria nacional. <strong>\u201cSentimos muita alegria e satisfa\u00e7\u00e3o\u201d<\/strong>, indicou o titular da UDA em di\u00e1logo com Todo Noticias.<\/p>\n<p>O sindicalista docente afirmou que s\u00f3 pedem que \u201cse cumpra a lei\u201d. De sua parte, <strong>Esteban Bullrich<\/strong>, considerou, mais tarde em comunica\u00e7\u00e3o com TN, que \u201ca decis\u00e3o tem animosidade\u201d, porque o argumento da decis\u00e3o \u201cn\u00e3o se comprova\u201d. No entanto, adiantou que o Governo ir\u00e1 apelar.<\/p>\n<p><strong>\u201cH\u00e1 vinte prov\u00edncias que n\u00e3o fecharam parit\u00e1rias\u201d, assegurou Baradel<\/strong><\/p>\n<p>O dirigente da CTERA disse que na maioria das prov\u00edncias do pa\u00eds continua o conflito docente, e no \u00e2mbito bonaerense, reclamou a Vidal que cumpra as decis\u00f5es jur\u00eddicas.<\/p>\n<p>Roberto Baradel<\/p>\n<p>O titular do sindicato docente bonaerense e refer\u00eancia da CTERA, <strong>Roberto Baradel<\/strong>, afirmou que est\u00e1 disposto a gerar um \u201cimpasse\u201d na greve de professores se a governadora bonaerense, <strong>Mar\u00eda Eugenia Vidal<\/strong>, cumprir as decis\u00f5es judiciais em favor dos professores.<\/p>\n<p>O l\u00edder docente falou depois da decis\u00e3o do tribunal do f\u00f3rum trabalhista, que nesta quinta-feira ordenou o Governo a convocar a parit\u00e1ria nacional docente dentro de cinco dias, e afirmou que \u201cfica claro que os docentes tinham raz\u00e3o\u201d. E tra\u00e7ou um panorama da situa\u00e7\u00e3o docente em todo o pa\u00eds: <strong>\u201cExistem vinte prov\u00edncias que n\u00e3o fecharam parit\u00e1rias\u201d<\/strong>, disse.<\/p>\n<p>\u201cSe Vidal est\u00e1 disposta a cumprir com as decis\u00f5es, estamos dispostos a fazer um impasse, estamos em condi\u00e7\u00f5es de canalizar este conflito\u201d, disse Baradel. E assegurou que os docentes n\u00e3o est\u00e3o em guerra com o Governo, mas que querem \u201cum sal\u00e1rio digno\u201d. Ao mesmo tempo, <strong>reafirmou que \u201cn\u00e3o ser\u00e3o repostos os dias de aula\u201d perdidos pelas greves<\/strong>.<\/p>\n<p>Consultado sobre a decis\u00e3o do Governo de instar as organiza\u00e7\u00f5es sindicais a ter maior transpar\u00eancia na elei\u00e7\u00e3o de autoridades, o sindicalista disse que est\u00e1 de acordo com o Governo em refer\u00eancia a que \u201cexista democracia sindical\u201d. Baradel afirmou: \u201cSe aprovaram os balan\u00e7os. <strong>Em nosso sindicato sempre existiu democracia sindical\u201d<\/strong>.<\/p>\n<p>Em di\u00e1logo com C5N, Baradel apontou finalmente contra o ministro do Trabalho, <strong>Jorge Triaca<\/strong>: \u201cCom a trajet\u00f3ria que ele e sua fam\u00edlia t\u00eam, teria que revisar quando fala de burocracia sindical\u201d.<\/p>\n<p><strong>Pedreiros, sobre o plano de habita\u00e7\u00f5es: \u201cQue n\u00e3o seja outra promessa n\u00e3o cumprida\u201d<\/strong><\/p>\n<p>O sindicato dos Pedreiros opinou sobre o acordo federal para a constru\u00e7\u00e3o e disse que \u201cembora seja um passo adiante, de nenhuma maneira \u00e9 uma solu\u00e7\u00e3o definitiva\u201d.<\/p>\n<p>Luis C\u00e1ceres, l\u00edder da UOLRA<\/p>\n<p>O secret\u00e1rio geral da Uni\u00e3o Oper\u00e1ria de Pedreiros da Rep\u00fablica Argentina (UOLRA, sigla em espanhol), <strong>Luis C\u00e1ceres<\/strong>, se referiu ao plano anunciado pelo Governo de Mauricio Macri, que permitir\u00e1 construir 100 mil habita\u00e7\u00f5es e gerar\u00e1 igual n\u00famero de postos de trabalho, e pediu \u201cque n\u00e3o seja outra promessa n\u00e3o cumprida\u201d.<\/p>\n<p>\u201cO plano anunciado ontem pelo Governo \u00e9, em princ\u00edpio, uma medida muito esperada em um setor muito castigado como o da constru\u00e7\u00e3o. <strong>Embora seja um passo adiante, de nenhuma maneira \u00e9 uma solu\u00e7\u00e3o definitiva<\/strong>\u201d, afirmou C\u00e1ceres em rela\u00e7\u00e3o \u00e0 medida.<\/p>\n<p>O plano prev\u00ea um investimento privado de $150.000 milh\u00f5es, <strong>busca somar 100.000 novos trabalhadores <\/strong>e tem como finalidade gerar uma redu\u00e7\u00e3o de 10% no pre\u00e7o dos im\u00f3veis familiares que se construam este ano. \u201cEsperamos que n\u00e3o seja outra promessa n\u00e3o cumprida\u201d, sentenciou.<\/p>\n<p>No entanto, a constru\u00e7\u00e3o atravessa um mau momento. Em fevereiro \u2013 segundo dados do Indec \u2013 caiu 3,4% com rela\u00e7\u00e3o h\u00e1 um ano. Al\u00e9m disso, a expans\u00e3o da obra p\u00fablica n\u00e3o alcan\u00e7a para reviver a economia. Por sua parte, a atividade privada \u2013 75% do total do setor \u2013 n\u00e3o pode decolar.<\/p>\n<p>Cabe esclarecer tamb\u00e9m que, nesta regi\u00e3o (sempre segundo cifras oficiais) <strong>se perderam em 2016 cerca de 60.000 postos<\/strong> apesar de existir um leve aumento nos \u00faltimos meses. A respeito, o dirigente disse que \u201ca situa\u00e7\u00e3o atual \u00e9 realmente cr\u00edtica. O setor da constru\u00e7\u00e3o sofre as consequ\u00eancias dos equ\u00edvocos pol\u00edticos que ocorreram no atual governo, principalmente no \u00faltimo ano\u201d.<\/p>\n<p>Assim, voltou a referir-se \u00e0 greve nacional da pr\u00f3xima quinta-feira ao defender que \u201cos trabalhadores v\u00e3o manifestar-se para que aqueles que conduzem o pa\u00eds os escutem. S\u00f3 pedimos o que acreditamos que \u00e9 justo e isso s\u00e3o condi\u00e7\u00f5es mais dignas para os trabalhadores\u201d.<\/p>\n<p><strong>A corrente de mulheres sindicalistas repudiou a tentativa \u201cintervencionista\u201d de Tricas nos sindicatos<\/strong><\/p>\n<p><strong>Ap\u00f3s a normativa publicada pelo Minist\u00e9rio do Trabalho para estabelecer normas \u00e0s comiss\u00f5es diretoras dos sindicatos, a Corrente de Mulheres Sindicalistas repudiou a tentativa \u201cintervencionista\u201d da carteira de trabalho.<\/strong><\/p>\n<p>A Corrente de Mulheres Sindicalistas, vertente ligada \u00e0 Corrente Federal dos Trabalhadores, saiu a questionar as tentativas do Minist\u00e9rio do Trabalho de ter inger\u00eancia sobre as organiza\u00e7\u00f5es sindicais.<\/p>\n<p>\u201cAnte os diversos ataques ao Movimento Oper\u00e1rio Organizado\u201d, o agrupamento condenou \u201cuma clara inten\u00e7\u00e3o intervencionista aos sindicatos atrav\u00e9s da verifica\u00e7\u00e3o do efetivo cumprimento da cota feminina (entre outras quest\u00f5es)\u201d.<\/p>\n<p>As dirigentes, referenciadas na figura de Vanesa Siley, Secret\u00e1ria Geral do SiTraJu, denunciaram \u201ctoda tentativa de persegui\u00e7\u00e3o e interven\u00e7\u00e3o do Poder Executivo e dos patr\u00f5es nas organiza\u00e7\u00f5es sindicais\u201d.<\/p>\n<p>Al\u00e9m disso, expressaram que lutam pela \u201cincorpora\u00e7\u00e3o das mulheres \u00e0 milit\u00e2ncia sindical e aos cargos representativos com o firme convencimento de que, assim, fortalecemos o Movimento Oper\u00e1rio para lutar por uma sociedade mais justa e igualit\u00e1ria\u201d.<\/p>\n<p>Por \u00faltimo, defenderam que n\u00e3o permitir\u00e3o que utilizem suas vozes, demandas e direitos para destruir os sindicatos; e ratificaram que \u201co Governo de CEOs e os patr\u00f5es, que destroem empregos e cerceia direitos\u201d sempre as ter\u00e3o enfrentando.<\/p>\n<p><strong>Distantes da pauta oficial, Aeronavegantes acordou 38,5% com a empresa Andes<\/strong><\/p>\n<p><strong>Destro\u00e7ando o teto salarial do oficialismo, o sindicato dos Aeronavegantes acordou um aumento salarial de 38,5% em tr\u00eas parcelas com a Aerol\u00edneas Andes.<\/strong><\/p>\n<p>A Associa\u00e7\u00e3o Argentina de Aeronavegantes, conduzida pelo moyanista Juan Pablo Brey, anunciou um acordo parit\u00e1rio com a empresa Andes que prev\u00e9 uma recomposi\u00e7\u00e3o de 38,5% retroativa a janeiro passado, al\u00e9m da incorpora\u00e7\u00e3o do pagamento de \u201choras garantidas\u201d, capacita\u00e7\u00e3o, atendimento ao cliente e de uma bonifica\u00e7\u00e3o por produ\u00e7\u00e3o.<\/p>\n<p>\u201cEsta \u00e9 uma reivindica\u00e7\u00e3o salarial muito importante para nosso sindicato, n\u00e3o s\u00f3 porque permite recuperar o sal\u00e1rio perdido pela infla\u00e7\u00e3o, mas tamb\u00e9m pela recupera\u00e7\u00e3o do piso de horas garantidas, que permitir\u00e1 o pagamento de 10 horas voo para os cargos de chefe de cabine e auxiliar de bordo: isto \u00e9, $1.400 y $1.050 respectivamente\u201d, disse Brey, que tamb\u00e9m \u00e9 secret\u00e1rio de imprensa da Confedera\u00e7\u00e3o Argentina de Trabalhadores do Transporte (CATT) e secret\u00e1rio de Juventude e Prote\u00e7\u00e3o da Inf\u00e2ncia da CGT.<\/p>\n<p>O aumento salarial de 38,5% ser\u00e1 pago de forma escalonada em tr\u00eas cotas: a primeira de 22% desde 1\u00b0 de janeiro, a segunda de 9% a cobrar-se com o sal\u00e1rio de julho, e a \u00faltima de 4,5% a abonar-se a partir do m\u00eas de dezembro.<\/p>\n<p>Da mesma forma, incluir\u00e1 um pagamento por capacita\u00e7\u00e3o e atendimento ao cliente, que ser\u00e1 de \u201c4.500 pesos para o cargo de Chefe de Cabine e 4.000 para o cargo de auxiliar, de pagamento \u00fanico e extraordin\u00e1rio a perceber em abril de 2017\u201d; e uma bonifica\u00e7\u00e3o por produ\u00e7\u00e3o, de \u201c7.202 pesos para o cargo de Chefe de Cabine e 5.673 para o cargo de auxiliar de bordo\u201d, a pagar-se com o sal\u00e1rio de outubro pr\u00f3ximo.<\/p>\n<p>Por \u00faltimo, se acordou a recomposi\u00e7\u00e3o de vi\u00e1ticos, cujas somas ser\u00e3o de \u201c500 pesos para atividade de voos regulares, n\u00e3o regular, nacional, regional e internacional sem pernoite\u201d, e de \u201c95 d\u00f3lares por dia em pernoites internacionais\u201d.<\/p>\n<p>Andes L\u00edneas A\u00e9reas S.A. \u00e9 uma sociedade an\u00f4nima que se constituiu e foi inscrita em 2004 com o objetivo social de ser uma linha a\u00e9rea para desenvolver atividades no pa\u00eds e no exterior com aeronaves de grande porte nos mercados regulares e n\u00e3o regulares (voos charter) de passageiros e carga.<\/p>\n<p><strong>Detectam 73% de emprego informal nas fazendas de Salta<\/strong><\/p>\n<p>Uma serie de operativos realizados por agentes da AFIP em Salta, detectaram que 73% dos trabalhadores de uma serraria e duas fazendas n\u00e3o estavam registrados, e realizavam tarefas em condi\u00e7\u00f5es prec\u00e1rias de seguran\u00e7a e higiene.<\/p>\n<p>\u201cA Administra\u00e7\u00e3o Federal de Receita P\u00fablica (AFIP, sigla em espanhol), atrav\u00e9s da Dire\u00e7\u00e3o Geral dos Recursos da Seguridade Social, detectou 73% de trabalhadores ilegais, que realizavam suas tarefas em p\u00e9ssimas condi\u00e7\u00f5es de seguran\u00e7a e higiene, em operativos levados a cabo em uma serraria e duas fazendas rurais da prov\u00edncia de Salta\u201d, difundiu o organismo em um comunicado.<\/p>\n<p>Os operativos se realizaram em uma serraria e duas fazendas, onde levaram 127 trabalhadores, dos quais 93 n\u00e3o estavam registrados e, tampouco, tinham cobertura social alguma.<\/p>\n<p>Nas fazendas dedicadas ao cultivo de hortali\u00e7as e tomates, pr\u00f3ximas \u00e0 localidade de Pichanal, identificaram 84 pessoas que \u201ctrabalhavam em condi\u00e7\u00f5es de extrema precariedade, todas elas sem registro\u201d.<\/p>\n<p>No entanto, na serraria localizada na cidade de Or\u00e1n \u201c100% dos trabalhadores ali presentes, um total de nove pessoas, n\u00e3o tinham sido declaradas por seu empregador\u201d.<\/p>\n<p><strong>Grupo da UTA atacou com arma de fogo motoristas da linha ESTE<\/strong><\/p>\n<p>Os motoristas da linha ESTE denunciam e repudiam a grav\u00edssima atitude perseguidora e intimidadora da condu\u00e7\u00e3o da UTA La Plata para conosco, que chegou ao limite de terem disparado com uma arma de fogo na tarde ontem contra nos.<\/p>\n<p>Encontr\u00e1vamo-nos na casa de um companheiro na localidade de Berisso mantendo uma reuni\u00e3o do agrupamento El Bondi, quando nos inteiramos que uma pessoa (Maturi Hugo Vicente, motorista da Linha 202) estava tirando fotos da placa de todos os nossos carros. Quando sa\u00edmos e nos aproximamos dessa pessoa, pudemos ver que essas imagens estavam sendo enviadas ao diretor da UTA La Plata, Rub\u00e9n Landa. Em seguida, outra pessoa se aproximou em um Renault Clio cinza (placa MOM144), sacou uma arma e efetuou dois disparos contra n\u00f3s, e ambos foram embora nesse carro.<\/p>\n<p>O agressor armado \u00e9 Rub\u00e9n Oscar Sisterna, motorista da 202 e parte do grupo de Oscar Pedroza, Secret\u00e1rio Geral da UTA La Plata. Felizmente, j\u00e1 se encontra detido.<\/p>\n<p>Responsabilizamos a condu\u00e7\u00e3o da UTA La Plata, o Prefeito Julio Garro e o Minist\u00e9rio do Trabalho da Prov\u00edncia ante qualquer agress\u00e3o deste tipo contra a nossa integridade f\u00edsica. Isto \u00e9 produto de um conflito n\u00e3o resolvido, que j\u00e1 conta com in\u00fameros demitidos, dezenas de motoristas precarizados, e uma aus\u00eancia total de democracia sindical.<\/p>\n<p>Chamamos a todos os motoristas, trabalhadores, os sindicatos e organiza\u00e7\u00f5es pol\u00edticas e de direitos humanos a repudiar a a\u00e7\u00e3o da condu\u00e7\u00e3o da UTA, pedimos castigo aos respons\u00e1veis por esta terr\u00edvel agress\u00e3o, e chamamos os funcion\u00e1rios do Estado a assumirem a situa\u00e7\u00e3o.<\/p>\n<p>Fonte: <a href=\"http:\/\/www.resumenlatinoamericano.org\/2017\/04\/07\/argentina-resumen-gremial-paro-general-contundente-medida-de-fuerza-el-gremio-de-comercio-informo-alto-acatamiento-al-paro-en-la-zona-oeste-del-conurbano-chubut-la-cgt-ubaldini-convirtio-el\/\" target=\"_blank\">http:\/\/www.<wbr \/>resumenlatinoamericano.org\/<wbr \/>2017\/04\/07\/argentina-resumen-<wbr \/>gremial-paro-general-<wbr \/>contundente-medida-de-fuerza-<wbr \/>el-gremio-de-comercio-informo-<wbr \/>alto-acatamiento-al-paro-en-<wbr \/>la-zona-oeste-del-conurbano-<wbr \/>chubut-la-cgt-ubaldini-<wbr \/>convirtio-el\/<\/a><\/p>\n<p>Tradu\u00e7\u00e3o: Partido Comunista Brasileiro (PCB)<\/p>\n","protected":false},"excerpt":{"rendered":"Resumen Latinoamericano \u2013 Uma nova se\u00e7\u00e3o informativa das lutas sindicais e sociais do povo argentino contra as medidas neoliberais do governo de Mauricio \n<a class=\"moretag\" href=\"https:\/\/pcb.org.br\/portal2\/14065\"> <\/a>","protected":false},"author":1,"featured_media":0,"comment_status":"closed","ping_status":"closed","sticky":false,"template":"","format":"standard","meta":{"jetpack_post_was_ever_published":false,"_jetpack_newsletter_access":"","_jetpack_dont_email_post_to_subs":true,"_jetpack_newsletter_tier_id":0,"_jetpack_memberships_contains_paywalled_content":false,"_jetpack_memberships_contains_paid_content":false,"footnotes":"","jetpack_publicize_message":"","jetpack_publicize_feature_enabled":true,"jetpack_social_post_already_shared":true,"jetpack_social_options":{"image_generator_settings":{"template":"highway","default_image_id":0,"font":"","enabled":false},"version":2}},"categories":[57],"tags":[],"class_list":["post-14065","post","type-post","status-publish","format-standard","hentry","category-c68-argentina"],"jetpack_publicize_connections":[],"jetpack_featured_media_url":"","jetpack_shortlink":"https:\/\/wp.me\/p659gw-3ER","jetpack-related-posts":[],"jetpack_likes_enabled":true,"jetpack_sharing_enabled":true,"_links":{"self":[{"href":"https:\/\/pcb.org.br\/portal2\/wp-json\/wp\/v2\/posts\/14065","targetHints":{"allow":["GET"]}}],"collection":[{"href":"https:\/\/pcb.org.br\/portal2\/wp-json\/wp\/v2\/posts"}],"about":[{"href":"https:\/\/pcb.org.br\/portal2\/wp-json\/wp\/v2\/types\/post"}],"author":[{"embeddable":true,"href":"https:\/\/pcb.org.br\/portal2\/wp-json\/wp\/v2\/users\/1"}],"replies":[{"embeddable":true,"href":"https:\/\/pcb.org.br\/portal2\/wp-json\/wp\/v2\/comments?post=14065"}],"version-history":[{"count":0,"href":"https:\/\/pcb.org.br\/portal2\/wp-json\/wp\/v2\/posts\/14065\/revisions"}],"wp:attachment":[{"href":"https:\/\/pcb.org.br\/portal2\/wp-json\/wp\/v2\/media?parent=14065"}],"wp:term":[{"taxonomy":"category","embeddable":true,"href":"https:\/\/pcb.org.br\/portal2\/wp-json\/wp\/v2\/categories?post=14065"},{"taxonomy":"post_tag","embeddable":true,"href":"https:\/\/pcb.org.br\/portal2\/wp-json\/wp\/v2\/tags?post=14065"}],"curies":[{"name":"wp","href":"https:\/\/api.w.org\/{rel}","templated":true}]}}